{"id":28875,"date":"2019-07-23T23:17:57","date_gmt":"2019-07-23T20:17:57","guid":{"rendered":"https:\/\/emlaktuel.com\/?p=28875"},"modified":"2019-07-23T23:17:57","modified_gmt":"2019-07-23T20:17:57","slug":"turkiye-cumhuriyet-merkez-bankasi-faizde-indirim-sinyali-verdi","status":"publish","type":"post","link":"https:\/\/emlaktuel.com\/?p=28875","title":{"rendered":"T\u00fcrkiye Cumhuriyet Merkez Bankas\u0131, faizde indirim sinyali verdi"},"content":{"rendered":"<div class=\"hz_top_post\">\n<div class=\"hz_title_and_meta\">\n<div class=\"hz_title\">\n<h4>T\u00fcm T\u00fcrkiye 25 Temmuz 2019\u2019da\u00a0T\u00fcrkiye\u00a0Cumhuriyet Merkez Bankas\u0131&#8217;n\u0131n a\u00e7\u0131klayaca\u011f\u0131 faiz karar\u0131na kilitlenmi\u015f durumda. Her kesimin genel beklentisi faizde b\u00fcy\u00fck bir indirim yap\u0131lmas\u0131.<\/h4>\n<\/div>\n<\/div>\n<\/div>\n<div class=\"hz_main_post_content\">\n<div class=\"big_post_content\">\n<div>\n<p>T\u00fcrkiye\u00a0Cumhuriyet Merkez Bankas\u0131 (TCMB) Para Politikalar\u0131 Kurulu (PPK) bu y\u0131l\u0131n 5&#8217;inci faiz karar\u0131n\u0131 25 Temmuz 2019 Per\u015fembe g\u00fcn\u00fc duyuracak. \u00dclke piyasas\u0131 o g\u00fcn a\u00e7\u0131klanacak olan karar\u0131 dikkatle beklerken, bir\u00e7ok kesimin \u00f6ng\u00f6r\u00fcleri de s\u0131ralanmaya ba\u015fland\u0131. Ekonomi uzmanlar\u0131 \u00f6zellikle Murat Uysal&#8217;\u0131n T\u00fcrkiye Cumhuriyet Merkez Bankas\u0131 ba\u015fkanl\u0131\u011f\u0131 g\u00f6revine getirilmesi ile faizde y\u00fczde 6-7 oran\u0131nda bir indirim olaca\u011f\u0131 g\u00f6r\u00fc\u015f\u00fcnde.<\/p>\n<h2>\u201cFaizlere ciddi bir indirim gelecek\u201d<\/h2>\n<p>25 Temmuz 2019 Per\u015fembe g\u00fcn\u00fc kritik karar \u00f6ncesi g\u00f6r\u00fc\u015f belirten Ekonomist Faruk \u015een, \u201cMerkez Bankas\u0131 ba\u015fkan\u0131n\u0131n de\u011fi\u015fimi sonras\u0131nda yeni ba\u015fkan\u0131n a\u00e7\u0131klamalar\u0131na g\u00f6re faizlerde ciddi bir oranda indirim gelecek. Faiz oran\u0131nda beklenen ise y\u00fczde 6-7, daha fazla olabilir \u015fa\u015fmamak laz\u0131m. H\u00fck\u00fcmet\u00a0faiz indirimiyle piyasan\u0131n daha canlanaca\u011f\u0131n\u0131 d\u00fc\u015f\u00fcnerek hareket ediyor\u201d \u015feklinde konu\u015ftu.<\/p>\n<h2>Faizde indirim gelirse ne olur?<\/h2>\n<p>Faruk \u015een, faizlerde indirilm gelmesiyle d\u00f6vizde bir y\u00fckseli\u015f olabilece\u011fini belirterek, \u201cMevduat hesaplar\u0131na verilen faiz oran\u0131nda y\u00fczde 6-7 d\u00fc\u015f\u00fc\u015f olmas\u0131 durumunda dola\u015f\u0131ma \u00e7\u0131kacak olan paralar\u0131n 3 se\u00e7ene\u011fi olacak. Bu para otomotiv, konut ve beyaz e\u015fyaya y\u00f6nelecek, g\u0131da maddelerinde bayram \u00f6ncesinde bir rahatlama gelecek, son olarak ise faizlerin inmesiyle zarar edece\u011fini d\u00fc\u015f\u00fcnen ki\u015filer d\u00f6vize para yat\u0131racaklar\u201d ifadesini kulland\u0131.<\/p>\n<h2>\u201cBayram t\u00fcketimine y\u00f6nelik harcamalarda art\u0131\u015f olacak\u201d<\/h2>\n<p>Faiz indrirmi olmas\u0131nda borsaya \u00e7ok etki olmayaca\u011f\u0131n\u0131 s\u00f6yleyen \u015een, \u201cBunun en b\u00fcy\u00fck nedenii ise T\u00fcrkiye&#8217;de borsada d\u00f6nen paran\u0131n b\u00fcy\u00fck bir k\u0131sm\u0131 yabanc\u0131 sermaye, bu nedenle faiz indirimi\u00a0T\u00fcrkiye&#8217;de yeni bir t\u00fcketim harcamas\u0131 getirmeyecek, d\u00f6vize ka\u00e7\u0131\u015f olacak.<\/p>\n<p>TL&#8217;ye eri\u015fim daha kolay olacak. Elinde TL olanlar paralar\u0131n\u0131 nereye yat\u0131racaklar? Faiz d\u00fc\u015ferse bankalara olan talep azalacak, d\u00f6vize olan ilgi daha da artacak. Bayram \u00f6ncesi faizlerin d\u00fc\u015f\u00fcr\u00fclmesinde bayram t\u00fcketimine y\u00f6nelik harcamalar artacak ama o da A\u011fustos&#8217;un ortalar\u0131na kadar s\u00fcrecek. Bu s\u00fcre\u00e7ten sonra d\u00f6vizlerin artaca\u011f\u0131n\u0131 g\u00f6rece\u011fiz\u201d \u015feklinde konu\u015ftu.<\/p>\n<\/div>\n<div><\/div>\n<\/div>\n<\/div>\n","protected":false},"excerpt":{"rendered":"<p>T\u00fcm T\u00fcrkiye 25 Temmuz 2019\u2019da\u00a0T\u00fcrkiye\u00a0Cumhuriyet Merkez Bankas\u0131&#8217;n\u0131n a\u00e7\u0131klayaca\u011f\u0131 faiz karar\u0131na kilitlenmi\u015f durumda. Her kesimin genel beklentisi faizde b\u00fcy\u00fck bir indirim yap\u0131lmas\u0131. T\u00fcrkiye\u00a0Cumhuriyet Merkez Bankas\u0131 (TCMB) Para Politikalar\u0131 Kurulu (PPK) bu y\u0131l\u0131n 5&#8217;inci faiz karar\u0131n\u0131 25 Temmuz 2019 Per\u015fembe g\u00fcn\u00fc duyuracak. \u00dclke piyasas\u0131 o g\u00fcn a\u00e7\u0131klanacak olan karar\u0131 dikkatle beklerken, bir\u00e7ok kesimin \u00f6ng\u00f6r\u00fcleri de s\u0131ralanmaya ba\u015fland\u0131. [&hellip;]<\/p>\n","protected":false},"author":1,"featured_media":3300,"comment_status":"open","ping_status":"open","sticky":false,"template":"","format":"standard","meta":{"ngg_post_thumbnail":0},"categories":[5388],"tags":[278,1729,2434,2227,276],"_links":{"self":[{"href":"https:\/\/emlaktuel.com\/index.php?rest_route=\/wp\/v2\/posts\/28875"}],"collection":[{"href":"https:\/\/emlaktuel.com\/index.php?rest_route=\/wp\/v2\/posts"}],"about":[{"href":"https:\/\/emlaktuel.com\/index.php?rest_route=\/wp\/v2\/types\/post"}],"author":[{"embeddable":true,"href":"https:\/\/emlaktuel.com\/index.php?rest_route=\/wp\/v2\/users\/1"}],"replies":[{"embeddable":true,"href":"https:\/\/emlaktuel.com\/index.php?rest_route=%2Fwp%2Fv2%2Fcomments&post=28875"}],"version-history":[{"count":1,"href":"https:\/\/emlaktuel.com\/index.php?rest_route=\/wp\/v2\/posts\/28875\/revisions"}],"predecessor-version":[{"id":28876,"href":"https:\/\/emlaktuel.com\/index.php?rest_route=\/wp\/v2\/posts\/28875\/revisions\/28876"}],"wp:featuredmedia":[{"embeddable":true,"href":"https:\/\/emlaktuel.com\/index.php?rest_route=\/wp\/v2\/media\/3300"}],"wp:attachment":[{"href":"https:\/\/emlaktuel.com\/index.php?rest_route=%2Fwp%2Fv2%2Fmedia&parent=28875"}],"wp:term":[{"taxonomy":"category","embeddable":true,"href":"https:\/\/emlaktuel.com\/index.php?rest_route=%2Fwp%2Fv2%2Fcategories&post=28875"},{"taxonomy":"post_tag","embeddable":true,"href":"https:\/\/emlaktuel.com\/index.php?rest_route=%2Fwp%2Fv2%2Ftags&post=28875"}],"curies":[{"name":"wp","href":"https:\/\/api.w.org\/{rel}","templated":true}]}}