{"id":28777,"date":"2019-07-16T11:58:50","date_gmt":"2019-07-16T08:58:50","guid":{"rendered":"https:\/\/emlaktuel.com\/?p=28777"},"modified":"2019-07-16T11:59:39","modified_gmt":"2019-07-16T08:59:39","slug":"meydan-ardiclida-ilk-etap-teslimler-eylul-ayinda-basliyor","status":"publish","type":"post","link":"https:\/\/emlaktuel.com\/?p=28777","title":{"rendered":"Meydan Ard\u0131\u00e7l\u0131&#8217;da ilk etap teslimler, eyl\u00fcl ay\u0131nda ba\u015fl\u0131yor"},"content":{"rendered":"<p>\u00d6zyurtlar ve Baha\u015f Holding tecr\u00fcbesiyle gelen\u201cYeni Ya\u015fam Dalgas\u0131\u201dnda in\u015faat \u00e7al\u0131\u015fmalar\u0131 h\u0131zland\u0131! \u00d6zyurtlar Holding ve Baha\u015f Holding\u2019in gayrimenkul ve in\u015faat sekt\u00f6r\u00fcndeki g\u00fc\u00e7lerini birle\u015ftirerek, Esenyurt Do\u011fan Arasl\u0131 Bulvar\u0131 \u00fczerinde in\u015fa ettikleri &#8216;Meydan Ard\u0131\u00e7l\u0131&#8217; projesinin ilk etab\u0131 tamamlan\u0131yor. Bin 681 daireyi i\u00e7eren konut bloklar\u0131, 125 ticari \u00fcnite, otel, kamuya a\u00e7\u0131k al\u0131\u015fveri\u015f ve e\u011flence imkan\u0131 sunan cadde ve sokaklar\u0131yla \u0130stanbul i\u00e7in \u201cYeni Ya\u015fam Dalgas\u0131\u201d olu\u015fturan projenin, 285 dairelik ilk etab\u0131, tapular\u0131yla birlikte eyl\u00fcl ay\u0131nda teslim edilecek.<\/p>\n<p>1990 y\u0131l\u0131ndan bu yana, 1 milyon 500 bin metrekarelik bir alan \u00fczerinde 15 bin konut \u00fcreterek, 60 bin ki\u015fiyi ev sahibi yapan \u00d6zyurtlar Holding ve yakla\u015f\u0131k 30 y\u0131ldan bu yana 8 ayr\u0131 sekt\u00f6re faaliyet g\u00f6steren Baha\u015f Holding ortal\u0131\u011f\u0131yla Esenyurt\u2019ta y\u00fckselen Meydan Ard\u0131\u00e7l\u0131 projesinde ya\u015fam ba\u015fl\u0131yor. Esenyurt&#8217;un en de\u011ferli b\u00f6lgesi Do\u011fan Arasl\u0131 Bulvar\u0131 \u00fczerinde yer alan projenin, 235 daireden olu\u015fan ilk etab\u0131n\u0131n teslimleri eyl\u00fclde tamamlanacak. Projenin 282 daireden olu\u015fan 2\u2019inci etab\u0131 y\u0131l sonunda, kalan k\u0131sm\u0131 ise 2020 y\u0131l\u0131 sonunda teslim edilecek.<\/p>\n<p>Y\u00fczde 70\u2019i sat\u0131ld\u0131<br \/>\nTeslim a\u015famas\u0131na ge\u00e7meden y\u00fczde 70\u2019inin sat\u0131\u015f\u0131n\u0131n tamamland\u0131\u011f\u0131 proje, bilinen daire b\u00fcy\u00fckl\u00fcklerinden farkl\u0131 se\u00e7enekleri ve d\u00fcnyan\u0131n en b\u00fcy\u00fck metropollerinden esinlenilerek in\u015fa edilen meydan\u0131 ile \u0130stanbul i\u00e7in \u201cYeni Ya\u015fam Dalgas\u0131\u201d olarak tan\u0131mlan\u0131yor. 67 bin metrekare arsa \u00fczerinde, 27 blokta, bin 681 konut ve 125 ticari \u00fcnite ile kamuya a\u00e7\u0131k al\u0131\u015fveri\u015f ve e\u011flence imk\u00e2n\u0131 sunan sokak ve caddelerden olu\u015fan proje, her t\u00fcrl\u00fc detay\u0131n yer ald\u0131\u011f\u0131 donan\u0131m\u0131yla sekt\u00f6re \u00fcst d\u00fczey bir boyut kazand\u0131r\u0131yor<\/p>\n<p>\u0130n\u015faat s\u00fcreci, artan maliyetlere ra\u011fmen y\u00fczde 40 ileride<br \/>\n545 milyon TL\u2019lik bir yat\u0131r\u0131mla ger\u00e7ekle\u015ftirilen projenin y\u00fczde 70\u2019inin, teslim a\u015famas\u0131na gelmeden sat\u0131ld\u0131\u011f\u0131n\u0131, ticari birimlerinin ise ulusal ve uluslar aras\u0131 markalarlardan ciddi bir talep g\u00f6rd\u00fc\u011f\u00fcn\u00fc vurgulayan \u00d6zyurtlar-Baha\u015f Ortak Giri\u015fimi E\u015f Ba\u015fkan\u0131 Tamer \u00d6zyurt, konuya ili\u015fkin \u015fu a\u00e7\u0131klama bulundu:<br \/>\n\u201c\u0130stanbul\u2019a \u201cYeni Ya\u015fam Dalgas\u0131\u201d yaratma fikrinden yola \u00e7\u0131karak geli\u015ftirdi\u011fimiz projemizin in\u015faat s\u00fcreci, artan maliyetlerimize ve i\u00e7 piyasada hissedilen durgunlu\u011fa ra\u011fmen, planlad\u0131\u011f\u0131m\u0131zdan \u00e7ok daha h\u0131zl\u0131 geli\u015fti. \u015eu a\u015famada, planlad\u0131\u011f\u0131m\u0131zdan y\u00fczde 40 daha \u00f6nde gidiyoruz. Bu durum, konutlar\u0131m\u0131z\u0131n teslim s\u00fcrecini h\u0131zland\u0131rd\u0131. \u0130lk etab\u0131m\u0131z\u0131n teslimlerini eyl\u00fcl ay\u0131nda tamamlay\u0131p, 2\u2019nci etab\u0131m\u0131z\u0131 da y\u0131lsonuna kadar teslim edece\u011fiz. 2020 y\u0131l\u0131 sonunda kalan k\u0131s\u0131mlar\u0131 teslim etmeyi hedefliyoruz\u201d dedi.<\/p>\n<p>Sadece kazan\u00e7l\u0131 de\u011fil, ya\u015fama konfor katan proje!<br \/>\nProjenin, 67 bin metrekare arsa \u00fczerinde 27 blokta, bin 681 konut ve 125 adet ticari \u00fcniteden olu\u015ftu\u011funu hat\u0131rlatan Tamer \u00d6zyurt, projeye ili\u015fkin \u015fu bilgileri payla\u015ft\u0131:<br \/>\n\u201cProjemizde al\u0131\u015f\u0131lagelen metrekare se\u00e7enekleri sunmak yerine daha geni\u015f ve kullan\u0131\u015fl\u0131 daireler sunmay\u0131 hedefledik. Bu nedenle 1+0, 1+1, 2+1, 3,5+1 ve 4,5+1 olmak \u00fczere be\u015f ayr\u0131 daire se\u00e7ene\u011fi sunarken, 3+1 ve 4+1 dairelere yer vermedik. Onun yerine fazladan alt\u0131 metrekarelik odalardan olu\u015fan daire se\u00e7enekleri ekledik. B\u00f6ylece ama\u00e7lad\u0131\u011f\u0131m\u0131z kullan\u0131\u015fl\u0131 ve ferah daireleri yat\u0131r\u0131mc\u0131lar\u0131m\u0131zla bulu\u015fturduk. Yat\u0131r\u0131mc\u0131lar\u0131m\u0131z Esenyurt\u2019un en h\u0131zl\u0131 de\u011ferlenen b\u00f6lgesinde sadece kazan\u00e7l\u0131 de\u011fil, t\u00fcm donan\u0131m\u0131yla hayat standartlar\u0131n\u0131 y\u00fckselten, ya\u015famlar\u0131na konfor kazand\u0131ran bir projeye sahip olacaklar\u201d<\/p>\n<p>Her blokta farkl\u0131 hedef kitle hedeflendi<br \/>\nMeydan Ard\u0131\u00e7l\u0131, 1+0, 1+1, 2+1, 3,5+1 ve 4,5+1 olmak \u00fczere be\u015f ayr\u0131 daire se\u00e7ene\u011fi sunuyor. Projenin metrekare birim fiyat\u0131 5 bin ila 6 bin TL aras\u0131nda de\u011fi\u015firken, konutlar\u0131n metrekare b\u00fcy\u00fckl\u00fckleri ise 41 ile 228 metrekare aras\u0131nda farkl\u0131l\u0131k g\u00f6steriyor. Ticari alanlar\u0131n b\u00fcy\u00fckl\u00fckleri ise 35 ile bin 122 metrekare aras\u0131nda de\u011fi\u015fiyor. 27 bloktan olu\u015fan projede; F bloklar prestij kitlesine, A ve D bloklar gen\u00e7 kitleye, B ve C bloklar ailelere hitap ediyor.<\/p>\n<p>Ge\u00e7mi\u015fin nostaljik mimari tasar\u0131m\u0131, modern mimariyle birle\u015fti<br \/>\nEsenyurt\u2019ta 2 ve 7 kat aras\u0131nda de\u011fi\u015fen bloklardan olu\u015fan, yatay mimarinin en g\u00fczel \u00f6rneklerinden biri olarak in\u015fa edilen Meydan Ard\u0131\u00e7l\u0131, ge\u00e7mi\u015fin nostaljik cumbal\u0131 mimari tasar\u0131m\u0131n\u0131, bug\u00fcn\u00fcn modern mimarisiyle harmanl\u0131yor.<br \/>\nParis\u2019ten Roma\u2019ya New York\u2019tan \u0130stanbul\u2019a kadar d\u00fcnyan\u0131n en b\u00fcy\u00fck metropollerinin meydanlar\u0131ndan esinlenerek hayata ge\u00e7irilen Meydan Ard\u0131\u00e7l\u0131, konumu ve donan\u0131m\u0131ndan ald\u0131\u011f\u0131 g\u00fc\u00e7le b\u00f6lgenin sosyal hayat\u0131na \u00fcst d\u00fczey bir boyut getiriyor. Kamuya a\u00e7\u0131k al\u0131\u015fveri\u015f ve yeme- i\u00e7me mek\u00e2nlar\u0131ndan olu\u015fan cadde ve sokaklar\u0131yla \u0130stanbul\u2019un y\u0131ld\u0131z\u0131 parlayan b\u00f6lgelerinden Esenyurt\u2019un \u00e7ekim merkezi olarak konumlanan proje, zengin sosyal dokusuyla, \u0130stanbul\u2019a d\u00fcnyan\u0131n en b\u00fcy\u00fck metropolleriyle yar\u0131\u015fan nitelikte g\u00f6rkemli bir meydan kazand\u0131r\u0131yor.<\/p>\n<p>24 saat ya\u015fayan proje<br \/>\nSokak sanat\u00e7\u0131lar\u0131n\u0131n eserlerini sergileyebilecekleri alanlardan, i\u00e7erisinde d\u00fcnyaca \u00fcnl\u00fc markalar\u0131 bar\u0131nd\u0131ran al\u0131\u015fveri\u015f markalar\u0131ndan, cafe ve restoranlara kadar her t\u00fcrl\u00fc detay\u0131n d\u00fc\u015f\u00fcn\u00fcld\u00fc\u011f\u00fc cadde ve sokaklar\u0131, su ve \u0131\u015f\u0131k oyunlar\u0131yla 24 saat ya\u015fayacak olan proje, \u0130stanbul\u2019un sosyal hayat\u0131na dinamik bir yap\u0131 kazand\u0131racak.<\/p>\n<p>12 bin metrekarelik ye\u015fil alanda do\u011fa ile i\u00e7 i\u00e7e<br \/>\nKonforlu bir ya\u015fam alan\u0131 olarak her ayr\u0131nt\u0131n\u0131n d\u00fc\u015f\u00fcn\u00fcld\u00fc\u011f\u00fc projede 12 bin metrekareden olu\u015fan ye\u015fil alan ve yer alt\u0131 otoparklar\u0131 yer al\u0131yor. Yan\u0131 ba\u015f\u0131nda yer alan metro istasyonuyla, civardaki \u00fcniversite, hastane ve okullara yak\u0131nl\u0131\u011f\u0131 ile de ula\u015f\u0131m avantaj\u0131 sa\u011flan\u0131yor.<\/p>\n<p>&#8220;http:\/\/www.meydanardicli.com.tr&#8221; www.meydanardicli.com.tr 60 9070<\/p>\n","protected":false},"excerpt":{"rendered":"<p>\u00d6zyurtlar ve Baha\u015f Holding tecr\u00fcbesiyle gelen\u201cYeni Ya\u015fam Dalgas\u0131\u201dnda in\u015faat \u00e7al\u0131\u015fmalar\u0131 h\u0131zland\u0131! \u00d6zyurtlar Holding ve Baha\u015f Holding\u2019in gayrimenkul ve in\u015faat sekt\u00f6r\u00fcndeki g\u00fc\u00e7lerini birle\u015ftirerek, Esenyurt Do\u011fan Arasl\u0131 Bulvar\u0131 \u00fczerinde in\u015fa ettikleri &#8216;Meydan Ard\u0131\u00e7l\u0131&#8217; projesinin ilk etab\u0131 tamamlan\u0131yor. Bin 681 daireyi i\u00e7eren konut bloklar\u0131, 125 ticari \u00fcnite, otel, kamuya a\u00e7\u0131k al\u0131\u015fveri\u015f ve e\u011flence imkan\u0131 sunan cadde ve sokaklar\u0131yla [&hellip;]<\/p>\n","protected":false},"author":1,"featured_media":18513,"comment_status":"open","ping_status":"open","sticky":false,"template":"","format":"standard","meta":{"ngg_post_thumbnail":0},"categories":[5388],"tags":[8248,13596,13597,13595],"_links":{"self":[{"href":"https:\/\/emlaktuel.com\/index.php?rest_route=\/wp\/v2\/posts\/28777"}],"collection":[{"href":"https:\/\/emlaktuel.com\/index.php?rest_route=\/wp\/v2\/posts"}],"about":[{"href":"https:\/\/emlaktuel.com\/index.php?rest_route=\/wp\/v2\/types\/post"}],"author":[{"embeddable":true,"href":"https:\/\/emlaktuel.com\/index.php?rest_route=\/wp\/v2\/users\/1"}],"replies":[{"embeddable":true,"href":"https:\/\/emlaktuel.com\/index.php?rest_route=%2Fwp%2Fv2%2Fcomments&post=28777"}],"version-history":[{"count":2,"href":"https:\/\/emlaktuel.com\/index.php?rest_route=\/wp\/v2\/posts\/28777\/revisions"}],"predecessor-version":[{"id":28779,"href":"https:\/\/emlaktuel.com\/index.php?rest_route=\/wp\/v2\/posts\/28777\/revisions\/28779"}],"wp:featuredmedia":[{"embeddable":true,"href":"https:\/\/emlaktuel.com\/index.php?rest_route=\/wp\/v2\/media\/18513"}],"wp:attachment":[{"href":"https:\/\/emlaktuel.com\/index.php?rest_route=%2Fwp%2Fv2%2Fmedia&parent=28777"}],"wp:term":[{"taxonomy":"category","embeddable":true,"href":"https:\/\/emlaktuel.com\/index.php?rest_route=%2Fwp%2Fv2%2Fcategories&post=28777"},{"taxonomy":"post_tag","embeddable":true,"href":"https:\/\/emlaktuel.com\/index.php?rest_route=%2Fwp%2Fv2%2Ftags&post=28777"}],"curies":[{"name":"wp","href":"https:\/\/api.w.org\/{rel}","templated":true}]}}