{"id":2854,"date":"2016-07-10T10:58:35","date_gmt":"2016-07-10T07:58:35","guid":{"rendered":"http:\/\/emlaktuel.com\/?p=2854"},"modified":"2018-07-05T14:15:58","modified_gmt":"2018-07-05T11:15:58","slug":"esenyurt-sar-lifeta-fiyatlar-250-bin-tlden-basliyor","status":"publish","type":"post","link":"https:\/\/emlaktuel.com\/?p=2854","title":{"rendered":"Esenyurt Sar Life&#8217;ta Fiyatlar 250 bin TL\u2019den ba\u015fl\u0131yor!"},"content":{"rendered":"<h1 class=\"news-detail-title selectionShareable\">\u00a0<img loading=\"lazy\" class=\"alignnone size-medium wp-image-2855\" src=\"http:\/\/emlaktuel.com\/wp-content\/uploads\/2016\/07\/OTI5NzI0Mz-esenyurt-sar-lifeta-250-bin-tlden-baslayan-fiyatlarla-300x192.jpg\" alt=\"Esenyurt Sar Life\" width=\"300\" height=\"192\" \/><\/h1>\n<div class=\"clear\">\n<div class=\"clear\">\n<div class=\"clear-01\">TOPDEM\u0130R \u0130n\u015faat\u2019\u0131n Esenyurt\u2019ta hayata ge\u00e7irdi\u011fi \u00a0<a href=\"http:\/\/emlaktuel.com\/2016\/07\/10\/esenyurt-sar-lifeta-fiyatlar-250-bin-tlden-basliyor\/\">Sar Life Residence\u00a0<\/a> projesinde sat\u0131\u015flara ba\u015fland\u0131.<\/div>\n<div>\n<p>Tamam\u0131 2+1 olarak planlanan projede 60 dairenin 110 metrekare, di\u011fer 15 dairenin ise 100 metrekare b\u00fcy\u00fckl\u00fc\u011fe sahip oldu\u011funu ifade eden \u015firket yetkilileri, \u201cProjede konut fiyatlar\u0131 250 bin TL\u2019den ba\u015fl\u0131yor. Projede 80 metrekare ile 850 metrekare aras\u0131nda de\u011fi\u015fen 12 de ticari \u00fcnite bulunuyor. Ticari \u00fcnitelerde ise metrekare fiyatlar\u0131 7 bin \u00a0TL\u2019den ba\u015fl\u0131yor. Y\u00fczde 30 pe\u015finatla sat\u0131\u015flar\u0131n ger\u00e7ekle\u015ftirildi\u011fi Sar Life projesinde teslim tarihi 31 Aral\u0131k 2016\u201d dedi.<\/p>\n<p>H\u00fcrriyet<\/p>\n<p>Web: <a href=\"http:\/\/emlaktuel.com\/2016\/07\/10\/esenyurt-sar-lifeta-fiyatlar-250-bin-tlden-basliyor\/\">http:\/\/topdemir.com.tr\/<\/a><\/p>\n<\/div>\n<\/div>\n<\/div>\n<div><\/div>\n","protected":false},"excerpt":{"rendered":"<p>\u00a0 TOPDEM\u0130R \u0130n\u015faat\u2019\u0131n Esenyurt\u2019ta hayata ge\u00e7irdi\u011fi \u00a0Sar Life Residence\u00a0 projesinde sat\u0131\u015flara ba\u015fland\u0131. Tamam\u0131 2+1 olarak planlanan projede 60 dairenin 110 metrekare, di\u011fer 15 dairenin ise 100 metrekare b\u00fcy\u00fckl\u00fc\u011fe sahip oldu\u011funu ifade eden \u015firket yetkilileri, \u201cProjede konut fiyatlar\u0131 250 bin TL\u2019den ba\u015fl\u0131yor. Projede 80 metrekare ile 850 metrekare aras\u0131nda de\u011fi\u015fen 12 de ticari \u00fcnite bulunuyor. Ticari [&hellip;]<\/p>\n","protected":false},"author":1,"featured_media":2855,"comment_status":"open","ping_status":"open","sticky":false,"template":"","format":"standard","meta":{"ngg_post_thumbnail":0},"categories":[221,219,220],"tags":[145,829,1846,1849,1851,1850,1848,1847,11165,11166,80,11301,1275,1852,106,4518,11260,11262],"_links":{"self":[{"href":"https:\/\/emlaktuel.com\/index.php?rest_route=\/wp\/v2\/posts\/2854"}],"collection":[{"href":"https:\/\/emlaktuel.com\/index.php?rest_route=\/wp\/v2\/posts"}],"about":[{"href":"https:\/\/emlaktuel.com\/index.php?rest_route=\/wp\/v2\/types\/post"}],"author":[{"embeddable":true,"href":"https:\/\/emlaktuel.com\/index.php?rest_route=\/wp\/v2\/users\/1"}],"replies":[{"embeddable":true,"href":"https:\/\/emlaktuel.com\/index.php?rest_route=%2Fwp%2Fv2%2Fcomments&post=2854"}],"version-history":[{"count":2,"href":"https:\/\/emlaktuel.com\/index.php?rest_route=\/wp\/v2\/posts\/2854\/revisions"}],"predecessor-version":[{"id":2861,"href":"https:\/\/emlaktuel.com\/index.php?rest_route=\/wp\/v2\/posts\/2854\/revisions\/2861"}],"wp:featuredmedia":[{"embeddable":true,"href":"https:\/\/emlaktuel.com\/index.php?rest_route=\/wp\/v2\/media\/2855"}],"wp:attachment":[{"href":"https:\/\/emlaktuel.com\/index.php?rest_route=%2Fwp%2Fv2%2Fmedia&parent=2854"}],"wp:term":[{"taxonomy":"category","embeddable":true,"href":"https:\/\/emlaktuel.com\/index.php?rest_route=%2Fwp%2Fv2%2Fcategories&post=2854"},{"taxonomy":"post_tag","embeddable":true,"href":"https:\/\/emlaktuel.com\/index.php?rest_route=%2Fwp%2Fv2%2Ftags&post=2854"}],"curies":[{"name":"wp","href":"https:\/\/api.w.org\/{rel}","templated":true}]}}