{"id":28274,"date":"2019-05-02T12:43:42","date_gmt":"2019-05-02T09:43:42","guid":{"rendered":"https:\/\/emlaktuel.com\/?p=28274"},"modified":"2019-05-02T12:43:42","modified_gmt":"2019-05-02T09:43:42","slug":"kar-grouptan-40-milyon-tllik-yatirim","status":"publish","type":"post","link":"https:\/\/emlaktuel.com\/?p=28274","title":{"rendered":"Kar Group&#8217;tan 40 milyon TL&#8217;lik yat\u0131r\u0131m"},"content":{"rendered":"<p>Kar Group, Sancaktepe Haz\u0131r Beton Tesisi&#8217;nin yenileme yat\u0131r\u0131m\u0131ndan sonra Kayapa Agrega ve Haz\u0131r Beton Tesisi&#8217;ni tamamlayarak faaliyete ald\u0131. Haz\u0131r betonun yan\u0131 s\u0131ra m\u0131c\u0131r, y\u0131kanm\u0131\u015f ve y\u0131kanmam\u0131\u015f ta\u015f tozu, stabilize, duvar ta\u015f\u0131, alt temel ve plentmiks yol malzemeleri \u00fcretimi yapan tesis 40 milyon TL&#8217;lik yat\u0131r\u0131mla hayata ge\u00e7ti.<\/p>\n<p>T\u00fcrkiye&#8217;nin \u00f6nde gelen m\u00fcteahhitlerinin hammadde ve malzeme tedarik\u00e7isi konumunda olan Kar Group, 2019 y\u0131l\u0131 i\u00e7in planlad\u0131\u011f\u0131 yat\u0131r\u0131mlar\u0131 hayata ge\u00e7irmeye devam ediyor. Bu y\u0131l 50&#8217;nci ya\u015f\u0131n\u0131 kutlayan Kar Group, Karbeton Sancaktepe Haz\u0131r Beton Tesisi yat\u0131r\u0131m\u0131n\u0131 tamamlamas\u0131n\u0131n ard\u0131ndan \u015fimdi de Bursa&#8217;da konumlanan Kayapa Agrega ve Haz\u0131r Beton Tesisi&#8217;ni bitirerek faaliyete ald\u0131. Haz\u0131r betonun yan\u0131 s\u0131ra m\u0131c\u0131r, y\u0131kanm\u0131\u015f-y\u0131kanmam\u0131\u015f ta\u015f tozu, stabilize, duvar ta\u015f\u0131, alt temel ve plentmiks yol malzemeleri \u00fcretimi yapan tesis 40 milyon TL&#8217;lik yat\u0131r\u0131mla hayata ge\u00e7ti.<br \/>\nKayapa yat\u0131r\u0131m\u0131n\u0131 2018 y\u0131l\u0131nda planlar\u0131na ald\u0131klar\u0131n\u0131 s\u00f6yleyen Kar Group Y\u00f6netim Kurulu \u00dcyesi \u015eenol \u00dc\u00e7\u00fcnc\u00fc, bu plan do\u011frultusunda yat\u0131r\u0131mlar\u0131na aral\u0131ks\u0131z devam ettiklerini ifade etti. Tesis ile ilgili bilgi veren \u00dc\u00e7\u00fcnc\u00fc &#8220;2018 y\u0131l\u0131nda planlamam\u0131za ald\u0131\u011f\u0131m\u0131z bu \u00e7evreye duyarl\u0131 yat\u0131r\u0131m\u0131m\u0131z\u0131 2019 y\u0131l\u0131n\u0131n ilk \u00e7eyre\u011finde hayata ge\u00e7irmi\u015f olduk. Biz grup olarak ye\u015fil ve \u00e7evre konusuna b\u00fcy\u00fck \u00f6nem veriyoruz ve t\u00fcm yat\u0131r\u0131mlar\u0131m\u0131z\u0131 bu kriterlerimiz do\u011frultusunda planlayarak hayata ge\u00e7iriyoruz. Bu tesisimiz de di\u011ferlerinde oldu\u011fu gibi hava kalitesinin korunmas\u0131, g\u00fcr\u00fclt\u00fc, at\u0131k su kontrol\u00fc, akaryak\u0131t, ya\u011f ve kimyasal madde y\u00f6netimi, kat\u0131 at\u0131k y\u00f6netimi ve trafik y\u00f6netimi gibi ayr\u0131nt\u0131l\u0131 \u00e7evre kontrol\u00fc unsurlar\u0131 g\u00f6z \u00f6n\u00fcnde tutularak planland\u0131.<br \/>\nKayapa Agrega ve Haz\u0131r Beton Tesisi, Bursa&#8217;n\u0131n Nil\u00fcfer il\u00e7esi Kayapa B\u00f6lgesi&#8217;nde konumlan\u0131yor. Haz\u0131r betonun yan\u0131 s\u0131ra m\u0131c\u0131r, y\u0131kanm\u0131\u015f-y\u0131kanmam\u0131\u015f ta\u015f tozu, stabilize, duvar ta\u015f\u0131, alt temel ve plentmiks yol malzemeleri \u00fcretimi yapan tesisimizi 40 milyon TL yat\u0131r\u0131mla hayata ge\u00e7irdik. \u00dcretimde b\u00fcy\u00fcmeyi hedefleyen bir kurulu\u015f olmam\u0131zdan dolay\u0131 bundan sonra da yat\u0131r\u0131mlar\u0131m\u0131za ara vermeden devam ediyoruz&#8221; diye konu\u015ftu.<br \/>\nKayapa Agrega ve Haz\u0131r Beton Tesisi, saatte 1.200 ton agrega, saatte 150 m3 haz\u0131r beton \u00fcretim kapasitesine sahip bulunuyor.<\/p>\n<p>Kar Group hakk\u0131nda:<br \/>\n1969 y\u0131l\u0131nda \u0130stanbul Pendik\u2019te madencilik faaliyetleriyle ticaret hayat\u0131na ad\u0131m atan Kar Group, zaman i\u00e7erisinde Marmara B\u00f6lgesi\u2019ndeki \u00e7al\u0131\u015fmalar\u0131n\u0131 geli\u015ftirerek yeni i\u015f alanlar\u0131n\u0131 b\u00fcnyesine katt\u0131. Agrega, kire\u00e7, haz\u0131r beton, asfalt, prefabrik beton elemanlar\u0131 ve yap\u0131 kimyasallar\u0131 \u00fcretimlerini ger\u00e7ekle\u015ftiren Kar Group; \u00fcr\u00fcnlerini m\u00fc\u015fterilerine en h\u0131zl\u0131 ve en ekonomik \u015fekilde ula\u015ft\u0131rmak \u00fczere kendi lojistik filosunu da olu\u015fturdu. 2010 y\u0131l\u0131nda in\u015faat demiri sat\u0131\u015f\u0131na ba\u015flayan Kar Group, 2017 y\u0131l\u0131 itibariyle konut \u00fcretimini de i\u015f kollar\u0131 aras\u0131na katt\u0131. Kendine ait 600 ara\u00e7l\u0131k filosuyla in\u015faat sekt\u00f6r\u00fcne A\u2019dan Z\u2019ye hizmet veren Kar Group, bug\u00fcn T\u00fcrkiye\u2019nin en b\u00fcy\u00fck m\u00fcteahhitlik firmalar\u0131n\u0131n tedarik\u00e7isi konumunda bulunuyor. Ta\u015feron hizmeti almayan ve t\u00fcm faaliyetlerini \u00f6z varl\u0131\u011f\u0131 b\u00fcnyesindeki tesis, gayrimenkul, makine ve ara\u00e7larla ger\u00e7ekle\u015ftiren Kar Group, t\u00fcm altyap\u0131 ve \u00fcstyap\u0131 taahh\u00fct i\u015flerini y\u00fcr\u00fct\u00fcyor.<\/p>\n","protected":false},"excerpt":{"rendered":"<p>Kar Group, Sancaktepe Haz\u0131r Beton Tesisi&#8217;nin yenileme yat\u0131r\u0131m\u0131ndan sonra Kayapa Agrega ve Haz\u0131r Beton Tesisi&#8217;ni tamamlayarak faaliyete ald\u0131. Haz\u0131r betonun yan\u0131 s\u0131ra m\u0131c\u0131r, y\u0131kanm\u0131\u015f ve y\u0131kanmam\u0131\u015f ta\u015f tozu, stabilize, duvar ta\u015f\u0131, alt temel ve plentmiks yol malzemeleri \u00fcretimi yapan tesis 40 milyon TL&#8217;lik yat\u0131r\u0131mla hayata ge\u00e7ti. T\u00fcrkiye&#8217;nin \u00f6nde gelen m\u00fcteahhitlerinin hammadde ve malzeme tedarik\u00e7isi konumunda [&hellip;]<\/p>\n","protected":false},"author":1,"featured_media":18525,"comment_status":"open","ping_status":"open","sticky":false,"template":"","format":"standard","meta":{"ngg_post_thumbnail":0},"categories":[5388],"tags":[10441,11979,10440],"_links":{"self":[{"href":"https:\/\/emlaktuel.com\/index.php?rest_route=\/wp\/v2\/posts\/28274"}],"collection":[{"href":"https:\/\/emlaktuel.com\/index.php?rest_route=\/wp\/v2\/posts"}],"about":[{"href":"https:\/\/emlaktuel.com\/index.php?rest_route=\/wp\/v2\/types\/post"}],"author":[{"embeddable":true,"href":"https:\/\/emlaktuel.com\/index.php?rest_route=\/wp\/v2\/users\/1"}],"replies":[{"embeddable":true,"href":"https:\/\/emlaktuel.com\/index.php?rest_route=%2Fwp%2Fv2%2Fcomments&post=28274"}],"version-history":[{"count":1,"href":"https:\/\/emlaktuel.com\/index.php?rest_route=\/wp\/v2\/posts\/28274\/revisions"}],"predecessor-version":[{"id":28275,"href":"https:\/\/emlaktuel.com\/index.php?rest_route=\/wp\/v2\/posts\/28274\/revisions\/28275"}],"wp:featuredmedia":[{"embeddable":true,"href":"https:\/\/emlaktuel.com\/index.php?rest_route=\/wp\/v2\/media\/18525"}],"wp:attachment":[{"href":"https:\/\/emlaktuel.com\/index.php?rest_route=%2Fwp%2Fv2%2Fmedia&parent=28274"}],"wp:term":[{"taxonomy":"category","embeddable":true,"href":"https:\/\/emlaktuel.com\/index.php?rest_route=%2Fwp%2Fv2%2Fcategories&post=28274"},{"taxonomy":"post_tag","embeddable":true,"href":"https:\/\/emlaktuel.com\/index.php?rest_route=%2Fwp%2Fv2%2Ftags&post=28274"}],"curies":[{"name":"wp","href":"https:\/\/api.w.org\/{rel}","templated":true}]}}