{"id":28260,"date":"2019-04-30T14:52:49","date_gmt":"2019-04-30T11:52:49","guid":{"rendered":"https:\/\/emlaktuel.com\/?p=28260"},"modified":"2019-04-30T14:52:49","modified_gmt":"2019-04-30T11:52:49","slug":"avrupa-konutlari-markamizla-kaliteli-yasam-sunmaya-devam-ediyoruz","status":"publish","type":"post","link":"https:\/\/emlaktuel.com\/?p=28260","title":{"rendered":"&#8216;Avrupa Konutlar\u0131&#8217; markam\u0131zla kaliteli ya\u015fam sunmaya devam ediyoruz"},"content":{"rendered":"<p>Arta\u015f \u0130n\u015faat olarak sekt\u00f6rdeki 41 y\u0131l\u0131m\u0131z\u0131 geride b\u0131rakt\u0131k. 1977 y\u0131l\u0131nda temellerini att\u0131\u011f\u0131m\u0131z firmam\u0131z ile daima \u00fclkemize katma de\u011fer olu\u015fturan yat\u0131r\u0131mlara imza att\u0131k. Bu s\u00fcre i\u00e7inde gayrimenkul, perakende ve turizm sekt\u00f6rlerinde onlarca ba\u015far\u0131l\u0131 projeyi hayata ge\u00e7irdik. \u201cAvrupa Konutlar\u0131\u201d markam\u0131z da markal\u0131 konut sekt\u00f6r\u00fcndeki ba\u015far\u0131m\u0131z\u0131n bir sembol\u00fc oldu. Arta\u015f \u0130n\u015faat olarak 2018 y\u0131l\u0131nda Avrupa Konutlar\u0131 Ba\u015fak\u015fehir, Avrupa Konutlar\u0131 Atakent 4, Avrupa Konutlar\u0131 Kale 2 ve ortak giri\u015fimle hayata ge\u00e7irdi\u011fimiz Vadistanbul Park projelerinde toplam 2.534 konutun teslimini ger\u00e7ekle\u015ftirdik. Bug\u00fcne dek toplamda 18.500 konut \u00fcrettik. 2019 \u2018un ba\u015f\u0131nda ofis projemiz; Avrupa Office Ata\u015fehir\u2019i tamamlad\u0131k. \u015eu anda \u0130stanbul\u2019un Anadolu yakas\u0131nda Avrupa Konutlar\u0131 Yamanevler, Avrupa Yakas\u0131\u2019nda ise ortak giri\u015fimlerle geli\u015ftirdi\u011fimiz Tema \u0130stanbul Bah\u00e7e projemizin in\u015fa \u00e7al\u0131\u015fmalar\u0131na devam ediyoruz.<\/p>\n<p>&nbsp;<\/p>\n<p>T\u00fcketici nezdinde Avrupa Konutlar\u0131\u2019n\u0131n; kaliteli ya\u015fam alanlar\u0131 sunan, erken teslim edilen ve daima kazan\u00e7 sa\u011flayan bir marka alg\u0131s\u0131 var. Biz de bu konumumuzu korumak ve geli\u015ftirmek anlam\u0131nda b\u00fcy\u00fck hassasiyetle \u00e7al\u0131\u015fmalar\u0131m\u0131za devam ediyoruz. Bu anlay\u0131\u015fla da yat\u0131r\u0131mlar\u0131m\u0131z\u0131 her y\u0131l art\u0131rarak devam ediyoruz.<\/p>\n<p>&nbsp;<\/p>\n","protected":false},"excerpt":{"rendered":"<p>Arta\u015f \u0130n\u015faat olarak sekt\u00f6rdeki 41 y\u0131l\u0131m\u0131z\u0131 geride b\u0131rakt\u0131k. 1977 y\u0131l\u0131nda temellerini att\u0131\u011f\u0131m\u0131z firmam\u0131z ile daima \u00fclkemize katma de\u011fer olu\u015fturan yat\u0131r\u0131mlara imza att\u0131k. Bu s\u00fcre i\u00e7inde gayrimenkul, perakende ve turizm sekt\u00f6rlerinde onlarca ba\u015far\u0131l\u0131 projeyi hayata ge\u00e7irdik. \u201cAvrupa Konutlar\u0131\u201d markam\u0131z da markal\u0131 konut sekt\u00f6r\u00fcndeki ba\u015far\u0131m\u0131z\u0131n bir sembol\u00fc oldu. Arta\u015f \u0130n\u015faat olarak 2018 y\u0131l\u0131nda Avrupa Konutlar\u0131 Ba\u015fak\u015fehir, Avrupa [&hellip;]<\/p>\n","protected":false},"author":1,"featured_media":23106,"comment_status":"open","ping_status":"open","sticky":false,"template":"","format":"standard","meta":{"ngg_post_thumbnail":0},"categories":[5388],"tags":[130,1084],"_links":{"self":[{"href":"https:\/\/emlaktuel.com\/index.php?rest_route=\/wp\/v2\/posts\/28260"}],"collection":[{"href":"https:\/\/emlaktuel.com\/index.php?rest_route=\/wp\/v2\/posts"}],"about":[{"href":"https:\/\/emlaktuel.com\/index.php?rest_route=\/wp\/v2\/types\/post"}],"author":[{"embeddable":true,"href":"https:\/\/emlaktuel.com\/index.php?rest_route=\/wp\/v2\/users\/1"}],"replies":[{"embeddable":true,"href":"https:\/\/emlaktuel.com\/index.php?rest_route=%2Fwp%2Fv2%2Fcomments&post=28260"}],"version-history":[{"count":1,"href":"https:\/\/emlaktuel.com\/index.php?rest_route=\/wp\/v2\/posts\/28260\/revisions"}],"predecessor-version":[{"id":28261,"href":"https:\/\/emlaktuel.com\/index.php?rest_route=\/wp\/v2\/posts\/28260\/revisions\/28261"}],"wp:featuredmedia":[{"embeddable":true,"href":"https:\/\/emlaktuel.com\/index.php?rest_route=\/wp\/v2\/media\/23106"}],"wp:attachment":[{"href":"https:\/\/emlaktuel.com\/index.php?rest_route=%2Fwp%2Fv2%2Fmedia&parent=28260"}],"wp:term":[{"taxonomy":"category","embeddable":true,"href":"https:\/\/emlaktuel.com\/index.php?rest_route=%2Fwp%2Fv2%2Fcategories&post=28260"},{"taxonomy":"post_tag","embeddable":true,"href":"https:\/\/emlaktuel.com\/index.php?rest_route=%2Fwp%2Fv2%2Ftags&post=28260"}],"curies":[{"name":"wp","href":"https:\/\/api.w.org\/{rel}","templated":true}]}}