{"id":28249,"date":"2019-04-29T16:49:24","date_gmt":"2019-04-29T13:49:24","guid":{"rendered":"https:\/\/emlaktuel.com\/?p=28249"},"modified":"2019-04-29T16:49:24","modified_gmt":"2019-04-29T13:49:24","slug":"%e2%80%8bsehrin-kalbi-buyukyali-bulvarda-atacak","status":"publish","type":"post","link":"https:\/\/emlaktuel.com\/?p=28249","title":{"rendered":"\u200b\u015eehrin kalbi B\u00fcy\u00fckyal\u0131 Bulvar\u2019da atacak"},"content":{"rendered":"<p><strong>\u0130stanbul Bo\u011faz\u0131\u2019n\u0131n giri\u015finde Kazl\u0131\u00e7e\u015fme sahil band\u0131nda \u201cyeni \u015fehircilik\u201d anlay\u0131\u015f\u0131 ile y\u00fckselen B\u00fcy\u00fckyal\u0131, \u015fehrin yeni bulu\u015fma noktas\u0131 B\u00fcy\u00fckyal\u0131 Bulvar&#8217;\u0131 ilk kez 101 \u0130stanbul Lezzeti Festivali&#8217;nde \u0130stanbullular ile bulu\u015fturdu. \u0130yi ya\u015fam i\u00e7in ihtiya\u00e7 duyulan her \u015feyi \u00fcst\u00fcn kalite standartlar\u0131yla sunan B\u00fcy\u00fckyal\u0131 Bulvar, \u015fehrin k\u00fclt\u00fcr sanat hayat\u0131na<\/strong> <strong>hareket katmaya, lezzetli bulu\u015fmalar\u0131n yeni adresi olmaya haz\u0131rlan\u0131yor.<\/strong><\/p>\n<p>Sakinlerine ve ziyaret\u00e7ilerine her anlamda \u201ciyi bir ya\u015fam\u201d sunmay\u0131 hedefleyen B\u00fcy\u00fckyal\u0131, 100 y\u0131l\u0131 a\u015fk\u0131n s\u00fcredir kapal\u0131 kalan tarihi binalar\u0131 B\u00fcy\u00fckyal\u0131 Bulvar ile yeniden kente ve sosyal ya\u015fama kazand\u0131r\u0131yor. 19. y\u00fczy\u0131l mimarisinin modern \u00e7izgilerle sentezlendi\u011fi B\u00fcy\u00fckyal\u0131 Bulvar, yepyeni bir ya\u015fam merkezi olarak kap\u0131lar\u0131n\u0131 a\u00e7maya haz\u0131rlan\u0131yor.<\/p>\n<p>\u015eehrin en iyi restoranlar\u0131 ve lezzetlerini bulu\u015fturan \u2018101 \u0130stanbul Lezzeti Festivali\u2019nde ilk kez \u0130stanbullular ile bulu\u015fan B\u00fcy\u00fckyal\u0131 Bulvar, ziyaret\u00e7iler taraf\u0131ndan yo\u011fun ilgi g\u00f6rd\u00fc. B\u00fcy\u00fckyal\u0131 Bulvar stand\u0131n\u0131 ziyaret eden lezzet d\u00fc\u015fk\u00fcnleri, \u0130stanbul\u2019un iyi ya\u015fam dura\u011f\u0131 hakk\u0131nda detayl\u0131 bilgi alma f\u0131rsat\u0131 yakalad\u0131.<\/p>\n<p><strong>\u0130stanbul\u2019un kalbi B\u00fcy\u00fckyal\u0131 Bulvar\u2019da atacak<\/strong><\/p>\n<p>Ya\u015fam\u0131n bu y\u0131l ba\u015flayaca\u011f\u0131 B\u00fcy\u00fckyal\u0131\u2019n\u0131n yeniden ya\u015fama kazand\u0131rd\u0131\u011f\u0131 tarihi binalar\u0131nda sosyal ya\u015fama hizmet verecek B\u00fcy\u00fckyal\u0131 Bulvar\u2019da kiralamalar ba\u015flad\u0131. S\u0131cac\u0131k cadde atmosferinin deniz havas\u0131yla bulu\u015ftu\u011fu B\u00fcy\u00fckyal\u0131 Bulvar, \u015fehrin k\u00fclt\u00fcr sanat hayat\u0131na hareket katmaya, lezzetli bulu\u015fmalar\u0131n yeni adresi olmaya haz\u0131rlan\u0131yor.<\/p>\n<p><strong>Hayat\u0131n t\u00fcm renkleri B\u00fcy\u00fckyal\u0131 Bulvar&#8217;da<\/strong><\/p>\n<p>\u0130stanbul\u2019un iyi ya\u015fam dura\u011f\u0131 B\u00fcy\u00fckyal\u0131 Bulvar, kafe, gurme restoran, market, organik pazar, modaevleri, \u00e7i\u00e7ek\u00e7i, kuaf\u00f6r, spa ve g\u00fczellik merkezi, \u00e7ocuk kul\u00fcb\u00fc ve spor salonu ile iyi ya\u015fam i\u00e7in ihtiya\u00e7 duyulan her \u015feyi \u00fcst\u00fcn kalite standartlar\u0131yla B\u00fcy\u00fckyal\u0131 sakinlerine ve ziyaret\u00e7ilerine sunuyor.<\/p>\n<p><strong>\u0130stanbul\u2019un yeni k\u00fclt\u00fcr sanat merkezi<\/strong><\/p>\n<p>B\u00fcy\u00fckyal\u0131 Bulvar\u2019\u0131n kalbinde yer alan performans sanatlar\u0131 merkezi ile kentin k\u00fclt\u00fcr sanat hayat\u0131na yeni bir merkez kazand\u0131r\u0131l\u0131yor. B\u00fcy\u00fckyal\u0131, her y\u0131l yerli ve yabanc\u0131 y\u00fczlerce performansa ev sahipli\u011fi yapacak performans merkezi, sinema ve tiyatrosu ile sanatseverlere tarihi atmosferde benzersiz bir deneyim sunuyor.<\/p>\n<p><strong>T\u00fcm yollar B\u00fcy\u00fckyal\u0131 Bulvar\u2019a \u00e7\u0131k\u0131yor<\/strong><\/p>\n<p>\u015eehrin kara, deniz ve rayl\u0131 sistem t\u00fcm yeni ula\u015f\u0131m akslar\u0131n\u0131n kesi\u015fti\u011fi noktada yer alan B\u00fcy\u00fckyal\u0131 Bulvar ula\u015f\u0131m olanaklar\u0131yla da fark yarat\u0131yor. Zeytinburnu Marmaray istasyonunun hemen yan\u0131nda konumlanan B\u00fcy\u00fckyal\u0131 Bulvar\u2019a Anadolu Yakas\u0131\u2019ndan Avrasya T\u00fcneli ile 15 dakikada ula\u015f\u0131labiliyor. Sahile 25 ad\u0131m mesafede yer alan B\u00fcy\u00fckyal\u0131 Bulvar\u2019da deniz shuttle&#8217;lar\u0131yla da yolculuk imkan\u0131 sunuluyor.<\/p>\n","protected":false},"excerpt":{"rendered":"<p>\u0130stanbul Bo\u011faz\u0131\u2019n\u0131n giri\u015finde Kazl\u0131\u00e7e\u015fme sahil band\u0131nda \u201cyeni \u015fehircilik\u201d anlay\u0131\u015f\u0131 ile y\u00fckselen B\u00fcy\u00fckyal\u0131, \u015fehrin yeni bulu\u015fma noktas\u0131 B\u00fcy\u00fckyal\u0131 Bulvar&#8217;\u0131 ilk kez 101 \u0130stanbul Lezzeti Festivali&#8217;nde \u0130stanbullular ile bulu\u015fturdu. \u0130yi ya\u015fam i\u00e7in ihtiya\u00e7 duyulan her \u015feyi \u00fcst\u00fcn kalite standartlar\u0131yla sunan B\u00fcy\u00fckyal\u0131 Bulvar, \u015fehrin k\u00fclt\u00fcr sanat hayat\u0131na hareket katmaya, lezzetli bulu\u015fmalar\u0131n yeni adresi olmaya haz\u0131rlan\u0131yor. Sakinlerine ve ziyaret\u00e7ilerine [&hellip;]<\/p>\n","protected":false},"author":1,"featured_media":28250,"comment_status":"open","ping_status":"open","sticky":false,"template":"","format":"standard","meta":{"ngg_post_thumbnail":0},"categories":[5388],"tags":[2647,13491],"_links":{"self":[{"href":"https:\/\/emlaktuel.com\/index.php?rest_route=\/wp\/v2\/posts\/28249"}],"collection":[{"href":"https:\/\/emlaktuel.com\/index.php?rest_route=\/wp\/v2\/posts"}],"about":[{"href":"https:\/\/emlaktuel.com\/index.php?rest_route=\/wp\/v2\/types\/post"}],"author":[{"embeddable":true,"href":"https:\/\/emlaktuel.com\/index.php?rest_route=\/wp\/v2\/users\/1"}],"replies":[{"embeddable":true,"href":"https:\/\/emlaktuel.com\/index.php?rest_route=%2Fwp%2Fv2%2Fcomments&post=28249"}],"version-history":[{"count":1,"href":"https:\/\/emlaktuel.com\/index.php?rest_route=\/wp\/v2\/posts\/28249\/revisions"}],"predecessor-version":[{"id":28251,"href":"https:\/\/emlaktuel.com\/index.php?rest_route=\/wp\/v2\/posts\/28249\/revisions\/28251"}],"wp:featuredmedia":[{"embeddable":true,"href":"https:\/\/emlaktuel.com\/index.php?rest_route=\/wp\/v2\/media\/28250"}],"wp:attachment":[{"href":"https:\/\/emlaktuel.com\/index.php?rest_route=%2Fwp%2Fv2%2Fmedia&parent=28249"}],"wp:term":[{"taxonomy":"category","embeddable":true,"href":"https:\/\/emlaktuel.com\/index.php?rest_route=%2Fwp%2Fv2%2Fcategories&post=28249"},{"taxonomy":"post_tag","embeddable":true,"href":"https:\/\/emlaktuel.com\/index.php?rest_route=%2Fwp%2Fv2%2Ftags&post=28249"}],"curies":[{"name":"wp","href":"https:\/\/api.w.org\/{rel}","templated":true}]}}