{"id":28079,"date":"2019-04-11T13:14:21","date_gmt":"2019-04-11T10:14:21","guid":{"rendered":"https:\/\/emlaktuel.com\/?p=28079"},"modified":"2019-04-11T13:14:21","modified_gmt":"2019-04-11T10:14:21","slug":"dky-cadde-goztepe-05-projesinde-yasam-basliyor","status":"publish","type":"post","link":"https:\/\/emlaktuel.com\/?p=28079","title":{"rendered":"DKY Cadde G\u00f6ztepe 05 projesinde ya\u015fam ba\u015fl\u0131yor"},"content":{"rendered":"<p><strong>DKY taraf\u0131ndan Kad\u0131k\u00f6y G\u00f6ztepe&#8217;de yat\u0131r\u0131m\u0131 yap\u0131lan DKY Cadde G\u00f6ztepe 05 projesinde anahtarlar daire sahiplerine teslim edildi<\/strong><\/p>\n<p><strong>\u00a0<\/strong><\/p>\n<p>Tam donan\u0131ml\u0131 evleri, l\u00fcks ve i\u015flevselli\u011fi bir arada sunan mimari tasar\u0131m\u0131 ile t\u00fcm dikkatleri \u00fczerinde toplayan DKY Cadde G\u00f6ztepe 05 projesinde hayat ba\u015fl\u0131yor.\u00a0 2+1\u2019den 5+1\u2019e kadar farkl\u0131 daire tiplerinin bulundu\u011fu projede 53 ayr\u0131cal\u0131kl\u0131 aileye anahtarlar\u0131 teslim edildi. Daire sahiplerinden tam not alan proje yeni bir ya\u015fam\u0131n kap\u0131lar\u0131n\u0131 aralad\u0131.<\/p>\n<p>&nbsp;<\/p>\n<p>DKY taraf\u0131ndan kentsel d\u00f6n\u00fc\u015f\u00fcm kapsam\u0131nda geli\u015ftirilen DKY Cadde G\u00f6ztepe 05, \u015fehrin en g\u00fczel ma\u011fazalar\u0131n\u0131n, kafe ve restoranlar\u0131n\u0131n yer ald\u0131\u011f\u0131 Ba\u011fdat Caddesi\u2019ne, G\u00f6ztepe Park\u0131\u2019na ve Caddebostan Sahili\u2019ne y\u00fcr\u00fcme mesafesinde konumlan\u0131yor. En iyi marka malzemelerle dekore edilen daireleri, ye\u015fil alanlar\u0131, kapal\u0131 otopark\u0131 ve lounge\u2019l\u0131 teras\u0131yla \u00fcst d\u00fczey konfor sunan\u00a0 DKY Cadde G\u00f6ztepe, Cadde\u2019nin en prestijli projelerinin ba\u015f\u0131nda geliyor.<\/p>\n<p>&nbsp;<\/p>\n<p>Kentsel d\u00f6n\u00fc\u015f\u00fcm projelerinin in\u015falar\u0131na ve teslimlerine h\u0131zla devam ettiklerini belirten DKY Y\u00f6netim Kurulu Ba\u015fkan\u0131 Ali Dumankaya; \u2018DKY Cadde G\u00f6ztepe 05 projemizdeki t\u00fcm daire ve ticari alanlar\u0131n sat\u0131\u015flar\u0131n\u0131 tamamlad\u0131k, anahtarlar\u0131n\u0131 teslim ettik. \u015eimdi ev sahibi olanlar kazan\u00e7l\u0131 \u00e7\u0131kacaklar. Konut fiyatlar\u0131 en avantajl\u0131 d\u00f6neminde, bunun daha alt\u0131na d\u00fc\u015fmeyecektir. \u0130n\u015faat maliyetlerinde y\u00fczde 60\u2019lara varan art\u0131\u015flar h\u00e2l\u00e2 konut fiyatlar\u0131na yans\u0131t\u0131lmad\u0131 ve yeni al\u0131nan in\u015faat ruhsat\u0131 say\u0131s\u0131 y\u00fczde 55 azald\u0131. Konut arz\u0131ndaki azalma ve konut stokundaki erimeye paralel olarak fiyatlarda art\u0131\u015f bekliyoruz\u2019 dedi.<\/p>\n<p>&nbsp;<\/p>\n<p>DKY, bug\u00fcne kadar DKY Cadde Erenk\u00f6y 86, DKY Cadde Suadiye 12, Lokum Rezidans ve Lokum Evler ve DKY Cadde G\u00f6ztepe 05\u2019in teslimlerini ger\u00e7ekle\u015ftirdi. DKY ON, DKY Sahil ve DKY Kartal projelerinin in\u015fas\u0131na da devam ediyor.<\/p>\n<p>&nbsp;<\/p>\n","protected":false},"excerpt":{"rendered":"<p>DKY taraf\u0131ndan Kad\u0131k\u00f6y G\u00f6ztepe&#8217;de yat\u0131r\u0131m\u0131 yap\u0131lan DKY Cadde G\u00f6ztepe 05 projesinde anahtarlar daire sahiplerine teslim edildi \u00a0 Tam donan\u0131ml\u0131 evleri, l\u00fcks ve i\u015flevselli\u011fi bir arada sunan mimari tasar\u0131m\u0131 ile t\u00fcm dikkatleri \u00fczerinde toplayan DKY Cadde G\u00f6ztepe 05 projesinde hayat ba\u015fl\u0131yor.\u00a0 2+1\u2019den 5+1\u2019e kadar farkl\u0131 daire tiplerinin bulundu\u011fu projede 53 ayr\u0131cal\u0131kl\u0131 aileye anahtarlar\u0131 teslim edildi. Daire [&hellip;]<\/p>\n","protected":false},"author":1,"featured_media":28080,"comment_status":"open","ping_status":"open","sticky":false,"template":"","format":"standard","meta":{"ngg_post_thumbnail":0},"categories":[5388],"tags":[543,13453,13452],"_links":{"self":[{"href":"https:\/\/emlaktuel.com\/index.php?rest_route=\/wp\/v2\/posts\/28079"}],"collection":[{"href":"https:\/\/emlaktuel.com\/index.php?rest_route=\/wp\/v2\/posts"}],"about":[{"href":"https:\/\/emlaktuel.com\/index.php?rest_route=\/wp\/v2\/types\/post"}],"author":[{"embeddable":true,"href":"https:\/\/emlaktuel.com\/index.php?rest_route=\/wp\/v2\/users\/1"}],"replies":[{"embeddable":true,"href":"https:\/\/emlaktuel.com\/index.php?rest_route=%2Fwp%2Fv2%2Fcomments&post=28079"}],"version-history":[{"count":1,"href":"https:\/\/emlaktuel.com\/index.php?rest_route=\/wp\/v2\/posts\/28079\/revisions"}],"predecessor-version":[{"id":28081,"href":"https:\/\/emlaktuel.com\/index.php?rest_route=\/wp\/v2\/posts\/28079\/revisions\/28081"}],"wp:featuredmedia":[{"embeddable":true,"href":"https:\/\/emlaktuel.com\/index.php?rest_route=\/wp\/v2\/media\/28080"}],"wp:attachment":[{"href":"https:\/\/emlaktuel.com\/index.php?rest_route=%2Fwp%2Fv2%2Fmedia&parent=28079"}],"wp:term":[{"taxonomy":"category","embeddable":true,"href":"https:\/\/emlaktuel.com\/index.php?rest_route=%2Fwp%2Fv2%2Fcategories&post=28079"},{"taxonomy":"post_tag","embeddable":true,"href":"https:\/\/emlaktuel.com\/index.php?rest_route=%2Fwp%2Fv2%2Ftags&post=28079"}],"curies":[{"name":"wp","href":"https:\/\/api.w.org\/{rel}","templated":true}]}}