{"id":28039,"date":"2019-04-08T13:39:12","date_gmt":"2019-04-08T10:39:12","guid":{"rendered":"https:\/\/emlaktuel.com\/?p=28039"},"modified":"2019-04-08T19:14:19","modified_gmt":"2019-04-08T16:14:19","slug":"torkam-e5de-700-bin-kisinin-icinden-gectigi-acik-carsi-satisa-cikiyor","status":"publish","type":"post","link":"https:\/\/emlaktuel.com\/?p=28039","title":{"rendered":"TORKAM E5&#8217;de &#8216;A\u00e7\u0131k \u00c7ar\u015f\u0131&#8217; sat\u0131\u015fa \u00e7\u0131k\u0131yor"},"content":{"rendered":"<p><strong>3 Milyon ki\u015finin \u00f6n\u00fcnden 700 bin ki\u015finin i\u00e7inden ge\u00e7ti\u011fi ticari \u00fcniteler sat\u0131\u015fa \u00e7\u0131k\u0131yor.\u00a0<\/strong><em>\u201cTORKAM E5 A\u00c7IK \u00c7AR\u015eI\u201d\u00a0<\/em><strong>TORKAM birikimi ve TOK\u0130 g\u00fcvencesiyle E5 Otoyolu\u2019nun Sefak\u00f6y &#8211; Florya aks\u0131nda \u0130n\u015fa edilen <a href=\"https:\/\/emlaktuel.com\/?s=torkam+e5\">TORKAM E5<\/a>, toplu ula\u015f\u0131m a\u011flar\u0131n\u0131n merkezinde yer alan konumu ile en g\u00f6zde yat\u0131r\u0131m projesi olarak dikkat \u00e7ekiyor. Firma, <\/strong><strong>TORKAM E5 A\u00e7\u0131k \u00c7ar\u015f\u0131\u2019da 60 ay 0 faiz avantaj\u0131yla yat\u0131r\u0131mc\u0131s\u0131na maksimum kazan\u00e7 sunuyor.<\/strong><\/p>\n<p>TOK\u0130 taraf\u0131ndan has\u0131lat payla\u015f\u0131m modeli ile Sefak\u00f6y- Florya aks\u0131nda E5 Otoyoluna tam cephe konumundaki arsa ihalesini kazanan <a href=\"https:\/\/emlaktuel.com\/?s=torkam+e5\"><strong>TORKAM \u0130n\u015faat<\/strong><\/a>, \u0130stanbul\u2019un can damar\u0131 E5 Otoyolunun en yeni projesi <a href=\"https:\/\/emlaktuel.com\/?s=torkam+e5\"><strong>TORKAM E5<\/strong><\/a>\u2019le al\u0131c\u0131lar\u0131na kazan\u00e7l\u0131 bir yat\u0131r\u0131m f\u0131rsat\u0131 sunuyor.\u0130stanbul\u2019un alt\u0131n aks\u0131 olarak nitelendirilen bir noktada y\u00fckselen <strong>TORKAM E5<\/strong>, Sefak\u00f6y\u2019de yap\u0131lacak Metro \u0130stasyonu giri\u015finin hemen \u00fcst\u00fcnde yer alacak.<\/p>\n<p><img loading=\"lazy\" class=\"aligncenter size-full wp-image-28041\" src=\"https:\/\/emlaktuel.com\/wp-content\/uploads\/2019\/04\/Torkam-e5.jpg\" alt=\"\" width=\"500\" height=\"282\" \/><\/p>\n<h2>Beklenen proje TORKAM E5 a\u00e7\u0131k \u00e7ar\u015f\u0131 sat\u0131\u015fa \u00e7\u0131k\u0131yor<\/h2>\n<p>Projeye \u00f6zel metro dura\u011f\u0131, metrob\u00fcs dura\u011f\u0131 ile otob\u00fcs ve minib\u00fcs gibi toplu ula\u015f\u0131m hatlar\u0131n\u0131n merkezinde y\u00fckselen projede; 700 bin ki\u015fiye ula\u015fan yo\u011fun insan sirk\u00fclasyonunun olmas\u0131 ticari \u00fcniteler i\u00e7in y\u00fcksek kazan\u00e7 potansiyeli olarak nitelendiriliyor. Rezidans daireleri, ofis ve ma\u011fazalar\u0131yla t\u00fcm b\u00f6lgenin yeni merkezi olarak geli\u015ftirilen proje, Millet Bah\u00e7esi projeleri kapsam\u0131nda yak\u0131n bir d\u00f6nemde d\u00f6n\u00fc\u015ft\u00fcr\u00fclecek Atat\u00fcrk Havaliman\u0131\u2019n\u0131n tam kar\u015f\u0131s\u0131nda yer al\u0131yor.<\/p>\n<p><img loading=\"lazy\" class=\"aligncenter size-full wp-image-28042\" src=\"https:\/\/emlaktuel.com\/wp-content\/uploads\/2019\/04\/TORKAM-E5_1.jpg\" alt=\"\" width=\"500\" height=\"282\" \/><\/p>\n<h2><strong>Fiyatlar 770 bin TL&#8217;den ba\u015fl\u0131yor<\/strong><\/h2>\n<p>Sefak\u00f6y \u2013 Florya hatt\u0131n\u0131n en de\u011ferli noktalar\u0131ndan biri olan ve in\u015fa \u00e7al\u0131\u015fmalar\u0131 t\u00fcm h\u0131z\u0131yla s\u00fcren <a href=\"https:\/\/emlaktuel.com\/?s=torkam+e5\"><strong>TORKAM E5<\/strong><\/a> A\u00e7\u0131k \u00c7ar\u015f\u0131 D\u00fckk\u00e2nlar\u0131 770 bin liradan ba\u015flayan fiyatlar ile sat\u0131\u015fa sunuluyor. D\u00fckk\u00e2nlar\u0131n b\u00fcy\u00fckl\u00fckleri 38 metrekare ila 1153 metrekare aras\u0131nda de\u011fi\u015fiklik g\u00f6steriyor. Ayr\u0131cal\u0131kl\u0131 detaylar ile planlanan 124 adet d\u00fczayak cadde d\u00fckk\u00e2n\u0131 5 YIL SIFIR faiz avantaj\u0131 ile sat\u0131\u015fa sunuluyor.<\/p>\n<h2><strong>Yatay mimarinin \u00e7ok g\u00fczel \u00f6rne\u011fi TORKAM E5&#8217;te<\/strong><\/h2>\n<p><strong>\u00a0<\/strong>3 kattan olu\u015fan, yatay mimarisiyle yenilenen b\u00f6lgenin geli\u015fiminde \u00f6rnek olarak konumlanacak <strong>TORKAM E5<\/strong>, 20.776,46 metrekare arsa \u00fczerinde y\u00fckseliyor. Metro dura\u011f\u0131 ile b\u00fct\u00fcnle\u015fecek bir yap\u0131da tasarlanan <strong>TORKAM E5<\/strong> projesinde zemin alt\u0131nda (-7) kat bulunuyor.<\/p>\n<p>Toplam in\u015faat alan\u0131 127 bin metrekareye ula\u015fan projeyle b\u00f6lgeye 234 rezidans daire, 117 ofis, 310 cadde d\u00fckkan\u0131 ve 896 ara\u00e7l\u0131k otopark kazand\u0131r\u0131lacak.<\/p>\n<p>1+1, 2+1 ve 3+1 rezidans dairelerin yer ald\u0131\u011f\u0131 projede konut b\u00fcy\u00fckl\u00fckleri 54 metrekare ile 124 metrekare, birle\u015ftirilebilme \u00f6zelli\u011fine sahip ofislerin b\u00fcy\u00fckl\u00fckleri ise 78 metrekare ile 178 metrekare aras\u0131nda de\u011fi\u015fiklik g\u00f6steriyor.<\/p>\n<p>127 bin metrekare in\u015faat alan\u0131na sahip projede teslimlerin Ekim 2020\u2019de yap\u0131lmas\u0131 planlan\u0131yor.<\/p>\n<p>&nbsp;<\/p>\n<p>&nbsp;<\/p>\n<p>&nbsp;<\/p>\n","protected":false},"excerpt":{"rendered":"<p>3 Milyon ki\u015finin \u00f6n\u00fcnden 700 bin ki\u015finin i\u00e7inden ge\u00e7ti\u011fi ticari \u00fcniteler sat\u0131\u015fa \u00e7\u0131k\u0131yor.\u00a0\u201cTORKAM E5 A\u00c7IK \u00c7AR\u015eI\u201d\u00a0TORKAM birikimi ve TOK\u0130 g\u00fcvencesiyle E5 Otoyolu\u2019nun Sefak\u00f6y &#8211; Florya aks\u0131nda \u0130n\u015fa edilen TORKAM E5, toplu ula\u015f\u0131m a\u011flar\u0131n\u0131n merkezinde yer alan konumu ile en g\u00f6zde yat\u0131r\u0131m projesi olarak dikkat \u00e7ekiyor. Firma, TORKAM E5 A\u00e7\u0131k \u00c7ar\u015f\u0131\u2019da 60 ay 0 faiz avantaj\u0131yla [&hellip;]<\/p>\n","protected":false},"author":1,"featured_media":28046,"comment_status":"open","ping_status":"open","sticky":false,"template":"","format":"standard","meta":{"ngg_post_thumbnail":0},"categories":[5388],"tags":[11725,13443,10560,11727],"_links":{"self":[{"href":"https:\/\/emlaktuel.com\/index.php?rest_route=\/wp\/v2\/posts\/28039"}],"collection":[{"href":"https:\/\/emlaktuel.com\/index.php?rest_route=\/wp\/v2\/posts"}],"about":[{"href":"https:\/\/emlaktuel.com\/index.php?rest_route=\/wp\/v2\/types\/post"}],"author":[{"embeddable":true,"href":"https:\/\/emlaktuel.com\/index.php?rest_route=\/wp\/v2\/users\/1"}],"replies":[{"embeddable":true,"href":"https:\/\/emlaktuel.com\/index.php?rest_route=%2Fwp%2Fv2%2Fcomments&post=28039"}],"version-history":[{"count":3,"href":"https:\/\/emlaktuel.com\/index.php?rest_route=\/wp\/v2\/posts\/28039\/revisions"}],"predecessor-version":[{"id":28048,"href":"https:\/\/emlaktuel.com\/index.php?rest_route=\/wp\/v2\/posts\/28039\/revisions\/28048"}],"wp:featuredmedia":[{"embeddable":true,"href":"https:\/\/emlaktuel.com\/index.php?rest_route=\/wp\/v2\/media\/28046"}],"wp:attachment":[{"href":"https:\/\/emlaktuel.com\/index.php?rest_route=%2Fwp%2Fv2%2Fmedia&parent=28039"}],"wp:term":[{"taxonomy":"category","embeddable":true,"href":"https:\/\/emlaktuel.com\/index.php?rest_route=%2Fwp%2Fv2%2Fcategories&post=28039"},{"taxonomy":"post_tag","embeddable":true,"href":"https:\/\/emlaktuel.com\/index.php?rest_route=%2Fwp%2Fv2%2Ftags&post=28039"}],"curies":[{"name":"wp","href":"https:\/\/api.w.org\/{rel}","templated":true}]}}