{"id":28035,"date":"2019-04-08T10:56:09","date_gmt":"2019-04-08T07:56:09","guid":{"rendered":"https:\/\/emlaktuel.com\/?p=28035"},"modified":"2019-04-08T10:56:09","modified_gmt":"2019-04-08T07:56:09","slug":"sanayi-tesisleri-bir-yanginla-kul-olmayacak","status":"publish","type":"post","link":"https:\/\/emlaktuel.com\/?p=28035","title":{"rendered":"Sanayi tesisleri bir yang\u0131nla k\u00fcl olmayacak"},"content":{"rendered":"<h4>Ytong\u2019dan alevlere ge\u00e7it vermeyen. Yang\u0131n Duvar\u0131 \u00c7\u00f6z\u00fcm\u00fc\u00a0<strong>Yap\u0131 malzemesi sekt\u00f6r\u00fcn\u00fcn \u00f6nc\u00fc kurulu\u015fu T\u00fcrk Ytong, sanayi yap\u0131lar\u0131n\u0131 g\u00fcvenli yang\u0131n \u00e7\u00f6z\u00fcmleriyle bulu\u015fturuyor. Alevlerin yay\u0131lma<\/strong><strong>s\u0131n\u0131 Ytong Yang\u0131n Duvar\u0131 ile \u00f6nl\u00fcyor.<\/strong><\/h4>\n<p>T\u00fcrkiye\u2019de sanayi yap\u0131lar\u0131, son d\u00f6nemlerde s\u0131k\u00e7a ya\u015fanan yang\u0131n olaylar\u0131 ile g\u00fcndeme geliyor. \u00dclke ekonomisi a\u00e7\u0131s\u0131ndan b\u00fcy\u00fck \u00f6neme sahip olan bu yat\u0131r\u0131mlar, beklenmedik yang\u0131nlarla b\u00fcy\u00fck hasara u\u011fruyor ya da tamamen yok oluyor. Sanayi yap\u0131lar\u0131ndaki yang\u0131n riskinin ve yang\u0131n\u0131n neden oldu\u011fu kay\u0131plar\u0131n, pasif yap\u0131sal yang\u0131n g\u00fcvenlik \u00f6nlemleri ile b\u00fcy\u00fck \u00f6l\u00e7\u00fcde \u00f6nlenmesi m\u00fcmk\u00fcn. Bunun i\u00e7in yap\u0131lar\u0131n yang\u0131na dayan\u0131kl\u0131 yap\u0131 elemanlar\u0131 ile tasarlanmas\u0131, in\u015fa edilmesi ve olas\u0131 bir yang\u0131n durumunda alevlerin ve duman\u0131n yay\u0131lmas\u0131n\u0131 \u00f6nleyici nitelikte planlanm\u0131\u015f olmas\u0131 gerekiyor. Sanayi yap\u0131lar\u0131 gibi b\u00fcy\u00fck \u00f6l\u00e7ekli yap\u0131larda yang\u0131n\u0131n ilerlemesini ve yay\u0131lmas\u0131n\u0131 \u00f6nlemek i\u00e7in yap\u0131y\u0131 yang\u0131n duvarlar\u0131 ile b\u00f6l\u00fcmlere ay\u0131rmak en etkili \u00f6nlemlerden biri.<\/p>\n<p>240 dakikaya kadar yang\u0131na dayanan Ytong Yang\u0131n Duvarlar\u0131, yang\u0131n\u0131n ilerlemesini ve yap\u0131n\u0131n di\u011fer b\u00f6l\u00fcmlerine yay\u0131lmas\u0131n\u0131 \u00f6nleyerek, kurtarma ve tahliye \u00e7al\u0131\u015fmalar\u0131na, itfaiyenin daha etkin bir m\u00fcdahalesine olanak sa\u011fl\u0131yor.<\/p>\n<p><strong>Yang\u0131na 4 saat boyunca dayan\u0131r<\/strong><\/p>\n<p><strong>T\u00fcrk Ytong Genel M\u00fcd\u00fcr\u00fc G\u00f6khan Erel, <\/strong>uluslararas\u0131 standartlarda yang\u0131n duvarlar\u0131ndan 240 dakikaya varan yang\u0131n dayan\u0131mlar\u0131 beklendi\u011fine dikkat \u00e7ekerek, \u201cT\u00fcrkiye\u2019de y\u00fcr\u00fcrl\u00fckte olan Binalar\u0131n Yang\u0131ndan Korunmas\u0131 Hakk\u0131nda Y\u00f6netmelik\u2019te yang\u0131n duvarlar\u0131n\u0131n en az 90 dakika yang\u0131na dayan\u0131kl\u0131 olacak \u015fekilde projelendirilmesi gerekti\u011fi belirtilmi\u015ftir. \u00dclkemizde end\u00fcstriyel tesislerdeki yang\u0131nlar\u0131n s\u0131kl\u0131\u011f\u0131 ve sebep oldu\u011fu kay\u0131plar d\u00fc\u015f\u00fcn\u00fcld\u00fc\u011f\u00fcnde, yang\u0131n duvarlar\u0131 i\u00e7in daha y\u00fcksek de\u011ferlerin belirlenmesine ihtiya\u00e7 oldu\u011funu s\u00f6yleyebiliriz.\u201d dedi.<\/p>\n<p>G\u00f6khan Erel \u015f\u00f6yle devam etti: \u201cA1 s\u0131n\u0131f\u0131 hi\u00e7 yanmaz \u00f6zellikteki Ytong paneller ile olu\u015fturdu\u011fumuz <strong>Ytong Yang\u0131n Duvar\u0131<\/strong>, yasal d\u00fczenlemelerle belirlenenin \u00e7ok daha \u00fczerinde bir de\u011ferle, 240 dakikaya ula\u015fan s\u00fcrelerde yang\u0131na dayan\u0131m sa\u011fl\u0131yor. <strong>Ytong Yang\u0131n Duvarlar\u0131<\/strong>, y\u00fcksek performans\u0131n\u0131n yan\u0131nda yang\u0131n esnas\u0131nda alev alm\u0131yor, yanm\u0131yor, zehirli gazlar ve duman a\u00e7\u0131\u011fa \u00e7\u0131karm\u0131yor.<\/p>\n<p>Sanayi yap\u0131lar\u0131 i\u00e7erisinde <strong>Yang\u0131n Duvar\u0131<\/strong> olarak kullan\u0131lmas\u0131n\u0131n yan\u0131nda, yap\u0131n\u0131n \u00e7at\u0131 ve d\u0131\u015f duvarlar\u0131 da Ytong panellerle olu\u015fturulabilir. Bu sayede yap\u0131 d\u0131\u015f\u0131nda \u00e7\u0131kan bir yang\u0131n\u0131n yap\u0131 i\u00e7erisine ilerlemesi engellenir. B\u00f6ylece yap\u0131 tamam\u0131yla yang\u0131na dayan\u0131kl\u0131 olarak in\u015fa edilmi\u015f olur.\u201d<\/p>\n","protected":false},"excerpt":{"rendered":"<p>Ytong\u2019dan alevlere ge\u00e7it vermeyen. Yang\u0131n Duvar\u0131 \u00c7\u00f6z\u00fcm\u00fc\u00a0Yap\u0131 malzemesi sekt\u00f6r\u00fcn\u00fcn \u00f6nc\u00fc kurulu\u015fu T\u00fcrk Ytong, sanayi yap\u0131lar\u0131n\u0131 g\u00fcvenli yang\u0131n \u00e7\u00f6z\u00fcmleriyle bulu\u015fturuyor. Alevlerin yay\u0131lmas\u0131n\u0131 Ytong Yang\u0131n Duvar\u0131 ile \u00f6nl\u00fcyor. T\u00fcrkiye\u2019de sanayi yap\u0131lar\u0131, son d\u00f6nemlerde s\u0131k\u00e7a ya\u015fanan yang\u0131n olaylar\u0131 ile g\u00fcndeme geliyor. \u00dclke ekonomisi a\u00e7\u0131s\u0131ndan b\u00fcy\u00fck \u00f6neme sahip olan bu yat\u0131r\u0131mlar, beklenmedik yang\u0131nlarla b\u00fcy\u00fck hasara u\u011fruyor ya da tamamen [&hellip;]<\/p>\n","protected":false},"author":1,"featured_media":22979,"comment_status":"open","ping_status":"open","sticky":false,"template":"","format":"standard","meta":{"ngg_post_thumbnail":0},"categories":[26],"tags":[7900],"_links":{"self":[{"href":"https:\/\/emlaktuel.com\/index.php?rest_route=\/wp\/v2\/posts\/28035"}],"collection":[{"href":"https:\/\/emlaktuel.com\/index.php?rest_route=\/wp\/v2\/posts"}],"about":[{"href":"https:\/\/emlaktuel.com\/index.php?rest_route=\/wp\/v2\/types\/post"}],"author":[{"embeddable":true,"href":"https:\/\/emlaktuel.com\/index.php?rest_route=\/wp\/v2\/users\/1"}],"replies":[{"embeddable":true,"href":"https:\/\/emlaktuel.com\/index.php?rest_route=%2Fwp%2Fv2%2Fcomments&post=28035"}],"version-history":[{"count":1,"href":"https:\/\/emlaktuel.com\/index.php?rest_route=\/wp\/v2\/posts\/28035\/revisions"}],"predecessor-version":[{"id":28036,"href":"https:\/\/emlaktuel.com\/index.php?rest_route=\/wp\/v2\/posts\/28035\/revisions\/28036"}],"wp:featuredmedia":[{"embeddable":true,"href":"https:\/\/emlaktuel.com\/index.php?rest_route=\/wp\/v2\/media\/22979"}],"wp:attachment":[{"href":"https:\/\/emlaktuel.com\/index.php?rest_route=%2Fwp%2Fv2%2Fmedia&parent=28035"}],"wp:term":[{"taxonomy":"category","embeddable":true,"href":"https:\/\/emlaktuel.com\/index.php?rest_route=%2Fwp%2Fv2%2Fcategories&post=28035"},{"taxonomy":"post_tag","embeddable":true,"href":"https:\/\/emlaktuel.com\/index.php?rest_route=%2Fwp%2Fv2%2Ftags&post=28035"}],"curies":[{"name":"wp","href":"https:\/\/api.w.org\/{rel}","templated":true}]}}