{"id":27958,"date":"2019-04-04T14:03:22","date_gmt":"2019-04-04T11:03:22","guid":{"rendered":"https:\/\/emlaktuel.com\/?p=27958"},"modified":"2019-04-04T14:03:22","modified_gmt":"2019-04-04T11:03:22","slug":"marmara-evleri-4te-lale-festivali-basliyor","status":"publish","type":"post","link":"https:\/\/emlaktuel.com\/?p=27958","title":{"rendered":"Marmara Evleri 4&#8217;te lale festivali ba\u015fl\u0131yor"},"content":{"rendered":"<p><strong>Beylikd\u00fcz\u00fc\u2019nde in\u015fa etti\u011fi Marmara Evleri 1, 2 ve 3 projelerinde toplam 5.400 aileyi ev sahibi yapan \u0130hlas Yap\u0131, serinin en yenisi Marmara Evleri 4\u2019te iddial\u0131 ve yepyeni bir konseptle haz\u0131rlanan \u00f6rnek daireyi ziyaret edenlere lale hediye ederek festivali ya\u015fat\u0131yor.<\/strong><\/p>\n<p>Bizim Evler ve Marmara Evleri Markal\u0131 konut projelerine imza atan \u0130hlas Yap\u0131, Beylikd\u00fcz\u00fc\u2019nde konumland\u0131rd\u0131\u011f\u0131 Marmara Evleri serisinin en yenisi Marmara Evleri 4\u2019te kaba in\u015faat\u0131 tamamland\u0131. Firma yetkilileri, kullan\u0131lan malzeme ve mimari tercihlerinin en anla\u015f\u0131l\u0131r ve g\u00fczel bir \u015fekilde g\u00f6r\u00fclebildi\u011fi \u00f6rnek dairesini g\u00f6rmeye gelenlere sat\u0131\u015f ofisinde ilkbahar\u0131n m\u00fcjdesi lale hediye ediyor.<\/p>\n<p><strong>DE\u011eERL\u0130; Z\u0130YARET\u00c7\u0130LER\u0130M\u0130Z\u0130 LALELER\u0130N\u0130 ALMAYA SATI\u015e OF\u0130S\u0130M\u0130ZE BEKL\u0130YORUZ\u201d<\/strong><\/p>\n<p>Projenin parklar\u0131nda ve peyzaj alanlar\u0131nda lale ve \u00e7i\u00e7eklerin yer alaca\u011f\u0131n\u0131 belirten <strong>Marmara Evleri 4 Sat\u0131\u015f Koordinat\u00f6r\u00fc Mehmet Erhan De\u011ferli<\/strong>, <em>\u201cMarkal\u0131 projelerimiz Marmara Evleri 1, 2 ve 3\u2019te zengin donat\u0131 alanlar\u0131 yer al\u0131yor. <\/em><em>Ayn\u0131 b\u00f6lgede daha \u00f6nce in\u015fa etti\u011fimiz Marmara Evleri 3 projesinden alanlar \u00e7ok kazand\u0131lar. Bu kazanc\u0131 ka\u00e7\u0131ranlara Marmara Evleri 4\u2019te bulu\u015fmaya davet ediyoruz. <\/em><em>Projemizin ye\u015fil alanlar\u0131n\u0131 bir\u00e7ok a\u011fac\u0131n yan\u0131 s\u0131ra ilkbahar\u0131n ba\u015flang\u0131c\u0131 anlam\u0131na gelen ve hayat\u0131 g\u00fczelle\u015ftiren lalelerle donataca\u011f\u0131z. Projemizi ziyaret eden ailelerimize verece\u011fimiz laleler ile b\u00fct\u00fcn balkonlar \u00e7i\u00e7ek a\u00e7acak. Ba\u015flatt\u0131\u011f\u0131m\u0131z etkinlikle Marmara Evleri 4\u2019te festivali ya\u015fat\u0131yoruz.<\/em><em> Lale Festivalimiz 15 Nisan a kadar s\u00fcrecek. Yeni m\u00fc\u015fterilerimizi de g\u00f6ren herkesin \u00e7ok be\u011fendi\u011fi Marmara Evleri 4\u2019\u00fcn \u00f6rnek dairesini gezmeye ve bahar\u0131 m\u00fcjdeleyen hediye laleleri almaya sat\u0131\u015f ofisimize bekliyoruz\u201d dedi.<\/em><\/p>\n<h2><strong>Marmara Evleri 4 aile odakl\u0131 bir proje<\/strong><\/h2>\n<p>Toplamda 639 daire ve 44 adet d\u00fckk\u00e2n\u0131n yer ald\u0131\u011f\u0131 Marmara Evleri 4 projesi aile \u00f6ncelikli bir ya\u015fam anlay\u0131\u015f\u0131yla hayata ge\u00e7iriliyor.<\/p>\n<p>Modern mimarisi ve geni\u015f peyzaj alan\u0131yla b\u00f6lgeye de\u011fer kazand\u0131ran Marmara Evleri 4\u2019te, 2+1, 3+1 ve 4+1 daire tipleri yer al\u0131yor. Geni\u015f ve ferah kullan\u0131m alanlar\u0131n\u0131n bulundu\u011fu projede daireler 126 metrekare ile 204 metrekare aras\u0131nda de\u011fi\u015fiklik g\u00f6steriyor.<\/p>\n<h2><strong>Konforlu ya\u015fam alanlar\u0131 sunuluyor<\/strong><\/h2>\n<p>Peyzaj i\u00e7in geni\u015f alanlar\u0131n ayr\u0131ld\u0131\u011f\u0131 projede; kapal\u0131 y\u00fczme havuzu, \u00e7ocuk oyun park\u0131 ve a\u00e7\u0131k spor alanlar\u0131, y\u00fcr\u00fcy\u00fc\u015f yollar\u0131, \u00e7ok maksatl\u0131 e\u011fitim salonlar\u0131, mescit, taziye evi, bay ve bayanlara \u00f6zel iki\u015fer adet fitness salonu, hamam ve saunalar yer al\u0131yor.<\/p>\n<p>Estetik mimarisi, birinci s\u0131n\u0131f ankastreli, konforlu daireleri, g\u00fcnl\u00fck ihtiya\u00e7lar\u0131n kar\u015f\u0131lanabilece\u011fi d\u00fckk\u00e2nlar\u0131 ve zengin ya\u015fam alanlar\u0131yla keyifli bir site hayat\u0131 sunan proje; 24 saat g\u00fcvenlik, kesintisiz jenerat\u00f6r hizmeti ve her daire i\u00e7in kapal\u0131 otopark ta standart olarak sakinlerine sunuluyor.<\/p>\n<h2><strong>Bir \u00e7ok ula\u015f\u0131m imkan\u0131na sahip<\/strong><\/h2>\n<p>Ula\u015f\u0131m a\u00e7\u0131s\u0131ndan avantajl\u0131 bir konumda yer alan Marmara Evleri 4, \u0130stanbul\u2019un en i\u015flek ula\u015f\u0131m aks\u0131 olan E-5 ve TEM Otoyoluna, E\u011fitim Kurumlar\u0131 ve AVM\u2019lere yak\u0131nl\u0131\u011f\u0131 ile \u00f6ne \u00e7\u0131k\u0131yor. Yap\u0131m\u0131 planlanan Beylikd\u00fcz\u00fc Metrosu\u2019nun Yakuplu istasyonuna kom\u015fu olan proje, gelecekte de deniz yolu ile yolcu ta\u015f\u0131mas\u0131n\u0131n merkez \u00fcss\u00fc olmas\u0131 planlanan Ambarl\u0131 liman\u0131n\u0131n da yan\u0131 ba\u015f\u0131nda konumlan\u0131yor.<\/p>\n<p>Bug\u00fcne dek projelerinde erken teslimi klasik hale getiren \u0130hlas Yap\u0131, l\u00fcks ve konforlu bir ya\u015fam vadetti\u011fi Marmara Evleri 4 sitesini 2020\u2019de teslim etmeyi planl\u0131yor.<\/p>\n<p><em><u>\u00a0<\/u><\/em><\/p>\n","protected":false},"excerpt":{"rendered":"<p>Beylikd\u00fcz\u00fc\u2019nde in\u015fa etti\u011fi Marmara Evleri 1, 2 ve 3 projelerinde toplam 5.400 aileyi ev sahibi yapan \u0130hlas Yap\u0131, serinin en yenisi Marmara Evleri 4\u2019te iddial\u0131 ve yepyeni bir konseptle haz\u0131rlanan \u00f6rnek daireyi ziyaret edenlere lale hediye ederek festivali ya\u015fat\u0131yor. Bizim Evler ve Marmara Evleri Markal\u0131 konut projelerine imza atan \u0130hlas Yap\u0131, Beylikd\u00fcz\u00fc\u2019nde konumland\u0131rd\u0131\u011f\u0131 Marmara Evleri [&hellip;]<\/p>\n","protected":false},"author":1,"featured_media":27959,"comment_status":"open","ping_status":"open","sticky":false,"template":"","format":"standard","meta":{"ngg_post_thumbnail":0},"categories":[5388],"tags":[13417,13414,13416,13415],"_links":{"self":[{"href":"https:\/\/emlaktuel.com\/index.php?rest_route=\/wp\/v2\/posts\/27958"}],"collection":[{"href":"https:\/\/emlaktuel.com\/index.php?rest_route=\/wp\/v2\/posts"}],"about":[{"href":"https:\/\/emlaktuel.com\/index.php?rest_route=\/wp\/v2\/types\/post"}],"author":[{"embeddable":true,"href":"https:\/\/emlaktuel.com\/index.php?rest_route=\/wp\/v2\/users\/1"}],"replies":[{"embeddable":true,"href":"https:\/\/emlaktuel.com\/index.php?rest_route=%2Fwp%2Fv2%2Fcomments&post=27958"}],"version-history":[{"count":1,"href":"https:\/\/emlaktuel.com\/index.php?rest_route=\/wp\/v2\/posts\/27958\/revisions"}],"predecessor-version":[{"id":27960,"href":"https:\/\/emlaktuel.com\/index.php?rest_route=\/wp\/v2\/posts\/27958\/revisions\/27960"}],"wp:featuredmedia":[{"embeddable":true,"href":"https:\/\/emlaktuel.com\/index.php?rest_route=\/wp\/v2\/media\/27959"}],"wp:attachment":[{"href":"https:\/\/emlaktuel.com\/index.php?rest_route=%2Fwp%2Fv2%2Fmedia&parent=27958"}],"wp:term":[{"taxonomy":"category","embeddable":true,"href":"https:\/\/emlaktuel.com\/index.php?rest_route=%2Fwp%2Fv2%2Fcategories&post=27958"},{"taxonomy":"post_tag","embeddable":true,"href":"https:\/\/emlaktuel.com\/index.php?rest_route=%2Fwp%2Fv2%2Ftags&post=27958"}],"curies":[{"name":"wp","href":"https:\/\/api.w.org\/{rel}","templated":true}]}}