{"id":27892,"date":"2019-03-23T15:11:14","date_gmt":"2019-03-23T12:11:14","guid":{"rendered":"https:\/\/emlaktuel.com\/?p=27892"},"modified":"2019-03-23T15:11:14","modified_gmt":"2019-03-23T12:11:14","slug":"mesa-50-yasini-kutlayacak","status":"publish","type":"post","link":"https:\/\/emlaktuel.com\/?p=27892","title":{"rendered":"Mesa 50. ya\u015f\u0131n\u0131 kutlayacak"},"content":{"rendered":"<h4>1969 y\u0131l\u0131nda kurulan ve T\u00fcrkiye\u2019de in\u015faat sekt\u00f6r\u00fcn\u00fcn \u2018kalite\u2019 ve \u2018g\u00fcven\u2019 ile an\u0131lan markas\u0131 olarak bug\u00fcnlere gelen <a href=\"https:\/\/emlaktuel.com\/?s=mesa\">MESA<\/a>, bu sene 50. Y\u0131l\u0131n\u0131 kutluyor.<\/h4>\n<div>\n<p>50 y\u0131ld\u0131r ya\u015fama de\u011fer katan projeleri ile hayata ge\u00e7irmeyi ilke edinen\u00a0<a href=\"https:\/\/emlaktuel.com\/?s=mesa\">MESA<\/a>, bu zamana kadar 11 milyon metrekareyi a\u015fk\u0131n bir alanda \u00fcretti\u011fi 100 binden fazla konuta imza att\u0131.<\/p>\n<p>Ayr\u0131cal\u0131kl\u0131 ya\u015famlar\u0131n yarat\u0131lmas\u0131yla ge\u00e7en\u00a0MESA&#8217;n\u0131n 50 y\u0131ll\u0131k ser\u00fcveninin de\u011ferlendirilece\u011fi ve projelerin 50. y\u0131la \u00f6zel kampanyalar\u0131na da yer verilece\u011fi 50. Y\u0131l Bas\u0131n Toplant\u0131s\u0131, 18 Nisan&#8217;da\u00a0The Ritz Carlton- Cam Salon&#8217;da yap\u0131lacak.<\/p>\n<p><strong>Program\u00a0<\/strong><\/p>\n<p><strong><a href=\"https:\/\/emlaktuel.com\/?s=mesa\">MESA<\/a>\u00a050. Y\u0131l Bas\u0131n Toplant\u0131s\u0131<\/strong><\/p>\n<p><strong>Tarih:\u00a0\u00a0<\/strong>18 Nisan 2019-Per\u015fembe<\/p>\n<p><strong>Saat:\u00a0<\/strong>\u00a0\u00a0 10:00<\/p>\n<p><strong>Yer:\u00a0 \u00a0<\/strong>\u00a0\u00a0 The Ritz Carlton- Cam Salon<\/p>\n<\/div>\n","protected":false},"excerpt":{"rendered":"<p>1969 y\u0131l\u0131nda kurulan ve T\u00fcrkiye\u2019de in\u015faat sekt\u00f6r\u00fcn\u00fcn \u2018kalite\u2019 ve \u2018g\u00fcven\u2019 ile an\u0131lan markas\u0131 olarak bug\u00fcnlere gelen MESA, bu sene 50. Y\u0131l\u0131n\u0131 kutluyor. 50 y\u0131ld\u0131r ya\u015fama de\u011fer katan projeleri ile hayata ge\u00e7irmeyi ilke edinen\u00a0MESA, bu zamana kadar 11 milyon metrekareyi a\u015fk\u0131n bir alanda \u00fcretti\u011fi 100 binden fazla konuta imza att\u0131. Ayr\u0131cal\u0131kl\u0131 ya\u015famlar\u0131n yarat\u0131lmas\u0131yla ge\u00e7en\u00a0MESA&#8217;n\u0131n 50 y\u0131ll\u0131k [&hellip;]<\/p>\n","protected":false},"author":1,"featured_media":27893,"comment_status":"open","ping_status":"open","sticky":false,"template":"","format":"standard","meta":{"ngg_post_thumbnail":0},"categories":[26],"tags":[4627,9592],"_links":{"self":[{"href":"https:\/\/emlaktuel.com\/index.php?rest_route=\/wp\/v2\/posts\/27892"}],"collection":[{"href":"https:\/\/emlaktuel.com\/index.php?rest_route=\/wp\/v2\/posts"}],"about":[{"href":"https:\/\/emlaktuel.com\/index.php?rest_route=\/wp\/v2\/types\/post"}],"author":[{"embeddable":true,"href":"https:\/\/emlaktuel.com\/index.php?rest_route=\/wp\/v2\/users\/1"}],"replies":[{"embeddable":true,"href":"https:\/\/emlaktuel.com\/index.php?rest_route=%2Fwp%2Fv2%2Fcomments&post=27892"}],"version-history":[{"count":1,"href":"https:\/\/emlaktuel.com\/index.php?rest_route=\/wp\/v2\/posts\/27892\/revisions"}],"predecessor-version":[{"id":27894,"href":"https:\/\/emlaktuel.com\/index.php?rest_route=\/wp\/v2\/posts\/27892\/revisions\/27894"}],"wp:featuredmedia":[{"embeddable":true,"href":"https:\/\/emlaktuel.com\/index.php?rest_route=\/wp\/v2\/media\/27893"}],"wp:attachment":[{"href":"https:\/\/emlaktuel.com\/index.php?rest_route=%2Fwp%2Fv2%2Fmedia&parent=27892"}],"wp:term":[{"taxonomy":"category","embeddable":true,"href":"https:\/\/emlaktuel.com\/index.php?rest_route=%2Fwp%2Fv2%2Fcategories&post=27892"},{"taxonomy":"post_tag","embeddable":true,"href":"https:\/\/emlaktuel.com\/index.php?rest_route=%2Fwp%2Fv2%2Ftags&post=27892"}],"curies":[{"name":"wp","href":"https:\/\/api.w.org\/{rel}","templated":true}]}}