{"id":27876,"date":"2019-03-23T10:17:49","date_gmt":"2019-03-23T07:17:49","guid":{"rendered":"https:\/\/emlaktuel.com\/?p=27876"},"modified":"2019-03-23T10:17:49","modified_gmt":"2019-03-23T07:17:49","slug":"taksim-360-ofislerinde-ilk-anahtarlar-teslim-edildi","status":"publish","type":"post","link":"https:\/\/emlaktuel.com\/?p=27876","title":{"rendered":"Taksim 360 ofislerinde ilk anahtarlar teslim edildi"},"content":{"rendered":"<h4>T\u00fcrkiye\u2019de kamu-\u00f6zel sekt\u00f6r i\u015f birli\u011fin ile ger\u00e7ekle\u015ftirmi\u015f olan ilk ve en b\u00fcy\u00fck kentsel yenileme projesi Taksim 360\u2019ta, ilk etapta ofislerin anahtar teslimi yap\u0131ld\u0131. Beyo\u011flu Belediyesi ve \u00c7al\u0131k Holding kat\u0131l\u0131mlar\u0131 ile Gap \u0130n\u015faat\u2019\u0131n i\u015f birli\u011fide hayata ge\u00e7irilen, T\u00fcrkiye\u2019de ki kamu-\u00f6zel sekt\u00f6r i\u015fbirli\u011fi ile ger\u00e7ekle\u015fen ilk en b\u00fcy\u00fck kentsel yenileme projesi Taksim 360\u2019ta, ilk etapta ofislerin anahtar teslimi 22 Mart Cuma g\u00fcn\u00fc t\u00f6renle yap\u0131ld\u0131.<\/h4>\n<h4>T\u00f6rene, Beyo\u011flu Belediye Ba\u015fkan\u0131 Ahmet Misbah Demircan, AK Parti Beyo\u011flu Belediye Ba\u015fkan Aday\u0131 Haydar Ali Y\u0131ld\u0131z, GAP \u0130n\u015faat Y\u00f6netim Kurulu Ba\u015fkan Vekili Ahmet Ta\u00e7y\u0131ld\u0131z, Ortodoks Cemaati Ruhani Lideri ve Patrik Vekili Yusuf \u00c7etin\u2019in yan\u0131 s\u0131ra \u00e7ok say\u0131da davetli ve vatanda\u015flar da kat\u0131ld\u0131.<\/h4>\n<h3>Tarihi doku ile modern mimariyi bir arada sunan prestijli konseptiyle odak noktas\u0131nda<\/h3>\n<p>Yat\u0131r\u0131m de\u011feri ile \u00f6ne \u00e7\u0131kan, bu nedenle yerli ve yabanc\u0131 yat\u0131r\u0131mc\u0131lar\u0131n odak noktas\u0131nda yer alan Taksim 360 ofis alanlar\u0131, 63 ila 630 metrekare aras\u0131nda de\u011fi\u015fen b\u00fcy\u00fckl\u00fcklere sahip. Konumu itibari ile Tarlaba\u015f\u0131 Bulvar\u0131 ve tamamen ara\u00e7 trafi\u011fine kapal\u0131 olan konsept caddeyede cepheye sahip olan ofisler, tarihi dokuyla i\u00e7 i\u00e7e olmas\u0131 kadar modern hatlar\u0131, ayd\u0131nl\u0131k mimarisi ve prestijli konseptiyle de ilgiyi \u00fczerine \u00e7ekiyor. Taksim\u2019in merkezindeki konumuyla hem ula\u015f\u0131m hem de sosyal ya\u015fam konforu sunan Taksim 360 ofislerinin her biri yaln\u0131zca kendine has \u00f6zellikler bar\u0131nd\u0131r\u0131yor.<\/p>\n<p>Projenin y\u00fczde 10\u2019luk b\u00f6l\u00fcm\u00fcn\u00fc olu\u015fturan ve sat\u0131\u015fa \u00e7\u0131kar\u0131lan ilk etapta yer alan 96 ofis, doktor, avukat, mali m\u00fc\u015favir, sanat\u00e7\u0131 gibi meslek gruplar\u0131ndan \u00f6ne \u00e7\u0131kan isimler taraf\u0131ndan tercih edildi.<\/p>\n<p>Anahtar teslim t\u00f6reninde konu\u015fan Beyo\u011flu Belediye Ba\u015fkan\u0131 Ahmet Misbah Demircan;<\/p>\n<p>\u2018\u2019Bug\u00fcn bir r\u00fcyan\u0131n ger\u00e7ek oldu\u011fu \u00e7ok anlaml\u0131 bir g\u00fcn. 2004 y\u0131l\u0131nda Tarlaba\u015f\u0131\u2019na \u00e7\u00f6z\u00fcm bulmak amac\u0131yla yola \u00e7\u0131kt\u0131k. Cumhurba\u015fkan\u0131m\u0131z\u0131n talimat\u0131yla ba\u015flad\u0131\u011f\u0131m\u0131z Tarlaba\u015f\u0131 projesinde re\u00e7eteyi do\u011fru belirledik. Gerekli kanunlar\u0131n d\u00fczenlenmesi konusunda t\u00fcm payda\u015flarla uzla\u015farak ilerledik. Geldi\u011fimiz noktada, modern ihtiya\u00e7lar\u0131 kar\u015f\u0131lad\u0131k. Orijinal mimariye ve tarihe sayg\u0131 g\u00f6sterdik. Sivil \u00f6rnekleri koruyarak sonuca ula\u015ft\u0131k.<\/p>\n<p>\u2018\u2019Ada bazl\u0131 d\u00f6n\u00fc\u015f\u00fcm\u2019\u2019 yapma terminolojisini ilk olarak Taksim360 projesi getirdi. L\u00fcbnan ve Londra\u2019da ya\u015fanan kentsel yenileme projelerinde oldu\u011fu gibi ortaya T\u00fcrkiye\u2019de benzer proje \u00f6rneklerine ilham verecek bir proje \u00e7\u0131kt\u0131. Taksim360 projesi \u0130stanbul Okmeydan\u0131\u2019nda da ada bazl\u0131 d\u00f6n\u00fc\u015f\u00fcme \u00f6rnek oldu.<\/p>\n<p>Biz burada bina yapm\u0131yoruz. Beyo\u011flu\u2019nu k\u00fcllerinden hayata kazand\u0131r\u0131yoruz. Buras\u0131n\u0131 bir mektep gibi g\u00f6r\u00fcyoruz. Bu projeyi d\u00f6nemim i\u00e7inde a\u00e7m\u0131\u015f olmak bana ayr\u0131ca gurur veriyor. G\u00fczel bir final yapt\u0131k, eme\u011fi ge\u00e7en herkese te\u015fekk\u00fcr ediyorum\u2019\u2019 dedi.<\/p>\n<p>Teslim t\u00f6reninde konu\u015fan AK Parti Beyo\u011flu Ba\u015fkan Aday\u0131 Haydar Ali Y\u0131ld\u0131z; \u201cTaksim360 projesinde yap\u0131lan koruma, asl\u0131nda \u015fehri koruma ad\u0131na yap\u0131lan bir \u00e7al\u0131\u015fma. Taksim360 projesi Beyo\u011flu\u2019nun yenilenerek g\u00fczelle\u015fmesine vesile olsun.<\/p>\n<p>Medeniyetler i\u00e7in de\u011fi\u015fmez \u00fc\u00e7 ana unsur vard\u0131r: insan, zaman ve mekan. Biz de ayn\u0131 anlay\u0131\u015fla, tarih, mekan, insan \u00fc\u00e7geninde buray\u0131 daha g\u00fczelle\u015ftirerek gelece\u011fe ta\u015f\u0131may\u0131 ama\u00e7layaca\u011f\u0131z. Medeniyetlerin merkezi farkl\u0131 k\u00fclt\u00fcrleri ya\u015fam alanlar\u0131 bar\u0131nd\u0131rmas\u0131yla ayr\u0131 bir yeri olan Beyo\u011flu, eski bir yerle\u015fim merkezi. Tarihi dokuyu ve \u015fehrin ruhunu koruma a\u00e7\u0131s\u0131ndan me\u015fakkatli ge\u00e7en bu s\u00fcre\u00e7te ya\u015fam\u0131 ileri ta\u015f\u0131mak anlam\u0131nda son derece ba\u015far\u0131l\u0131 olan bu g\u00fczel \u00e7al\u0131\u015fmada eme\u011fi ge\u00e7en herkesi tebrik ediyorum.\u2019\u2019 dedi.<\/p>\n<p><img loading=\"lazy\" class=\"aligncenter size-full wp-image-27877\" src=\"https:\/\/emlaktuel.com\/wp-content\/uploads\/2019\/03\/Taksim-360.jpg\" alt=\"\" width=\"400\" height=\"279\" \/><\/p>\n<p>Ortodoks Cemaati Ruhani Lideri ve Patrik Vekili Yusuf \u00c7etin, projede eme\u011fi ge\u00e7en herkese te\u015fekk\u00fcr etti.<\/p>\n<p>Konu\u015fmalar\u0131n ard\u0131ndan tapu ve temsili anahtar tesliminin ger\u00e7ekle\u015fti. Proje alan\u0131nda yer sahibi olanlar anahtar ve tapular\u0131n\u0131 Beyo\u011flu Belediye Ba\u015fkan\u0131 Ahmet Misbah Demircan, Gap \u0130n\u015faat Y\u00f6netim Kurulu Ba\u015fkan Vekili Ahmet Ta\u00e7y\u0131ld\u0131z ve AK Parti Beyo\u011flu Belediye Ba\u015fkan Aday\u0131 Haydar Ali Y\u0131ld\u0131z\u2019\u0131n elinden ald\u0131lar.<\/p>\n<h4>Taksim 360 ile \u0130stanbul yeni bir ya\u015fam alan\u0131na kavu\u015fuyor<\/h4>\n<p>\u0130stanbul\u2019un en \u00f6nemli \u00e7ekim merkezi olan Taksim Meydan\u0131\u2019na 350 metre, \u0130stiklal Caddesi\u2019ne ise sadece 180 metre mesafede yer alan Taksim 360\u2019ta, 9 ada \u00fczerinde 25 bin metrekare alan \u00fczerine kurulu, ofis, rezidans, konut ve ma\u011faza alanlar\u0131yla birlikte 971 \u00fcnite yer al\u0131yor. Projede t\u00fcm ofis ve konutlar i\u00e7in yakla\u015f\u0131k 1.000 ara\u00e7 kapasiteli yeralt\u0131 otoparklar\u0131 ve sosyal faaliyetlerin yo\u011funla\u015faca\u011f\u0131 yaya alanlar\u0131 olu\u015fturuluyor.<\/p>\n<p>Taksim 360 projesini b\u00f6lgenin en \u00f6nemli \u00e7ekim merkezi haline getirecek ve titizlikle yap\u0131lacak olan kirac\u0131 karmas\u0131 ile 16 bin metrekare kiralanabilir ticari alanlar\u0131 ve 60 bin metrekare alanda, ticari, sosyal ve k\u00fclt\u00fcrel olarak t\u00fcm ihtiya\u00e7lar\u0131 kar\u015f\u0131layacak bir ya\u015fam alan\u0131 hayata ge\u00e7iriliyor. Taksim360\u2019\u0131n tarihi sokak ve caddelerinde sanat galerileri, d\u00fcnyaca \u00fcnl\u00fc global l\u00fcks markalar, \u015f\u0131k ma\u011fazalar ve restoranlarla \u2018ya\u015fayan sokak\u2019 kavram\u0131n\u0131n hayata ge\u00e7irilmesi hedefleniyor.<\/p>\n","protected":false},"excerpt":{"rendered":"<p>T\u00fcrkiye\u2019de kamu-\u00f6zel sekt\u00f6r i\u015f birli\u011fin ile ger\u00e7ekle\u015ftirmi\u015f olan ilk ve en b\u00fcy\u00fck kentsel yenileme projesi Taksim 360\u2019ta, ilk etapta ofislerin anahtar teslimi yap\u0131ld\u0131. Beyo\u011flu Belediyesi ve \u00c7al\u0131k Holding kat\u0131l\u0131mlar\u0131 ile Gap \u0130n\u015faat\u2019\u0131n i\u015f birli\u011fide hayata ge\u00e7irilen, T\u00fcrkiye\u2019de ki kamu-\u00f6zel sekt\u00f6r i\u015fbirli\u011fi ile ger\u00e7ekle\u015fen ilk en b\u00fcy\u00fck kentsel yenileme projesi Taksim 360\u2019ta, ilk etapta ofislerin anahtar [&hellip;]<\/p>\n","protected":false},"author":1,"featured_media":27878,"comment_status":"open","ping_status":"open","sticky":false,"template":"","format":"standard","meta":{"ngg_post_thumbnail":0},"categories":[5388],"tags":[6581,13398,6582],"_links":{"self":[{"href":"https:\/\/emlaktuel.com\/index.php?rest_route=\/wp\/v2\/posts\/27876"}],"collection":[{"href":"https:\/\/emlaktuel.com\/index.php?rest_route=\/wp\/v2\/posts"}],"about":[{"href":"https:\/\/emlaktuel.com\/index.php?rest_route=\/wp\/v2\/types\/post"}],"author":[{"embeddable":true,"href":"https:\/\/emlaktuel.com\/index.php?rest_route=\/wp\/v2\/users\/1"}],"replies":[{"embeddable":true,"href":"https:\/\/emlaktuel.com\/index.php?rest_route=%2Fwp%2Fv2%2Fcomments&post=27876"}],"version-history":[{"count":1,"href":"https:\/\/emlaktuel.com\/index.php?rest_route=\/wp\/v2\/posts\/27876\/revisions"}],"predecessor-version":[{"id":27879,"href":"https:\/\/emlaktuel.com\/index.php?rest_route=\/wp\/v2\/posts\/27876\/revisions\/27879"}],"wp:featuredmedia":[{"embeddable":true,"href":"https:\/\/emlaktuel.com\/index.php?rest_route=\/wp\/v2\/media\/27878"}],"wp:attachment":[{"href":"https:\/\/emlaktuel.com\/index.php?rest_route=%2Fwp%2Fv2%2Fmedia&parent=27876"}],"wp:term":[{"taxonomy":"category","embeddable":true,"href":"https:\/\/emlaktuel.com\/index.php?rest_route=%2Fwp%2Fv2%2Fcategories&post=27876"},{"taxonomy":"post_tag","embeddable":true,"href":"https:\/\/emlaktuel.com\/index.php?rest_route=%2Fwp%2Fv2%2Ftags&post=27876"}],"curies":[{"name":"wp","href":"https:\/\/api.w.org\/{rel}","templated":true}]}}