{"id":27804,"date":"2019-03-18T13:16:30","date_gmt":"2019-03-18T10:16:30","guid":{"rendered":"https:\/\/emlaktuel.com\/?p=27804"},"modified":"2019-03-18T13:16:30","modified_gmt":"2019-03-18T10:16:30","slug":"senol-ucuncu-faizler-duserse-yerli-yatirimci-birikimini-konuta-yatiracaktir","status":"publish","type":"post","link":"https:\/\/emlaktuel.com\/?p=27804","title":{"rendered":"\u015eenol \u00dc\u00e7\u00fcnc\u00fc: \u201cFaizler d\u00fc\u015ferse yerli yat\u0131r\u0131mc\u0131 birikimini konuta yat\u0131racakt\u0131r\u201d"},"content":{"rendered":"<p>\u201cFaizler d\u00fc\u015ferse yerli yat\u0131r\u0131mc\u0131 birikimini konuta yat\u0131racakt\u0131r\u201d<br \/>\n&#8220;T\u00dc\u0130K \u015eubat ay\u0131 konut sat\u0131\u015f rakamlar\u0131na bakt\u0131\u011f\u0131m\u0131zda yabanc\u0131ya sat\u0131\u015fta yine sevindirici rakamlar geldi\u011fini g\u00f6r\u00fcyoruz. Yabanc\u0131ya sat\u0131\u015f her ge\u00e7en g\u00fcn daha da art\u0131yor. Burada gurbet\u00e7ilerin etkisi olduk\u00e7a fazla, yurtd\u0131\u015f\u0131nda ya\u015fayan ancak T\u00fcrkiye\u2019den bir ev alma hayali olan gurbet\u00e7ilerin harekete ge\u00e7ti\u011fi bir d\u00f6nemdeyiz. Yabanc\u0131lara yap\u0131lan konut sat\u0131\u015flar\u0131 ise bir \u00f6nceki y\u0131l\u0131n ayn\u0131 ay\u0131na g\u00f6re y\u00fczde 92,1 art\u0131\u015f oldu\u011funu g\u00f6r\u00fcyoruz, bu rekor denebilecek bir rakam. Ba\u015fta Almanya olmak \u00fczere Avrupa&#8217;da ya\u015fayan di\u011fer gurbet\u00e7ilerimiz T\u00fcrkiye&#8217;de konut sahibi olmak i\u00e7in d\u00f6vizlerini bozdurarak \u015firketlerin kampanyalar\u0131ndan ve \u00f6deme kolayl\u0131klar\u0131ndan faydalan\u0131yor. Yabanc\u0131ya sat\u0131\u015fta y\u0131l sonunda yeni rekorlara imza at\u0131laca\u011f\u0131n\u0131 d\u00fc\u015f\u00fcn\u00fcyoruz. Burada faiz konusu \u00f6nemli, faizlerde d\u00fc\u015f\u00fc\u015f devam ederse yerli yat\u0131r\u0131mc\u0131 birikimini konuta y\u00f6nlendirecektir. B\u00f6ylece sat\u0131\u015f rakamlar\u0131 daha yukar\u0131lara ta\u015f\u0131nacakt\u0131r.<\/p>\n","protected":false},"excerpt":{"rendered":"<p>\u201cFaizler d\u00fc\u015ferse yerli yat\u0131r\u0131mc\u0131 birikimini konuta yat\u0131racakt\u0131r\u201d &#8220;T\u00dc\u0130K \u015eubat ay\u0131 konut sat\u0131\u015f rakamlar\u0131na bakt\u0131\u011f\u0131m\u0131zda yabanc\u0131ya sat\u0131\u015fta yine sevindirici rakamlar geldi\u011fini g\u00f6r\u00fcyoruz. Yabanc\u0131ya sat\u0131\u015f her ge\u00e7en g\u00fcn daha da art\u0131yor. Burada gurbet\u00e7ilerin etkisi olduk\u00e7a fazla, yurtd\u0131\u015f\u0131nda ya\u015fayan ancak T\u00fcrkiye\u2019den bir ev alma hayali olan gurbet\u00e7ilerin harekete ge\u00e7ti\u011fi bir d\u00f6nemdeyiz. Yabanc\u0131lara yap\u0131lan konut sat\u0131\u015flar\u0131 ise bir \u00f6nceki [&hellip;]<\/p>\n","protected":false},"author":1,"featured_media":22620,"comment_status":"open","ping_status":"open","sticky":false,"template":"","format":"standard","meta":{"ngg_post_thumbnail":0},"categories":[5388],"tags":[10441,10506],"_links":{"self":[{"href":"https:\/\/emlaktuel.com\/index.php?rest_route=\/wp\/v2\/posts\/27804"}],"collection":[{"href":"https:\/\/emlaktuel.com\/index.php?rest_route=\/wp\/v2\/posts"}],"about":[{"href":"https:\/\/emlaktuel.com\/index.php?rest_route=\/wp\/v2\/types\/post"}],"author":[{"embeddable":true,"href":"https:\/\/emlaktuel.com\/index.php?rest_route=\/wp\/v2\/users\/1"}],"replies":[{"embeddable":true,"href":"https:\/\/emlaktuel.com\/index.php?rest_route=%2Fwp%2Fv2%2Fcomments&post=27804"}],"version-history":[{"count":1,"href":"https:\/\/emlaktuel.com\/index.php?rest_route=\/wp\/v2\/posts\/27804\/revisions"}],"predecessor-version":[{"id":27805,"href":"https:\/\/emlaktuel.com\/index.php?rest_route=\/wp\/v2\/posts\/27804\/revisions\/27805"}],"wp:featuredmedia":[{"embeddable":true,"href":"https:\/\/emlaktuel.com\/index.php?rest_route=\/wp\/v2\/media\/22620"}],"wp:attachment":[{"href":"https:\/\/emlaktuel.com\/index.php?rest_route=%2Fwp%2Fv2%2Fmedia&parent=27804"}],"wp:term":[{"taxonomy":"category","embeddable":true,"href":"https:\/\/emlaktuel.com\/index.php?rest_route=%2Fwp%2Fv2%2Fcategories&post=27804"},{"taxonomy":"post_tag","embeddable":true,"href":"https:\/\/emlaktuel.com\/index.php?rest_route=%2Fwp%2Fv2%2Ftags&post=27804"}],"curies":[{"name":"wp","href":"https:\/\/api.w.org\/{rel}","templated":true}]}}