{"id":27630,"date":"2019-03-04T10:59:03","date_gmt":"2019-03-04T07:59:03","guid":{"rendered":"https:\/\/emlaktuel.com\/?p=27630"},"modified":"2019-03-04T10:59:03","modified_gmt":"2019-03-04T07:59:03","slug":"demirdokum-mectalks-leaders-etkinliginde-genclerle-bulustu","status":"publish","type":"post","link":"https:\/\/emlaktuel.com\/?p=27630","title":{"rendered":"DemirD\u00f6k\u00fcm, MECTALKS Leaders etkinli\u011finde gen\u00e7lerle bulu\u015ftu"},"content":{"rendered":"<p><strong>DemirD\u00f6k\u00fcm, \u0130stanbul Medipol \u00dcniversitesi \u0130\u015fletme ve Ekonomi Kul\u00fcb\u00fc taraf\u0131ndan d\u00fczenlenen &#8220;MECTALKS Leaders\u201d etkinli\u011finde \u00f6\u011frencilerle bir araya geldi. \u00dcniversitenin Kavac\u0131k G\u00fcney Kamp\u00fcs&#8217;te ger\u00e7ekle\u015fen etkinli\u011fe konu\u015fmac\u0131 olarak kat\u0131lan DemirD\u00f6k\u00fcm Y\u00f6netim Kurulu \u00dcyesi Erdem Ertuna, DemirD\u00f6k\u00fcm\u2019\u00fcn 65 y\u0131ll\u0131k ba\u015far\u0131 hikayesini gen\u00e7lerle payla\u015farak; gen\u00e7lere i\u015f hayat\u0131 i\u00e7in tavsiyelerde bulundu.<\/strong><\/p>\n<p>T\u00fcrkiye iklimlendirme sekt\u00f6r\u00fcne 1954\u2019ten g\u00fcn\u00fcm\u00fcze bir\u00e7ok ilki kazand\u0131ran DemirD\u00f6k\u00fcm, &#8220;MECTALKS Leaders&#8221; etkinli\u011finin Alt\u0131n Sponsoru oldu. DemirD\u00f6k\u00fcm Y\u00f6netim Kurulu \u00dcyesi\u00a0<strong>Erdem Ertuna<\/strong>, T\u00fcrkiye ekonomisine y\u00f6n veren liderlerin kat\u0131l\u0131m sa\u011flad\u0131\u011f\u0131 konferansta konu\u015fmac\u0131 olarak yer ald\u0131. \u00d6\u011frencilerin liderlerin ba\u015far\u0131 hikayelerini dinleme ve deneyimlerinden yararlanma \u015fans\u0131 yakalad\u0131\u011f\u0131 konferansta gen\u00e7lere i\u015f hayat\u0131nda ba\u015far\u0131 yolu i\u00e7in tavsiyelerde bulunan\u00a0<strong>Ertuna<\/strong>, DemirD\u00f6k\u00fcm\u2019\u00fcn 65 y\u0131ll\u0131k ba\u015far\u0131 \u00f6yk\u00fcs\u00fcn\u00fc gen\u00e7lerle payla\u015ft\u0131.<\/p>\n<p><strong>MARKA B\u0130L\u0130N\u0130RL\u0130\u011e\u0130 Y\u00dcZDE 90\u2019IN \u00dcZER\u0130NDE<\/strong><\/p>\n<p>K\u00fcresel rekabetin k\u0131yas\u0131ya ya\u015fand\u0131\u011f\u0131 g\u00fcn\u00fcm\u00fczde \u015firketlerin hizmet verdi\u011fi sekt\u00f6rlerde liderli\u011fe ula\u015fabilmeleri i\u00e7in pek \u00e7ok \u015feyi dikkate almas\u0131 gerekti\u011fi kaydeden\u00a0<strong>Erdem Ertuna<\/strong>, &#8220;Rekabet\u00e7i pazarlarda ba\u015far\u0131 ve s\u00fcrd\u00fcr\u00fclebilirli\u011fin ka\u00e7\u0131n\u0131lmaz gere\u011fi, yenilik\u00e7i \u00fcr\u00fcn ve teknoloji geli\u015ftirmek. DemirD\u00f6k\u00fcm olarak 1954&#8217;ten g\u00fcn\u00fcm\u00fcze sekt\u00f6rde kalitemizle, uzmanl\u0131\u011f\u0131m\u0131zla ve ilklerin markas\u0131 olman\u0131n ya\u015fatt\u0131\u011f\u0131 gururla hizmet veriyoruz. Is\u0131tma, g\u00fcne\u015f enerjisi, su \u0131s\u0131tma ve so\u011futma alan\u0131nda \u00fcretti\u011fimiz \u00fcr\u00fcnler uzun y\u0131llar t\u00fcketicilerimizin evinde kal\u0131yor.Bu nedenle de\u011fi\u015fen t\u00fcketici ihtiya\u00e7lar\u0131n\u0131 kar\u015f\u0131lamak ad\u0131na geli\u015ftirdi\u011fimiz yeni \u00fcr\u00fcnlerde \u00f6zellikle t\u00fcketicilerimizin hayatlar\u0131n\u0131 kolayla\u015ft\u0131rmak ve daha fazla konfor sa\u011flamaya \u00f6zen g\u00f6steriyoruz\u201d dedi.<\/p>\n<p>DemirD\u00f6k\u00fcm\u2019\u00fcn yapt\u0131\u011f\u0131 ara\u015ft\u0131rmalar, yat\u0131r\u0131mlar, hizmet kalitesi ile sekt\u00f6rde lider marka oldu\u011funu ve \u0131s\u0131 konforu ile \u00f6zde\u015fle\u015fti\u011fini belirten\u00a0<strong>Ertuna<\/strong>; \u201cT\u00fcrkiye&#8217;nin 81 ilinde \u0131s\u0131tma sekt\u00f6r\u00fcn\u00fcn en geni\u015f, en g\u00fc\u00e7l\u00fc sat\u0131\u015f ve servis a\u011f\u0131na sahip \u015firketi konumunday\u0131z. \u00dcr\u00fcnlerimiz ve yapt\u0131\u011f\u0131m\u0131z ileti\u015fim \u00e7al\u0131\u015fmalar\u0131 ile marka bilinirli\u011fimiz y\u00fczde 90&#8217;\u0131n \u00fczerinde. M\u00fc\u015fterilerimize verdi\u011fimiz memnuniyet neticesinde, tekrar sat\u0131n alma karar\u0131nda yine y\u00fczde 65 oran\u0131nda tercih ediliyoruz\u201d a\u00e7\u0131klamas\u0131n\u0131 yapt\u0131.<\/p>\n<p><strong>\u201cKAR\u0130YER YOLCULU\u011eUNUZ \u0130\u00c7\u0130N BUG\u00dcNDEN HEDEFLER\u0130N\u0130Z\u0130 BEL\u0130RLEY\u0130N\u201d<\/strong><\/p>\n<p>Konu\u015fmas\u0131nda kariyer plan\u0131 yapan gen\u00e7lere tavsiyelerde bulunan\u00a0<strong>Ertuna<\/strong>; &#8220;\u0130\u015f hayat\u0131nda fark yaratmak i\u00e7in bug\u00fcnden kendinize bir hedef belirleyin, bu hedefe ula\u015fmak i\u00e7in planlar haz\u0131rlay\u0131n. Kendinizi bir \u015firket gibi d\u00fc\u015f\u00fcn\u00fcn. Kariyer yolculu\u011funuz i\u00e7in vizyon, misyon ve de\u011ferler belirleyin. Hayatta her \u015fey bekledi\u011finiz gibi gitmeyebilir. Zorluklarla, ba\u015far\u0131s\u0131zl\u0131klarla kar\u015f\u0131la\u015fabilirsiniz. B\u00f6ylesi durumlarda h\u0131zl\u0131ca belirledi\u011finiz hedefleri d\u00fc\u015f\u00fcn\u00fcn, sabredin ve hedeflerinizden vazge\u00e7meyin. Kar\u015f\u0131la\u015faca\u011f\u0131n\u0131z ba\u015far\u0131s\u0131zl\u0131klardan mutlaka ders \u00e7\u0131kar\u0131n. Ba\u015far\u0131 yolunda tek ba\u015f\u0131n\u0131za sava\u015fmay\u0131n, ekip \u00e7al\u0131\u015fmas\u0131na g\u00fcvenin. Planl\u0131, disiplinli olun ve \u00e7ok \u00e7al\u0131\u015f\u0131n. Hayat h\u0131zla ge\u00e7iyor, bu s\u00fcre\u00e7te e\u011flenmeyi de ihmal etmeyin&#8221; dedi<\/p>\n","protected":false},"excerpt":{"rendered":"<p>DemirD\u00f6k\u00fcm, \u0130stanbul Medipol \u00dcniversitesi \u0130\u015fletme ve Ekonomi Kul\u00fcb\u00fc taraf\u0131ndan d\u00fczenlenen &#8220;MECTALKS Leaders\u201d etkinli\u011finde \u00f6\u011frencilerle bir araya geldi. \u00dcniversitenin Kavac\u0131k G\u00fcney Kamp\u00fcs&#8217;te ger\u00e7ekle\u015fen etkinli\u011fe konu\u015fmac\u0131 olarak kat\u0131lan DemirD\u00f6k\u00fcm Y\u00f6netim Kurulu \u00dcyesi Erdem Ertuna, DemirD\u00f6k\u00fcm\u2019\u00fcn 65 y\u0131ll\u0131k ba\u015far\u0131 hikayesini gen\u00e7lerle payla\u015farak; gen\u00e7lere i\u015f hayat\u0131 i\u00e7in tavsiyelerde bulundu. T\u00fcrkiye iklimlendirme sekt\u00f6r\u00fcne 1954\u2019ten g\u00fcn\u00fcm\u00fcze bir\u00e7ok ilki kazand\u0131ran DemirD\u00f6k\u00fcm, &#8220;MECTALKS [&hellip;]<\/p>\n","protected":false},"author":1,"featured_media":27631,"comment_status":"open","ping_status":"open","sticky":false,"template":"","format":"standard","meta":{"ngg_post_thumbnail":0},"categories":[26],"tags":[6872],"_links":{"self":[{"href":"https:\/\/emlaktuel.com\/index.php?rest_route=\/wp\/v2\/posts\/27630"}],"collection":[{"href":"https:\/\/emlaktuel.com\/index.php?rest_route=\/wp\/v2\/posts"}],"about":[{"href":"https:\/\/emlaktuel.com\/index.php?rest_route=\/wp\/v2\/types\/post"}],"author":[{"embeddable":true,"href":"https:\/\/emlaktuel.com\/index.php?rest_route=\/wp\/v2\/users\/1"}],"replies":[{"embeddable":true,"href":"https:\/\/emlaktuel.com\/index.php?rest_route=%2Fwp%2Fv2%2Fcomments&post=27630"}],"version-history":[{"count":1,"href":"https:\/\/emlaktuel.com\/index.php?rest_route=\/wp\/v2\/posts\/27630\/revisions"}],"predecessor-version":[{"id":27632,"href":"https:\/\/emlaktuel.com\/index.php?rest_route=\/wp\/v2\/posts\/27630\/revisions\/27632"}],"wp:featuredmedia":[{"embeddable":true,"href":"https:\/\/emlaktuel.com\/index.php?rest_route=\/wp\/v2\/media\/27631"}],"wp:attachment":[{"href":"https:\/\/emlaktuel.com\/index.php?rest_route=%2Fwp%2Fv2%2Fmedia&parent=27630"}],"wp:term":[{"taxonomy":"category","embeddable":true,"href":"https:\/\/emlaktuel.com\/index.php?rest_route=%2Fwp%2Fv2%2Fcategories&post=27630"},{"taxonomy":"post_tag","embeddable":true,"href":"https:\/\/emlaktuel.com\/index.php?rest_route=%2Fwp%2Fv2%2Ftags&post=27630"}],"curies":[{"name":"wp","href":"https:\/\/api.w.org\/{rel}","templated":true}]}}