{"id":27619,"date":"2019-03-04T10:00:17","date_gmt":"2019-03-04T07:00:17","guid":{"rendered":"https:\/\/emlaktuel.com\/?p=27619"},"modified":"2019-03-04T10:01:41","modified_gmt":"2019-03-04T07:01:41","slug":"erman-ilicak-kimdir","status":"publish","type":"post","link":"https:\/\/emlaktuel.com\/?p=27619","title":{"rendered":"Erman Il\u0131cak kimdir?"},"content":{"rendered":"<h4>Erman Il\u0131cak kimdir? Forbes T\u00fcrkiye&#8217;nin, en zengin 100 T\u00fcrk listesi a\u00e7\u0131kland\u0131. Listede zirvede ise Erman Il\u0131cak yer ald\u0131. Erman Il\u0131cak, 5 senedir zirvenin ba\u015f\u0131nda bulunan Murat \u00dclker\u2019i geride b\u0131rakt\u0131. R\u00f6nesans Holding Ba\u015fkan\u0131 Erman Il\u0131cak hakk\u0131nda merak ettiklerinizi sizler i\u00e7in derledik. Peki\u00a0<a href=\"https:\/\/emlaktuel.com\/2019\/03\/04\/erman-ilicak-kimdir\/\">Erman Il\u0131cak kimdir?<\/a> Nerede do\u011fdu? T\u00fcm detaylar burada\u2026<\/h4>\n<p><strong><a href=\"https:\/\/emlaktuel.com\/2019\/03\/04\/erman-ilicak-kimdir\/\">Erman Il\u0131cak kimdir?<\/a><\/strong> Forbes T\u00fcrkiye&#8217;nin en zengin 100 T\u00fcrk ismini haz\u0131rlad\u0131\u011f\u0131 liste ile belli oldu. Bu sene en zengin isim R\u00f6nesans Holding Ba\u015fkan\u0131 Erman Il\u0131cak oldu. 1967&#8217;de d\u00fcnyaya gelen Erman Il\u0131cak\u2019\u0131n ya\u015fam\u0131 k\u0131sa zamanda merak konusu oldu.\u00a0<strong>Peki Erman Il\u0131cak kimdir? Serveti ne kadard\u0131r?<\/strong>\u00a0Merak edilen detaylar haberi burada\u2026<\/p>\n<h2><strong>Erman Il\u0131cak kimdir?<\/strong><\/h2>\n<p>R\u00f6nesans Holding Ba\u015fkan\u0131 Erman Il\u0131cak 1967&#8217;de Malatya\u2019da do\u011fdu. Erman Il\u0131cak hayat\u0131n\u0131n ilk senelerini ise Malatya ve Ankara aras\u0131nda ge\u00e7irdi. Erman Il\u0131cak,ODT\u00dc \u0130n\u015faat M\u00fchendisli\u011fini bitirdi. Erman Il\u0131cak, 1993 y\u0131l\u0131nda Sankt-Peterburg\u2019da R\u00f6nesans Holding firmas\u0131n\u0131 kurdu. Erman Il\u0131cak, Ekovitrin taraf\u0131ndan 2014 senesinde \u201cY\u0131l\u0131n \u0130\u015f Adam\u0131\u201d olarak se\u00e7ildi.<\/p>\n<p>Forbes T\u00fcrkiye 2017&#8217;de haz\u0131rlad\u0131\u011f\u0131 \u201cEn Zengin 100 T\u00fcrk\u201d listesinde 2.3 milyar dolarl\u0131k serveti ile 5. s\u0131rada yer alan Erman Il\u0131cak, 2019&#8217;da ise listede son be\u015f y\u0131ld\u0131r zirvede yer alan Murat \u00dclker\u2019i geride b\u0131rakarak T\u00fcrkiye\u2019nin en zengini oldu.<\/p>\n<p>2019 Forbes 100 llistesine g\u00f6re, Erman Il\u0131cak\u2019\u0131n serveti 3.8 milyon dolar oldu\u011fu a\u00e7\u0131kland\u0131.<\/p>\n<h2><strong>FORBES \u2018<\/strong><strong>\u2018<\/strong><strong>EN ZENG\u0130N 100 T\u00dcRK\u2019<\/strong><strong>\u2019\u00a0<\/strong><strong>L\u0130STES\u0130<\/strong><\/h2>\n<p>Forbes T\u00fcrkiye, bu sene 14. kez yapt\u0131\u011f\u0131 \u2018En Zengin 100 T\u00fcrk\u2019 listesini a\u00e7\u0131klad\u0131. 119 ki\u015fiden olu\u015fan Forbes 100\u2019\u00fcn toplam serveti 99.9 milyar dolar olarak a\u00e7\u0131kland\u0131.<\/p>\n<p>Ge\u00e7en sene 40\u2019a \u00e7\u0131kan milyarder say\u0131s\u0131 ise 11 ki\u015fi azalarak 29 olarak a\u00e7\u0131kland\u0131. Listede yer alan dolar milyarderleri Forbes Amerika taraf\u0131ndan gelecek hafta a\u00e7\u0131klanacak global milyarderler listesinde de olacaklar.<\/p>\n<p>Listede ilk s\u0131rada 3.8 milyar dolarl\u0131k serveti ile R\u00f6nesans Holding Ba\u015fkan\u0131 Erman Il\u0131cak yer al\u0131yor. Son 5 senedir \u2018en zengini\u2019 Y\u0131ld\u0131z Holding ve Godiva Y\u00f6netim Kurulu Ba\u015fkan\u0131 Murat \u00dclker ise 3.7 milyar dolarl\u0131k servetiyle ikinci s\u0131raya geriledi. \u00dc\u00e7\u00fcnc\u00fcl\u00fc\u011f\u00fc ise 2.1 milyar dolarl\u0131k servetleri ile Fiba Holding Y\u00f6netim Kurulu Ba\u015fkan\u0131 H\u00fcsn\u00fc \u00d6zye\u011fin ve biyoteknoloji \u015firketi Samumed\u2019in kurucusu Osman Kibar payla\u015ft\u0131.<\/p>\n","protected":false},"excerpt":{"rendered":"<p>Erman Il\u0131cak kimdir? Forbes T\u00fcrkiye&#8217;nin, en zengin 100 T\u00fcrk listesi a\u00e7\u0131kland\u0131. Listede zirvede ise Erman Il\u0131cak yer ald\u0131. Erman Il\u0131cak, 5 senedir zirvenin ba\u015f\u0131nda bulunan Murat \u00dclker\u2019i geride b\u0131rakt\u0131. R\u00f6nesans Holding Ba\u015fkan\u0131 Erman Il\u0131cak hakk\u0131nda merak ettiklerinizi sizler i\u00e7in derledik. Peki\u00a0Erman Il\u0131cak kimdir? Nerede do\u011fdu? T\u00fcm detaylar burada\u2026 Erman Il\u0131cak kimdir? Forbes T\u00fcrkiye&#8217;nin en zengin [&hellip;]<\/p>\n","protected":false},"author":1,"featured_media":27620,"comment_status":"open","ping_status":"open","sticky":false,"template":"","format":"standard","meta":{"ngg_post_thumbnail":0},"categories":[1,26],"tags":[13313,13312,5162],"_links":{"self":[{"href":"https:\/\/emlaktuel.com\/index.php?rest_route=\/wp\/v2\/posts\/27619"}],"collection":[{"href":"https:\/\/emlaktuel.com\/index.php?rest_route=\/wp\/v2\/posts"}],"about":[{"href":"https:\/\/emlaktuel.com\/index.php?rest_route=\/wp\/v2\/types\/post"}],"author":[{"embeddable":true,"href":"https:\/\/emlaktuel.com\/index.php?rest_route=\/wp\/v2\/users\/1"}],"replies":[{"embeddable":true,"href":"https:\/\/emlaktuel.com\/index.php?rest_route=%2Fwp%2Fv2%2Fcomments&post=27619"}],"version-history":[{"count":2,"href":"https:\/\/emlaktuel.com\/index.php?rest_route=\/wp\/v2\/posts\/27619\/revisions"}],"predecessor-version":[{"id":27622,"href":"https:\/\/emlaktuel.com\/index.php?rest_route=\/wp\/v2\/posts\/27619\/revisions\/27622"}],"wp:featuredmedia":[{"embeddable":true,"href":"https:\/\/emlaktuel.com\/index.php?rest_route=\/wp\/v2\/media\/27620"}],"wp:attachment":[{"href":"https:\/\/emlaktuel.com\/index.php?rest_route=%2Fwp%2Fv2%2Fmedia&parent=27619"}],"wp:term":[{"taxonomy":"category","embeddable":true,"href":"https:\/\/emlaktuel.com\/index.php?rest_route=%2Fwp%2Fv2%2Fcategories&post=27619"},{"taxonomy":"post_tag","embeddable":true,"href":"https:\/\/emlaktuel.com\/index.php?rest_route=%2Fwp%2Fv2%2Ftags&post=27619"}],"curies":[{"name":"wp","href":"https:\/\/api.w.org\/{rel}","templated":true}]}}