{"id":27582,"date":"2019-02-28T11:46:17","date_gmt":"2019-02-28T08:46:17","guid":{"rendered":"https:\/\/emlaktuel.com\/?p=27582"},"modified":"2019-02-28T11:46:17","modified_gmt":"2019-02-28T08:46:17","slug":"nihat-ozdemir-cimento-sektorumuz-2018de-614-milyon-dolarlik-ihracata-ulasti","status":"publish","type":"post","link":"https:\/\/emlaktuel.com\/?p=27582","title":{"rendered":"Nihat \u00d6zdemir: \u00c7imento sekt\u00f6r\u00fcm\u00fcz 2018&#8217;de 614 milyon dolarl\u0131k ihracata ula\u015ft\u0131"},"content":{"rendered":"<p>T\u00fcrkiye \u00c7imento M\u00fcstahsilleri Birli\u011fi (T\u00c7MB),\u00a0<strong>Y\u00f6netim Kurulu Ba\u015fkan\u0131 Nihat \u00d6zdemir<\/strong>\u00a0ev sahipli\u011finde d\u00fczenlenen bas\u0131n toplant\u0131s\u0131nda, \u00c7imento Sekt\u00f6r\u00fc 2018 y\u0131l\u0131 de\u011ferlendirmeleri ve 2019 y\u0131l\u0131 beklentilerinin yan\u0131 s\u0131ra sekt\u00f6r \u00f6nceliklerini payla\u015ft\u0131. Toplant\u0131da ayr\u0131ca ODT\u00dc \u0130n\u015faat M\u00fchendisli\u011fi B\u00f6l\u00fcm\u00fc \u00f6\u011fretim \u00fcyeleri \u00d6zg\u00fcr Yaman ve Asl\u0131 Ak\u00e7amete G\u00fcng\u00f6r taraf\u0131ndan haz\u0131rlanan \u201cBina Maliyetleri Analiz Raporu\u201d \u00e7\u0131kt\u0131lar\u0131 da anlat\u0131ld\u0131.<\/p>\n<p>2018 y\u0131l\u0131 Ocak-Aral\u0131k d\u00f6nemi i\u00e7in a\u00e7\u0131klanan verilere g\u00f6re, \u00fcyeler taraf\u0131ndan \u00fcretilen \u00e7imentonun yakla\u015f\u0131k %10\u2019u ihracata konu oldu. Bu d\u00f6nemdeki toplam ihracat\u0131m\u0131z bir \u00f6nceki y\u0131la g\u00f6re ton baz\u0131nda %7, de\u011fer baz\u0131nda %16 art\u0131\u015fla 614 milyon dolara ula\u015ft\u0131.<\/p>\n<p>12 ayl\u0131k d\u00f6nemde sekt\u00f6r\u00fcn en \u00e7ok ihracat yapt\u0131\u011f\u0131 \u00fclke ABD olurken, bu \u00fclkeyi Gana ve \u0130srail izledi.<\/p>\n<p><strong>T\u00c7MB Y\u00f6netim Kurulu Ba\u015fkan\u0131 Nihat \u00d6zdemir<\/strong>, 2018 y\u0131l\u0131na bakt\u0131\u011f\u0131m\u0131zda i\u00e7 sat\u0131\u015fta Ege B\u00f6lgesi\u2019nde art\u0131\u015f ya\u015fand\u0131\u011f\u0131n\u0131 ifade ederek \u201c2018 y\u0131lsonu itibariyle \u00fclke \u00e7ap\u0131nda faaliyet g\u00f6steren 54 entegre tesiste yakla\u015f\u0131k 90 milyon ton kapasiteye ula\u015ft\u0131k. Avrupa\u2019n\u0131n lideri, d\u00fcnyan\u0131n ilk d\u00f6rt \u00fclkesi i\u00e7inde yer alan sekt\u00f6r\u00fcm\u00fcz\u00fcn ihracatta g\u00fcc\u00fcn\u00fcn artt\u0131\u011f\u0131n\u0131 g\u00f6r\u00fcyoruz. 2019 y\u0131l\u0131na bu konuda bizleri \u00e7ok sevindiren bir geli\u015fmeyle ba\u015flad\u0131k. Bu geli\u015fme, g\u00fcmr\u00fck verilerine g\u00f6re ocak ay\u0131 ihracat\u0131m\u0131z\u0131n miktar baz\u0131nda %100\u2019\u00fcn \u00fczerinde, de\u011fer baz\u0131nda ise %85 artm\u0131\u015f olmas\u0131d\u0131r. Nihat \u00d6zdemir, \u201cH\u00fck\u00fcmetimizin ba\u015flatt\u0131\u011f\u0131 Enflasyonla Topyek\u00fbn M\u00fccadele Program\u0131 kapsam\u0131nda bizler \u00e7imento sekt\u00f6r\u00fc olarak elimizi ta\u015f\u0131n alt\u0131na koyduk ve elimizden gelen deste\u011fi sa\u011flamaya devam edece\u011fiz\u201d \u015feklinde konu\u015ftu. \u00d6zdemir, Yeni Ekonomik Programda a\u00e7\u0131klanan %2,7 b\u00fcy\u00fcmeye paralel olarak \u00e7imento sekt\u00f6r\u00fcn\u00fcn de %2-%3 oran\u0131nda b\u00fcy\u00fcmesini beklediklerini ifade etti.<\/p>\n<h2><strong>Yabanc\u0131lara konut sat\u0131\u015flar\u0131nda y\u00fczde 78 art\u0131\u015f ya\u015fand\u0131<\/strong><\/h2>\n<p>2018\u2019in ilk 9 ay\u0131nda kamu ve \u00f6zel sekt\u00f6r\u00fcn in\u015faat harcamalar\u0131 cari fiyatlarla 481 milyar TL olarak ger\u00e7ekle\u015fti. Cari fiyatlarla %23 oran\u0131nda b\u00fcy\u00fcme ya\u015fand\u0131. 2018 y\u0131l\u0131nda, konut sat\u0131\u015flar\u0131 %2,4 azal\u0131\u015fla 1 milyon 370 bin adet oldu. Yine ayn\u0131 d\u00f6nemde, yabanc\u0131lara konut sat\u0131\u015f\u0131nda y\u00fczde 78 art\u0131\u015f ger\u00e7ekle\u015fti. Bu geli\u015fmelere ba\u011fl\u0131 olarak in\u015faat sekt\u00f6r\u00fcn\u00fcn 2019 y\u0131l\u0131n\u0131n \u00f6zellikle \u00fc\u00e7\u00fcnc\u00fc ve d\u00f6rd\u00fcnc\u00fc \u00e7eyre\u011finde toparlanmas\u0131 beklenmektedir.<\/p>\n<p><strong>K\u0131rsal Kesim Yollarda Beton yollar, asfalt yollara g\u00f6re %40 daha ekonomik ve 3-4 kat daha uzun \u00f6m\u00fcrl\u00fc<\/strong><\/p>\n<p>Beton Yol ve Beton Bariyer projelerinin T\u00fcrkiye i\u00e7in yerli bir \u00e7\u00f6z\u00fcm oldu\u011funu vurgulayan Nihat \u00d6zdemir, Beton bariyerlerin, b\u00f6l\u00fcnm\u00fc\u015f yollarda %90 oran\u0131nda ara\u00e7lar\u0131n kar\u015f\u0131 \u015feride ge\u00e7mesini engelleyerek \u00f6l\u00fcml\u00fc kazalar\u0131 azaltt\u0131\u011f\u0131n\u0131 s\u00f6yledi.<\/p>\n<p>T\u00c7MB Y\u00f6netim Kurulu Ba\u015fkan\u0131 \u00d6zdemir \u201cD\u00fcnya Sa\u011fl\u0131k \u00d6rg\u00fct\u00fc 2018 Y\u0131l\u0131 Yol G\u00fcvenli\u011fi Raporu\u2019nda belirtildi\u011fi \u00fczere D\u00fcnya Bankas\u0131 verilerine g\u00f6re trafik kazalar\u0131n\u0131n her y\u0131l \u00fclkemize verdi\u011fi zarar 39 Milyar TL\u2019dir. Beton bariyerler trafik kazalar\u0131n\u0131 %20 azaltman\u0131n yan\u0131 s\u0131ra ekonomimize 8 Milyar TL tasarruf sa\u011flayacakt\u0131r.\u201d diye konu\u015ftu.<\/p>\n<h2><strong>T\u00fcrk \u00c7imento Sekt\u00f6r\u00fc S\u0131f\u0131r At\u0131k Projesini Destekliyor<\/strong><\/h2>\n<p>Her y\u0131l 800 bin ton geri d\u00f6n\u00fc\u015ft\u00fcr\u00fclemeyen end\u00fcstriyel at\u0131klar, fabrikalar\u0131m\u0131zda bertaraf edildi ve \u00e7evremizin korunmas\u0131na b\u00fcy\u00fck katk\u0131 sa\u011fland\u0131. Kapasitemizi daha da art\u0131rabilmek i\u00e7in Kamu ihale mevzuat\u0131nda yap\u0131lacak de\u011fi\u015fikliklerle Belediyelerin uzun s\u00fcre (40-50 y\u0131l) s\u00f6zle\u015fme yapmas\u0131na imkan sa\u011flanabilir. At\u0131ktan t\u00fcretilmi\u015f yak\u0131tlar\u0131n \u00e7imento sekt\u00f6r\u00fcnde kullan\u0131lmas\u0131yla 3 milyon tona yak\u0131n k\u00f6m\u00fcr\u00fcn ithalat\u0131n\u0131 \u00f6nlenerek, her y\u0131l 300 milyon dolar cari a\u00e7\u0131\u011f\u0131m\u0131z azalt\u0131labilir. B\u00f6ylece bu y\u00f6ntemle depolanan \u00e7\u00f6p miktar\u0131n\u0131 y\u00fczde 60\u2019lara kadar d\u00fc\u015f\u00fcrmek m\u00fcmk\u00fcnd\u00fcr.<\/p>\n<p>\u00d6zdemir, konuyla ilgili son olarak \u201c2018 y\u0131l\u0131nda \u00fclkemizin en \u00f6nemli projelerinden olan ve Say\u0131n Emine Erdo\u011fan Han\u0131mefendi\u2019nin himayelerinde y\u00fcr\u00fcyen s\u0131f\u0131r at\u0131k felsefesine biz de sekt\u00f6r olarak destek veriyoruz\u201d dedi.<\/p>\n<p>ODT\u00dc \u0130n\u015faat M\u00fchendisli\u011fi \u00d6\u011fretim \u00dcyesi Prof. Dr. \u00d6zg\u00fcr Yaman yapt\u0131\u011f\u0131 sunumda, \u201cBetonarme binalar\u0131n do\u011fru tasarlan\u0131p in\u015fa edildi\u011finde \u00e7ok g\u00fcvenilir ve sa\u011flam yap\u0131lar oldu\u011funu ifade ederken ayn\u0131 zamanda ekonomik olmas\u0131 bak\u0131m\u0131ndan tercih edilmektedir\u201d dedi. Yaman, \u201cbir deprem \u00fclkesi oldu\u011fumuzun bilincinde olmal\u0131y\u0131z. Ge\u00e7ti\u011fimiz ay Kartal&#8217;da ya\u015fanan \u00fcz\u00fcc\u00fc olaydan gerekli derslerin \u00e7\u0131kar\u0131lmas\u0131 \u00f6nemlidir\u201d diyerek betonarme yap\u0131lar in\u015fa edilirken konusunda uzman ki\u015fi ve kurulu\u015flara mutlaka dan\u0131\u015f\u0131lmas\u0131 gerekti\u011fini vurgulad\u0131.<\/p>\n","protected":false},"excerpt":{"rendered":"<p>T\u00fcrkiye \u00c7imento M\u00fcstahsilleri Birli\u011fi (T\u00c7MB),\u00a0Y\u00f6netim Kurulu Ba\u015fkan\u0131 Nihat \u00d6zdemir\u00a0ev sahipli\u011finde d\u00fczenlenen bas\u0131n toplant\u0131s\u0131nda, \u00c7imento Sekt\u00f6r\u00fc 2018 y\u0131l\u0131 de\u011ferlendirmeleri ve 2019 y\u0131l\u0131 beklentilerinin yan\u0131 s\u0131ra sekt\u00f6r \u00f6nceliklerini payla\u015ft\u0131. Toplant\u0131da ayr\u0131ca ODT\u00dc \u0130n\u015faat M\u00fchendisli\u011fi B\u00f6l\u00fcm\u00fc \u00f6\u011fretim \u00fcyeleri \u00d6zg\u00fcr Yaman ve Asl\u0131 Ak\u00e7amete G\u00fcng\u00f6r taraf\u0131ndan haz\u0131rlanan \u201cBina Maliyetleri Analiz Raporu\u201d \u00e7\u0131kt\u0131lar\u0131 da anlat\u0131ld\u0131. 2018 y\u0131l\u0131 Ocak-Aral\u0131k d\u00f6nemi i\u00e7in [&hellip;]<\/p>\n","protected":false},"author":1,"featured_media":27583,"comment_status":"open","ping_status":"open","sticky":false,"template":"","format":"standard","meta":{"ngg_post_thumbnail":0},"categories":[5388],"tags":[7950,3541],"_links":{"self":[{"href":"https:\/\/emlaktuel.com\/index.php?rest_route=\/wp\/v2\/posts\/27582"}],"collection":[{"href":"https:\/\/emlaktuel.com\/index.php?rest_route=\/wp\/v2\/posts"}],"about":[{"href":"https:\/\/emlaktuel.com\/index.php?rest_route=\/wp\/v2\/types\/post"}],"author":[{"embeddable":true,"href":"https:\/\/emlaktuel.com\/index.php?rest_route=\/wp\/v2\/users\/1"}],"replies":[{"embeddable":true,"href":"https:\/\/emlaktuel.com\/index.php?rest_route=%2Fwp%2Fv2%2Fcomments&post=27582"}],"version-history":[{"count":1,"href":"https:\/\/emlaktuel.com\/index.php?rest_route=\/wp\/v2\/posts\/27582\/revisions"}],"predecessor-version":[{"id":27584,"href":"https:\/\/emlaktuel.com\/index.php?rest_route=\/wp\/v2\/posts\/27582\/revisions\/27584"}],"wp:featuredmedia":[{"embeddable":true,"href":"https:\/\/emlaktuel.com\/index.php?rest_route=\/wp\/v2\/media\/27583"}],"wp:attachment":[{"href":"https:\/\/emlaktuel.com\/index.php?rest_route=%2Fwp%2Fv2%2Fmedia&parent=27582"}],"wp:term":[{"taxonomy":"category","embeddable":true,"href":"https:\/\/emlaktuel.com\/index.php?rest_route=%2Fwp%2Fv2%2Fcategories&post=27582"},{"taxonomy":"post_tag","embeddable":true,"href":"https:\/\/emlaktuel.com\/index.php?rest_route=%2Fwp%2Fv2%2Ftags&post=27582"}],"curies":[{"name":"wp","href":"https:\/\/api.w.org\/{rel}","templated":true}]}}