{"id":27556,"date":"2019-02-27T14:33:48","date_gmt":"2019-02-27T11:33:48","guid":{"rendered":"https:\/\/emlaktuel.com\/?p=27556"},"modified":"2019-02-27T14:33:48","modified_gmt":"2019-02-27T11:33:48","slug":"yapi-fuari-turkeybuild-istanbul-bu-yilda-yuzde-50-devlet-tesvigi-kapsaminda","status":"publish","type":"post","link":"https:\/\/emlaktuel.com\/?p=27556","title":{"rendered":"Yap\u0131 Fuar\u0131\u2013Turkeybuild \u0130stanbul bu y\u0131lda y\u00fczde 50 devlet te\u015fvi\u011fi kapsam\u0131nda"},"content":{"rendered":"<p><span class=\"m_2347490794980362612normaltextrun\"><strong>B\u00f6lgesinin en b\u00fcy\u00fck, d\u00fcnyan\u0131n ise konusunda en b\u00fcy\u00fck be\u015finci fuar\u0131 olma \u00f6zelli\u011fini ta\u015f\u0131yan Yap\u0131 Fuar\u0131 \u2013\u00a0<\/strong><\/span><span class=\"m_2347490794980362612spellingerror\"><strong>Turkeybuild<\/strong><\/span><span class=\"m_2347490794980362612normaltextrun\"><strong>\u00a0\u0130stanbul bu y\u0131l 18-22 Haziran tarihleri aras\u0131nda 42\u2019inci kez kap\u0131lar\u0131n\u0131 a\u00e7acak.<\/strong><\/span><\/p>\n<p><span class=\"m_2347490794980362612normaltextrun\"><strong>T\u00fcrkiye\u2019de son 3 y\u0131ld\u0131r yap\u0131 sekt\u00f6r\u00fcnde devlet te\u015fvi\u011fi imkan\u0131ndan yararlanabilen tek fuar olma \u00f6zelli\u011fini ta\u015f\u0131yan ve bu sene y\u00fczde 50 devlet te\u015fvi\u011fi alan Yap\u0131 Fuar\u0131 \u2013 Turkeybuild \u0130stanbul yap\u0131, in\u015faat malzemeleri ve teknolojileri alan\u0131nda kat\u0131l\u0131mc\u0131lar\u0131 a\u011f\u0131rlayacak.<\/strong><\/span><\/p>\n<p><span class=\"m_2347490794980362612normaltextrun\">Sekt\u00f6r i\u00e7in pek \u00e7ok ilke y\u0131llar i\u00e7erisinde sahne olan fuar<\/span><span class=\"m_2347490794980362612normaltextrun\">\u00a0hem sekt\u00f6r hem de \u00fclke ekonomisine \u00e7ok \u00f6nemli katk\u0131 sa\u011flamaya devam ediyor. Balkanlar, BDT \u00fclkeleri, Orta Do\u011fu ve Kuzey Afrika\u2019y\u0131 kapsayan geni\u015f b\u00f6lgedeki en b\u00fcy\u00fck, d\u00fcnyada ise ilk 5\u2019te yer alan yap\u0131, in\u015faat malzemeleri ve teknolojileri fuar\u0131 Yap\u0131 Fuar\u0131 \u2013 Turkeybuild<\/span><span class=\"m_2347490794980362612normaltextrun\">\u00a0\u0130stanbul, T\u00fcyap<\/span><span class=\"m_2347490794980362612normaltextrun\">\u00a0Fuar ve Kongre Merkezi\u2019nde ziyaret\u00e7ilerini a\u011f\u0131rlayacak.<\/span><\/p>\n<p><span class=\"m_2347490794980362612normaltextrun\">T\u00fcrkiye\u2019nin lokomotif sekt\u00f6r\u00fc olan in\u015faat sekt\u00f6r\u00fcnde 42 y\u0131ld\u0131r katma de\u011fer yaratan, yeni i\u015f f\u0131rsatlar\u0131 sunan ve her sene birbirinden zengin i\u00e7erikleriyle sekt\u00f6rel bilgi payla\u015f\u0131m\u0131na imk\u00e2n sa\u011flayan ve kat\u0131l\u0131mc\u0131lar\u0131na yeni ufuklar a\u00e7an Yap\u0131 Fuar\u0131 \u2013 Turkeybuild \u0130stanbul, \u00fclke ekonomisine art\u0131 de\u011fer sunmaya devam ediyor. Bu y\u0131l Yap\u0131 ve malzeme sekt\u00f6r\u00fcn\u00fcn 2019 g\u00fcndemleri, \u201c\u0130hracat, Renovasyon ve Teknoloji\u201d \u00fc\u00e7geninde 5 g\u00fcne yay\u0131lan oturumlarda ele al\u0131nacak. Her y\u0131l Yap\u0131 Fuar\u0131 \u2013\u00a0Turkeybuild\u00a0\u0130stanbul\u2019un sundu\u011fu platformla gelenekselle\u015fmesi \u00f6ng\u00f6r\u00fclen bulu\u015fmada, sekt\u00f6r\u00fcn ge\u00e7irdi\u011fi y\u0131l\u0131n malzeme, in\u015faat, ekonomi ve planlama perspektiflerinden de\u011ferlendirilmesi, gelecek projeksiyonlar\u0131n\u0131n tart\u0131\u015f\u0131lmas\u0131, fuar\u0131n ilk g\u00fcn\u00fcnden mesajlar verilmesi ve yerel y\u00f6netim ile devlet politikalar\u0131n\u0131n mercek alt\u0131na al\u0131nd\u0131\u011f\u0131 konu ba\u015fl\u0131klar\u0131n\u0131n g\u00fcndeme gelmesi hedeflenecek.<\/span><\/p>\n<p><span class=\"m_2347490794980362612normaltextrun\">Ge\u00e7ti\u011fimiz y\u0131l 30 etkinlik, 93 uzman konu\u015fmac\u0131n\u0131n yer ald\u0131\u011f\u0131 Yap\u0131 Fuar\u0131 \u2013 Turkeybuild 2018\u2019de, 101 \u00fclkeden gelen uluslararas\u0131 ziyaret\u00e7i say\u0131s\u0131nda y\u00fczde 26 art\u0131\u015f oran\u0131 sa\u011fland\u0131. 7000\u2019den fazla uluslararas\u0131 ziyaret\u00e7iye ev sahipli\u011fi yapan fuara bu y\u0131l ise 11 binin \u00fczerinde uluslararas\u0131 ziyaret\u00e7inin gelmesi bekleniyor.<\/span><\/p>\n<p><span class=\"m_2347490794980362612normaltextrun\">\u0130\u00e7 piyasada ya\u015fanan durgunlu\u011fu yurt d\u0131\u015f\u0131ndan getirilen profesyonel al\u0131c\u0131larla gidermeyi ve sekt\u00f6rde ihracat i\u00e7in do\u011fru adres olmay\u0131 hedefleyen fuar, her sene oldu\u011fu gibi bu sene de Al\u0131m Heyeti Programlar\u0131n\u0131 ger\u00e7ekle\u015ftirecek. T.C Ticaret Bakanl\u0131\u011f\u0131, Ticaret Odalar\u0131 ve Dernekler i\u015f birli\u011fi ile ger\u00e7ekle\u015ftirilecek olan al\u0131m heyeti programlar\u0131 kapsam\u0131nda bu y\u0131l Almanya, \u0130ran, ABD, Irak, \u0130ngiltere, \u0130srail, Cezayir, G\u00fcrcistan, T\u00fcrkmenistan, Suudi Arabistan, Katar, Rusya K.K.T.C, \u0130svi\u00e7re, Bulgaristan, Azerbaycan, \u0130spanya, Kazakistan, G\u00fcney Afrika, Norve\u00e7, Fas, Avusturya, Makedonya, Pakistan, Arnavutluk, S\u0131rbistan, \u0130talya, B.A.E, Fransa, Romanya, Bel\u00e7ika, Hollandagibi \u00fclkelerden 500\u2019\u00fcn \u00fczerinde yabanc\u0131 al\u0131c\u0131, T\u00fcrkiye\u2019den de 200\u2019\u00fcn \u00fczerinde yerli al\u0131c\u0131 kat\u0131l\u0131mc\u0131lar ile bulu\u015facak.\u00a0<\/span><\/p>\n","protected":false},"excerpt":{"rendered":"<p>B\u00f6lgesinin en b\u00fcy\u00fck, d\u00fcnyan\u0131n ise konusunda en b\u00fcy\u00fck be\u015finci fuar\u0131 olma \u00f6zelli\u011fini ta\u015f\u0131yan Yap\u0131 Fuar\u0131 \u2013\u00a0Turkeybuild\u00a0\u0130stanbul bu y\u0131l 18-22 Haziran tarihleri aras\u0131nda 42\u2019inci kez kap\u0131lar\u0131n\u0131 a\u00e7acak. T\u00fcrkiye\u2019de son 3 y\u0131ld\u0131r yap\u0131 sekt\u00f6r\u00fcnde devlet te\u015fvi\u011fi imkan\u0131ndan yararlanabilen tek fuar olma \u00f6zelli\u011fini ta\u015f\u0131yan ve bu sene y\u00fczde 50 devlet te\u015fvi\u011fi alan Yap\u0131 Fuar\u0131 \u2013 Turkeybuild \u0130stanbul yap\u0131, [&hellip;]<\/p>\n","protected":false},"author":1,"featured_media":27557,"comment_status":"open","ping_status":"open","sticky":false,"template":"","format":"standard","meta":{"ngg_post_thumbnail":0},"categories":[5388],"tags":[13293],"_links":{"self":[{"href":"https:\/\/emlaktuel.com\/index.php?rest_route=\/wp\/v2\/posts\/27556"}],"collection":[{"href":"https:\/\/emlaktuel.com\/index.php?rest_route=\/wp\/v2\/posts"}],"about":[{"href":"https:\/\/emlaktuel.com\/index.php?rest_route=\/wp\/v2\/types\/post"}],"author":[{"embeddable":true,"href":"https:\/\/emlaktuel.com\/index.php?rest_route=\/wp\/v2\/users\/1"}],"replies":[{"embeddable":true,"href":"https:\/\/emlaktuel.com\/index.php?rest_route=%2Fwp%2Fv2%2Fcomments&post=27556"}],"version-history":[{"count":1,"href":"https:\/\/emlaktuel.com\/index.php?rest_route=\/wp\/v2\/posts\/27556\/revisions"}],"predecessor-version":[{"id":27558,"href":"https:\/\/emlaktuel.com\/index.php?rest_route=\/wp\/v2\/posts\/27556\/revisions\/27558"}],"wp:featuredmedia":[{"embeddable":true,"href":"https:\/\/emlaktuel.com\/index.php?rest_route=\/wp\/v2\/media\/27557"}],"wp:attachment":[{"href":"https:\/\/emlaktuel.com\/index.php?rest_route=%2Fwp%2Fv2%2Fmedia&parent=27556"}],"wp:term":[{"taxonomy":"category","embeddable":true,"href":"https:\/\/emlaktuel.com\/index.php?rest_route=%2Fwp%2Fv2%2Fcategories&post=27556"},{"taxonomy":"post_tag","embeddable":true,"href":"https:\/\/emlaktuel.com\/index.php?rest_route=%2Fwp%2Fv2%2Ftags&post=27556"}],"curies":[{"name":"wp","href":"https:\/\/api.w.org\/{rel}","templated":true}]}}