{"id":27537,"date":"2019-02-27T12:27:37","date_gmt":"2019-02-27T09:27:37","guid":{"rendered":"https:\/\/emlaktuel.com\/?p=27537"},"modified":"2019-02-27T15:12:53","modified_gmt":"2019-02-27T12:12:53","slug":"erden-timur-emlak-katilim-bankasi-deprem-tehlikesine-karsi-riskli-binalarin-guclendirilmesini-hizlandiracak","status":"publish","type":"post","link":"https:\/\/emlaktuel.com\/?p=27537","title":{"rendered":"Erden Timur: Emlak Kat\u0131l\u0131m Bankas\u0131, deprem tehlikesine kar\u015f\u0131 riskli binalar\u0131n g\u00fc\u00e7lendirilmesini h\u0131zland\u0131racak"},"content":{"rendered":"<h4>Nef Y\u00f6netim Kurulu Ba\u015fkan\u0131 Erden Timur: 18 y\u0131l aradan sonra T\u00fcrkiye Emlak Kat\u0131l\u0131m Bankas\u0131\u2019n\u0131n faaliyet izni almas\u0131 sadece sekt\u00f6r\u00fcm\u00fcz i\u00e7in de\u011fil, \u00fclkemiz i\u00e7in de \u00f6nem te\u015fkil ediyor. \u00d6ncelikle deprem tehlikesine kar\u015f\u0131 riskli yap\u0131lar\u0131n g\u00fc\u00e7lendirilmesi, ada ve mahalle baz\u0131nda kentsel alanlar\u0131n d\u00f6n\u00fc\u015ft\u00fcr\u00fclmesi i\u00e7in yerel y\u00f6netimlere y\u00f6nelik projelerin finasman\u0131na yeni y\u00f6ntemler \u00fcretece\u011fini umuyoruz.<\/h4>\n<p>\u00dclkemizde \u00c7evre ve \u015eehircilik Bakan\u0131 Sn. Murat Kurum\u2019un da vurgulad\u0131\u011f\u0131 \u00fczere y\u0131lda 300 bin konutun d\u00f6n\u00fc\u015fmesi hedefleniyor. Burada hem konut geli\u015ftiricilerin hem de t\u00fcketicilerin finansmana ula\u015f\u0131m\u0131n\u0131n kolayla\u015fmas\u0131, finansman\u0131n \u00e7e\u015fitlenmesi i\u015flerin daha da h\u0131zl\u0131 y\u00fcr\u00fct\u00fclmesi ad\u0131na \u00f6nemli.<\/p>\n<p>Yeni kurulan bankan\u0131n \u00f6zellikle gayrimenkul sekt\u00f6r\u00fcne her t\u00fcrl\u00fc nakdi ve gayrinakdi finansman sa\u011flayabilecek yeterlilikte olmas\u0131, Hazine M\u00fcste\u015farl\u0131\u011f\u0131 ve\/veya T\u00fcrkiye Cumhuriyet Merkez Bankas\u0131 ve kurulu\u015f birlikleri nezdinde olu\u015fturulan bir s\u00f6zle\u015fme kapsam\u0131nda piyasa yap\u0131c\u0131l\u0131\u011f\u0131 \u00fcstlenebiliyor olmas\u0131 k\u0131ymetli. Bu, sekt\u00f6rde yeterlilik sahibi markalar\u0131n ayr\u0131\u015fmas\u0131n\u0131, sekt\u00f6r\u00fcn daha da g\u00fc\u00e7l\u00fc hale getirilmesini sa\u011flayacakt\u0131r<\/p>\n","protected":false},"excerpt":{"rendered":"<p>Nef Y\u00f6netim Kurulu Ba\u015fkan\u0131 Erden Timur: 18 y\u0131l aradan sonra T\u00fcrkiye Emlak Kat\u0131l\u0131m Bankas\u0131\u2019n\u0131n faaliyet izni almas\u0131 sadece sekt\u00f6r\u00fcm\u00fcz i\u00e7in de\u011fil, \u00fclkemiz i\u00e7in de \u00f6nem te\u015fkil ediyor. \u00d6ncelikle deprem tehlikesine kar\u015f\u0131 riskli yap\u0131lar\u0131n g\u00fc\u00e7lendirilmesi, ada ve mahalle baz\u0131nda kentsel alanlar\u0131n d\u00f6n\u00fc\u015ft\u00fcr\u00fclmesi i\u00e7in yerel y\u00f6netimlere y\u00f6nelik projelerin finasman\u0131na yeni y\u00f6ntemler \u00fcretece\u011fini umuyoruz. \u00dclkemizde \u00c7evre ve \u015eehircilik [&hellip;]<\/p>\n","protected":false},"author":1,"featured_media":26517,"comment_status":"open","ping_status":"open","sticky":false,"template":"","format":"standard","meta":{"ngg_post_thumbnail":0},"categories":[1,5388],"tags":[3323,98],"_links":{"self":[{"href":"https:\/\/emlaktuel.com\/index.php?rest_route=\/wp\/v2\/posts\/27537"}],"collection":[{"href":"https:\/\/emlaktuel.com\/index.php?rest_route=\/wp\/v2\/posts"}],"about":[{"href":"https:\/\/emlaktuel.com\/index.php?rest_route=\/wp\/v2\/types\/post"}],"author":[{"embeddable":true,"href":"https:\/\/emlaktuel.com\/index.php?rest_route=\/wp\/v2\/users\/1"}],"replies":[{"embeddable":true,"href":"https:\/\/emlaktuel.com\/index.php?rest_route=%2Fwp%2Fv2%2Fcomments&post=27537"}],"version-history":[{"count":1,"href":"https:\/\/emlaktuel.com\/index.php?rest_route=\/wp\/v2\/posts\/27537\/revisions"}],"predecessor-version":[{"id":27538,"href":"https:\/\/emlaktuel.com\/index.php?rest_route=\/wp\/v2\/posts\/27537\/revisions\/27538"}],"wp:featuredmedia":[{"embeddable":true,"href":"https:\/\/emlaktuel.com\/index.php?rest_route=\/wp\/v2\/media\/26517"}],"wp:attachment":[{"href":"https:\/\/emlaktuel.com\/index.php?rest_route=%2Fwp%2Fv2%2Fmedia&parent=27537"}],"wp:term":[{"taxonomy":"category","embeddable":true,"href":"https:\/\/emlaktuel.com\/index.php?rest_route=%2Fwp%2Fv2%2Fcategories&post=27537"},{"taxonomy":"post_tag","embeddable":true,"href":"https:\/\/emlaktuel.com\/index.php?rest_route=%2Fwp%2Fv2%2Ftags&post=27537"}],"curies":[{"name":"wp","href":"https:\/\/api.w.org\/{rel}","templated":true}]}}