{"id":27453,"date":"2019-02-22T10:46:06","date_gmt":"2019-02-22T07:46:06","guid":{"rendered":"https:\/\/emlaktuel.com\/?p=27453"},"modified":"2019-02-22T10:46:06","modified_gmt":"2019-02-22T07:46:06","slug":"99-depreminin-ardindan-turkiye-evini-yeniledi","status":"publish","type":"post","link":"https:\/\/emlaktuel.com\/?p=27453","title":{"rendered":"99 depreminin ard\u0131ndan T\u00fcrkiye evini yeniledi"},"content":{"rendered":"<h4>T\u00fcrkiye ve \u0130stanbul\u2019un konut ya\u015f\u0131 ortalamalar\u0131 a\u00e7\u0131kland\u0131.\u00a0<strong>T\u00fcrkiye\u2019nin en \u00e7ok ilana sahip emlak sitesi H\u00fcrriyet Emlak, 17 A\u011fustos depreminin \u00fczerinden ge\u00e7en 20 y\u0131l\u0131n ard\u0131ndan T\u00fcrkiye ve \u0130stanbul\u2019da yer alan konutlar\u0131n ya\u015f\u0131n\u0131 inceledi. T\u00fcm T\u00fcrkiye\u2019de ortalama konut ya\u015f\u0131 8,5 olurken bu rakam \u0130stanbul\u2019da 10 oldu.<\/strong><\/h4>\n<p><strong>T\u00fcrkiye\u2019de 17 A\u011fustos depremi \u00f6ncesi yap\u0131lan konutlar\u0131n oran\u0131 y\u00fczde 13\u2019e d\u00fc\u015ferken, \u0130stanbul\u2019da bu oran\u0131 ise yakla\u015f\u0131k y\u00fczde 20 oldu. Ara\u015ft\u0131rmaya* g\u00f6re T\u00fcrkiye\u2019de yer alan konutlar\u0131n da yakla\u015f\u0131k y\u00fczde 56\u2019s\u0131, \u0130stanbul\u2019daki konutlar\u0131n yakla\u015f\u0131k y\u00fczde 54\u2019\u00fc 0 ile 5 ya\u015f aras\u0131nda. H\u00fcrriyet Emlak Sat\u0131\u015f Direkt\u00f6r\u00fc \u00c7a\u011fr\u0131 Bozay, \u201c99 depremi sonras\u0131nda h\u0131zl\u0131 bir yenilenme ba\u015flad\u0131. \u00d6zellikle kentsel d\u00f6n\u00fc\u015f\u00fcm T\u00fcrkiye\u2019nin konut ya\u015f oran\u0131n\u0131 d\u00fc\u015f\u00fcrd\u00fc. Deprem sonras\u0131 y\u00f6netmeliklerin de\u011fi\u015fmesi ve daha sa\u011fl\u0131kl\u0131 konutlar\u0131n in\u015faa edilmesi konusunda bilincin artmas\u0131 bu s\u00fcrecin \u00f6nemli dinamiklerinden oldu\u201d dedi.<\/strong><\/p>\n<p>T\u00fcrkiye\u2019nin en \u00e7ok ilana sahip emlak sitesi H\u00fcrriyet Emlak, T\u00fcrkiye\u2019nin konut verilerini a\u00e7\u0131klad\u0131. Kay\u0131tl\u0131 562 bin konut verisi \u00fczerinden yap\u0131lan ara\u015ft\u0131rma sonu\u00e7lar\u0131, 17 A\u011fustos 1999 depreminin \u00fczerinden ge\u00e7en 20 y\u0131l\u0131n ard\u0131ndan kentsel d\u00f6n\u00fc\u015f\u00fcm \u00e7al\u0131\u015fmalar\u0131na h\u0131z verilmesiyle beraber yeni bina say\u0131s\u0131ndaki y\u00fckseli\u015fin dikkat \u00e7ekici bir oranda \u00f6ne \u00e7\u0131kt\u0131\u011f\u0131n\u0131 g\u00f6sterdi.<\/p>\n<p>\u0130stanbul\u2019daki konutlar\u0131n 10 y\u0131ll\u0131k bir ya\u015f ortalamas\u0131na sahip oldu\u011funu g\u00f6steren ara\u015ft\u0131rma verilerine g\u00f6re T\u00fcrkiye\u2019nin bina ya\u015f\u0131 ortalamas\u0131 ise 8,5. Ara\u015ft\u0131rma sonu\u00e7lar\u0131, T\u00fcrkiye\u2019de 17 A\u011fustos depremi \u00f6ncesi yap\u0131lan konutlar\u0131n y\u00fczde 13\u2019l\u00fck bir orana sahip oldu\u011funu g\u00f6sterirken, \u0130stanbul\u2019da yer alan konutlar\u0131n da y\u00fczde 20\u2019sinin depremden \u00f6nce yap\u0131lm\u0131\u015f oldu\u011funu ortaya koydu.<\/p>\n<p>Ara\u015ft\u0131rma verilerine g\u00f6re, T\u00fcrkiye gayrimenkul piyasas\u0131n\u0131n kalbinin att\u0131\u011f\u0131 \u0130stanbul\u2019da bulunan kay\u0131tl\u0131 konutlar\u0131n yakla\u015f\u0131k y\u00fczde 54\u2019\u00fc, 0 ile 5 ya\u015f aras\u0131ndaki binalardan olu\u015fmakta. 6 ve 10 ya\u015f aral\u0131\u011f\u0131ndaki konutlar ise yakla\u015f\u0131k y\u00fczde 12 oran\u0131yla bu yap\u0131lar\u0131 takip etmekte.<\/p>\n<p>H\u00fcrriyet Emlak taraf\u0131ndan a\u00e7\u0131klanan ara\u015ft\u0131rma sonu\u00e7lar\u0131na g\u00f6re \u0130stanbul\u2019da g\u00f6zlemlenen bina ya\u015f\u0131 k\u0131r\u0131l\u0131m\u0131na benzer bir grafik t\u00fcm T\u00fcrkiye genelinde de g\u00f6r\u00fclmekte. T\u00fcrkiye genelinde konutlar\u0131n yakla\u015f\u0131k y\u00fczde 56\u2019s\u0131n\u0131n 0 ile 5 ya\u015f aras\u0131ndaki yap\u0131lardan olu\u015ftu\u011funu g\u00f6steren ara\u015ft\u0131rma sonu\u00e7lar\u0131na g\u00f6re, 6 ile 10 ya\u015f aras\u0131ndaki konutlar y\u00fczde 13 ile ikinci s\u0131rada yer almakta.<\/p>\n<p><strong><u>T\u00fcrkiye ve \u0130stanbul\u2019da yer alan konutlar\u0131n y\u0131llara g\u00f6re ya\u015f aral\u0131klar\u0131 y\u00fczdeleri<\/u><\/strong><\/p>\n<table>\n<tbody>\n<tr>\n<td><\/td>\n<td>0-5 ya\u015f<\/td>\n<td>6-10 ya\u015f<\/td>\n<td>11-15 ya\u015f<\/td>\n<td>16-20 ya\u015f<\/td>\n<td>21-25 ya\u015f<\/td>\n<td>26-30 ya\u015f<\/td>\n<td>31-35 ya\u015f<\/td>\n<td>36-40 ya\u015f<\/td>\n<td>41-45 ya\u015f<\/td>\n<td>46-50 ya\u015f<\/td>\n<\/tr>\n<tr>\n<td>T\u00fcrkiye<\/td>\n<td>%55,52<\/td>\n<td>%13,48<\/td>\n<td>%8,05<\/td>\n<td>%8,86<\/td>\n<td>%5,75<\/td>\n<td>%4,37<\/td>\n<td>%1,73<\/td>\n<td>%1,02<\/td>\n<td>%0,27<\/td>\n<td>%0,24<\/td>\n<\/tr>\n<tr>\n<td>\u0130stanbul<\/td>\n<td>%53,60<\/td>\n<td>%11,57<\/td>\n<td>%5,94<\/td>\n<td>%8,11<\/td>\n<td>%7,03<\/td>\n<td>%7,26<\/td>\n<td>%2,91<\/td>\n<td>%1,69<\/td>\n<td>%0,44<\/td>\n<td>%0,43<\/td>\n<\/tr>\n<\/tbody>\n<\/table>\n<p>H\u00fcrriyet Emlak olarak sekt\u00f6r\u00fcn nabz\u0131n\u0131 tutmaya devam edeceklerinin alt\u0131n\u0131 \u00e7izen H\u00fcrriyet Emlak Sat\u0131\u015f Direkt\u00f6r\u00fc \u00c7a\u011fr\u0131 Bozay \u201c 17 A\u011fustos 1999 depremi sonras\u0131 de\u011fi\u015fen imar yasalar\u0131 beraberinde h\u0131zl\u0131 bir yeniden yap\u0131lanmay\u0131 getirdi, gerek mevcut binalar\u0131n yetersizli\u011fi gerekse de ayn\u0131 b\u00f6lge i\u00e7inde yer alan yeni binalar\u0131n de\u011ferleme fiyatlar\u0131n\u0131n y\u00fcksekli\u011fi bu yap\u0131lanmay\u0131 h\u0131zland\u0131rd\u0131. Ara\u015ft\u0131rma verilerimizin sonu\u00e7lar\u0131na bakt\u0131\u011f\u0131m\u0131zda Hem T\u00fcrkiye genelinde hem de \u0130stanbul\u2019da 0 ile 5 ya\u015f aras\u0131ndaki konutlar\u0131n y\u00fckseli\u015fi bu tezimizi kan\u0131tlar nitelikte. Verilerimiz T\u00fcrkiye\u2019de 17 A\u011fustos depremi \u00f6ncesi yap\u0131lan konutlar\u0131n y\u00fczde 13\u2019l\u00fck bir orana sahip oldu\u011funu g\u00f6sterirken, \u0130stanbul\u2019da yer alan konutlar\u0131n da y\u00fczde 20\u2019sinin depremden \u00f6nce yap\u0131lm\u0131\u015f oldu\u011funu da ortaya koydu. Bu bilgiler \u0131\u015f\u0131\u011f\u0131nda, yeniden yap\u0131lanman\u0131n s\u00fcrece\u011fini ve bina ya\u015f y\u00fczdelerinin hem T\u00fcrkiye hem de \u0130stanbul\u2019da d\u00fc\u015fmeye devam edece\u011fini s\u00f6yleyebiliriz\u201d dedi.<\/p>\n<p><strong><u>T\u00fcrkiye ve \u0130stanbul konut ya\u015f ortalamalar\u0131<\/u><\/strong><\/p>\n<table>\n<tbody>\n<tr>\n<td>\u0130stanbul&#8217;da konutlar\u0131n ya\u015f ortalamas\u0131<\/td>\n<td>10<\/td>\n<\/tr>\n<tr>\n<td>T\u00fcrkiye&#8217;de konutlar\u0131n ya\u015f ortalamas\u0131<\/td>\n<td>8.5<\/td>\n<\/tr>\n<tr>\n<td>T\u00fcrkiye&#8217;de konutlar\u0131n 1999 depreminden \u00f6nce yap\u0131lma y\u00fczdesi<\/td>\n<td>% 13<\/td>\n<\/tr>\n<tr>\n<td>\u0130stanbul\u2019da konutlar\u0131n 1999 depreminden \u00f6nce yap\u0131lma y\u00fczdesi<\/td>\n<td>% 20<\/td>\n<\/tr>\n<\/tbody>\n<\/table>\n<p>*Ara\u015ft\u0131rma, H\u00fcrriyet Emlak ilanlar\u0131 \u00fczerinden olu\u015fturulmu\u015ftur.<\/p>\n<p>&nbsp;<\/p>\n","protected":false},"excerpt":{"rendered":"<p>T\u00fcrkiye ve \u0130stanbul\u2019un konut ya\u015f\u0131 ortalamalar\u0131 a\u00e7\u0131kland\u0131.\u00a0T\u00fcrkiye\u2019nin en \u00e7ok ilana sahip emlak sitesi H\u00fcrriyet Emlak, 17 A\u011fustos depreminin \u00fczerinden ge\u00e7en 20 y\u0131l\u0131n ard\u0131ndan T\u00fcrkiye ve \u0130stanbul\u2019da yer alan konutlar\u0131n ya\u015f\u0131n\u0131 inceledi. T\u00fcm T\u00fcrkiye\u2019de ortalama konut ya\u015f\u0131 8,5 olurken bu rakam \u0130stanbul\u2019da 10 oldu. T\u00fcrkiye\u2019de 17 A\u011fustos depremi \u00f6ncesi yap\u0131lan konutlar\u0131n oran\u0131 y\u00fczde 13\u2019e d\u00fc\u015ferken, \u0130stanbul\u2019da [&hellip;]<\/p>\n","protected":false},"author":1,"featured_media":20517,"comment_status":"open","ping_status":"open","sticky":false,"template":"","format":"standard","meta":{"ngg_post_thumbnail":0},"categories":[26],"tags":[9025],"_links":{"self":[{"href":"https:\/\/emlaktuel.com\/index.php?rest_route=\/wp\/v2\/posts\/27453"}],"collection":[{"href":"https:\/\/emlaktuel.com\/index.php?rest_route=\/wp\/v2\/posts"}],"about":[{"href":"https:\/\/emlaktuel.com\/index.php?rest_route=\/wp\/v2\/types\/post"}],"author":[{"embeddable":true,"href":"https:\/\/emlaktuel.com\/index.php?rest_route=\/wp\/v2\/users\/1"}],"replies":[{"embeddable":true,"href":"https:\/\/emlaktuel.com\/index.php?rest_route=%2Fwp%2Fv2%2Fcomments&post=27453"}],"version-history":[{"count":1,"href":"https:\/\/emlaktuel.com\/index.php?rest_route=\/wp\/v2\/posts\/27453\/revisions"}],"predecessor-version":[{"id":27454,"href":"https:\/\/emlaktuel.com\/index.php?rest_route=\/wp\/v2\/posts\/27453\/revisions\/27454"}],"wp:featuredmedia":[{"embeddable":true,"href":"https:\/\/emlaktuel.com\/index.php?rest_route=\/wp\/v2\/media\/20517"}],"wp:attachment":[{"href":"https:\/\/emlaktuel.com\/index.php?rest_route=%2Fwp%2Fv2%2Fmedia&parent=27453"}],"wp:term":[{"taxonomy":"category","embeddable":true,"href":"https:\/\/emlaktuel.com\/index.php?rest_route=%2Fwp%2Fv2%2Fcategories&post=27453"},{"taxonomy":"post_tag","embeddable":true,"href":"https:\/\/emlaktuel.com\/index.php?rest_route=%2Fwp%2Fv2%2Ftags&post=27453"}],"curies":[{"name":"wp","href":"https:\/\/api.w.org\/{rel}","templated":true}]}}