{"id":27437,"date":"2019-02-21T20:53:27","date_gmt":"2019-02-21T17:53:27","guid":{"rendered":"https:\/\/emlaktuel.com\/?p=27437"},"modified":"2019-02-21T20:53:27","modified_gmt":"2019-02-21T17:53:27","slug":"trabzon-millet-bahcesi-ihalesi-29-martta-yapilacak","status":"publish","type":"post","link":"https:\/\/emlaktuel.com\/?p=27437","title":{"rendered":"Trabzon Millet bah\u00e7esi ihalesi 29 Mart&#8217;ta yap\u0131lacak"},"content":{"rendered":"<p><b>TOK\u0130, Trabzon Millet Bah\u00e7esi projesinin ihalesini 29 Mart 2019&#8217;da saat 14:30&#8217;da ger\u00e7ekle\u015ftirecek.\u00a0<\/b>Cumhurba\u015fkan\u0131 Recep Tayyip Erdo\u011fan taraf\u0131ndan en b\u00fcy\u00fc\u011f\u00fc Atat\u00fcrk Havaliman\u0131 arazisinde olmak \u00fczere T\u00fcrkiye&#8217;nin \u00e7e\u015fitli illerinde hayata ge\u00e7irilece\u011fini duyurdu\u011fu &#8216;Millet Bah\u00e7eleri&#8217;ne yenileri eklenmeye devam ediyor.<\/p>\n<p>\u00dclkede d\u00f6rt bir yanda yeni millet bah\u00e7eleri in\u015fa etmeyi planlayan TOK\u0130 Trabzon Millet Bah\u00e7esi projesinin ihalesini 29 Mart 2019 tarihinde saat 14:30&#8217;da yapacak. TOK\u0130 hayata ge\u00e7irildi\u011fi illerde ve il\u00e7elerde konut fiyatlar\u0131n\u0131n artmas\u0131na neden olan millet bah\u00e7elerinin Trabzon Ortahisar&#8217;da da konut fiyatlar\u0131n\u0131 da art\u0131rmas\u0131 bekleniyor.<\/p>\n<div class=\"reklam\">\n<div class=\"post-content\">\n<p><strong>\u0130hale ilan\u0131:<\/strong><br \/>\nTrabzon Ortahisar il\u00e7esi Millet Bah\u00e7esi ile Millet Bah\u00e7esine Ait Sosyal Donat\u0131lar \u0130n\u015faatlar\u0131 ile Altyap\u0131 ve \u00c7evre D\u00fczenlemesi \u0130\u015fi ihalesi 29 Mart 2019 tarihinde saat 14:30&#8217;da yap\u0131lacak.<\/p>\n<\/div>\n<div class=\"post-tags-box\">\n<ul class=\"tags-box\">\n<li><\/li>\n<\/ul>\n<\/div>\n<\/div>\n","protected":false},"excerpt":{"rendered":"<p>TOK\u0130, Trabzon Millet Bah\u00e7esi projesinin ihalesini 29 Mart 2019&#8217;da saat 14:30&#8217;da ger\u00e7ekle\u015ftirecek.\u00a0Cumhurba\u015fkan\u0131 Recep Tayyip Erdo\u011fan taraf\u0131ndan en b\u00fcy\u00fc\u011f\u00fc Atat\u00fcrk Havaliman\u0131 arazisinde olmak \u00fczere T\u00fcrkiye&#8217;nin \u00e7e\u015fitli illerinde hayata ge\u00e7irilece\u011fini duyurdu\u011fu &#8216;Millet Bah\u00e7eleri&#8217;ne yenileri eklenmeye devam ediyor. \u00dclkede d\u00f6rt bir yanda yeni millet bah\u00e7eleri in\u015fa etmeyi planlayan TOK\u0130 Trabzon Millet Bah\u00e7esi projesinin ihalesini 29 Mart 2019 tarihinde [&hellip;]<\/p>\n","protected":false},"author":1,"featured_media":27438,"comment_status":"open","ping_status":"open","sticky":false,"template":"","format":"standard","meta":{"ngg_post_thumbnail":0},"categories":[26],"tags":[11753,13255],"_links":{"self":[{"href":"https:\/\/emlaktuel.com\/index.php?rest_route=\/wp\/v2\/posts\/27437"}],"collection":[{"href":"https:\/\/emlaktuel.com\/index.php?rest_route=\/wp\/v2\/posts"}],"about":[{"href":"https:\/\/emlaktuel.com\/index.php?rest_route=\/wp\/v2\/types\/post"}],"author":[{"embeddable":true,"href":"https:\/\/emlaktuel.com\/index.php?rest_route=\/wp\/v2\/users\/1"}],"replies":[{"embeddable":true,"href":"https:\/\/emlaktuel.com\/index.php?rest_route=%2Fwp%2Fv2%2Fcomments&post=27437"}],"version-history":[{"count":1,"href":"https:\/\/emlaktuel.com\/index.php?rest_route=\/wp\/v2\/posts\/27437\/revisions"}],"predecessor-version":[{"id":27439,"href":"https:\/\/emlaktuel.com\/index.php?rest_route=\/wp\/v2\/posts\/27437\/revisions\/27439"}],"wp:featuredmedia":[{"embeddable":true,"href":"https:\/\/emlaktuel.com\/index.php?rest_route=\/wp\/v2\/media\/27438"}],"wp:attachment":[{"href":"https:\/\/emlaktuel.com\/index.php?rest_route=%2Fwp%2Fv2%2Fmedia&parent=27437"}],"wp:term":[{"taxonomy":"category","embeddable":true,"href":"https:\/\/emlaktuel.com\/index.php?rest_route=%2Fwp%2Fv2%2Fcategories&post=27437"},{"taxonomy":"post_tag","embeddable":true,"href":"https:\/\/emlaktuel.com\/index.php?rest_route=%2Fwp%2Fv2%2Ftags&post=27437"}],"curies":[{"name":"wp","href":"https:\/\/api.w.org\/{rel}","templated":true}]}}