{"id":27366,"date":"2019-02-20T18:23:46","date_gmt":"2019-02-20T15:23:46","guid":{"rendered":"https:\/\/emlaktuel.com\/?p=27366"},"modified":"2019-02-20T18:23:46","modified_gmt":"2019-02-20T15:23:46","slug":"konut-magdurlarindan-ibb-onunde-eylem","status":"publish","type":"post","link":"https:\/\/emlaktuel.com\/?p=27366","title":{"rendered":"Konut ma\u011fdurlar\u0131ndan \u0130BB \u00f6n\u00fcnde eylem"},"content":{"rendered":"<p><b>\u00d6n\u00fcm\u00fczde gelecek 31 Mart 2019&#8217;da yap\u0131lacak olan yerel se\u00e7im \u00f6ncesi \u00e7\u00f6z\u00fcm bekleyen konut ma\u011fdurlar\u0131 bug\u00fcn saat 12:00&#8217;da \u0130stanbul Sara\u00e7hane&#8217;de toparland\u0131.\u00a0<\/b>31 Mart 2019&#8217;da yap\u0131lacak olan yerel se\u00e7imler \u00f6ncesinde \u00e7\u00f6z\u00fcm bekleyen konut ma\u011fdurlar\u0131 bug\u00fcn \u0130stanbul Sara\u00e7hane&#8217;de toparlanarak bir protesto g\u00f6sterisi yapt\u0131lar.<\/p>\n<p>2011&#8217;de yap\u0131m\u0131na ba\u015flanan vede 4 bin vatanda\u015f\u0131n k\u00f6t\u00fc bir \u015fekilde etkilendi\u011fi Innovia 4 projesi ma\u011fduru \u00d6zlem Hanel\u00e7i&#8217;nin d\u00fczenledi\u011fi organizasyona, Innovia Tuzla, Innovia Arifiye, Fi Yap\u0131,\u00a0Caprice Gold, Bulut \u0130n\u015faat, Dumankaya \u0130n\u015faat, Babil Kuleleri ve Termal ma\u011fdurlar\u0131 kat\u0131ld\u0131lar.<\/p>\n<p>Konut ma\u011fduru olanlar &#8220;Hayallerimizi y\u0131kanlar\u0131 adalet sistemi yaks\u0131n&#8221; diyerek sat\u0131n alm\u0131\u015f olduklar\u0131 evlerin proje maketlerinin benzerlerini yakarak protesto ettiler.<\/p>\n<p>Konut ma\u011fduru olan t\u00fcm konut projelerinin kat\u0131l\u0131m saglad\u0131\u011f\u0131 eyleme T\u00fcketici Sorunlar\u0131 Derne\u011fi Onursal Ba\u015fkan\u0131 A\u011fao\u011flu da kat\u0131ld\u0131. Konut ma\u011fdurlar\u0131ndan bilin\u00e7li olarak kat irtifak\u0131 kurmay\u0131p tescili imkans\u0131z hale getiren proje sahiplerine kar\u015f\u0131 devletin tedbir almas\u0131n\u0131 istediler.<\/p>\n<p>T\u00fcketici Sorunlar\u0131 Derne\u011fi Onursal A\u011fao\u011flu, 2014 y\u0131l\u0131nda yeniden d\u00fczenlenen t\u00fcketici yasas\u0131na g\u00f6re, kat irtifak\u0131 kurulmaks\u0131z\u0131n s\u00f6zle\u015fme ile sat\u0131\u015f\u0131n yasakland\u0131\u011f\u0131n\u0131, \u00f6nceden yap\u0131lan s\u00f6zle\u015fmelerinde bir sene i\u00e7inde t\u00fcketici yasas\u0131na uygun hale getirilmesi zorunlulu\u011funun oldu\u011funu, bunu yapmayanlar\u0131n kanuna ayk\u0131r\u0131 davrand\u0131klar\u0131n\u0131 s\u00f6yledi. Sara\u00e7hane&#8217;de y\u00fczlerce ma\u011fdurun kat\u0131ld\u0131\u011f\u0131 g\u00f6steri olays\u0131z olarak da\u011f\u0131ld\u0131.<\/p>\n<div class=\"reklam\"><\/div>\n","protected":false},"excerpt":{"rendered":"<p>\u00d6n\u00fcm\u00fczde gelecek 31 Mart 2019&#8217;da yap\u0131lacak olan yerel se\u00e7im \u00f6ncesi \u00e7\u00f6z\u00fcm bekleyen konut ma\u011fdurlar\u0131 bug\u00fcn saat 12:00&#8217;da \u0130stanbul Sara\u00e7hane&#8217;de toparland\u0131.\u00a031 Mart 2019&#8217;da yap\u0131lacak olan yerel se\u00e7imler \u00f6ncesinde \u00e7\u00f6z\u00fcm bekleyen konut ma\u011fdurlar\u0131 bug\u00fcn \u0130stanbul Sara\u00e7hane&#8217;de toparlanarak bir protesto g\u00f6sterisi yapt\u0131lar. 2011&#8217;de yap\u0131m\u0131na ba\u015flanan vede 4 bin vatanda\u015f\u0131n k\u00f6t\u00fc bir \u015fekilde etkilendi\u011fi Innovia 4 projesi ma\u011fduru \u00d6zlem [&hellip;]<\/p>\n","protected":false},"author":1,"featured_media":27367,"comment_status":"open","ping_status":"open","sticky":false,"template":"","format":"standard","meta":{"ngg_post_thumbnail":0},"categories":[26],"tags":[12469,13222,13221],"_links":{"self":[{"href":"https:\/\/emlaktuel.com\/index.php?rest_route=\/wp\/v2\/posts\/27366"}],"collection":[{"href":"https:\/\/emlaktuel.com\/index.php?rest_route=\/wp\/v2\/posts"}],"about":[{"href":"https:\/\/emlaktuel.com\/index.php?rest_route=\/wp\/v2\/types\/post"}],"author":[{"embeddable":true,"href":"https:\/\/emlaktuel.com\/index.php?rest_route=\/wp\/v2\/users\/1"}],"replies":[{"embeddable":true,"href":"https:\/\/emlaktuel.com\/index.php?rest_route=%2Fwp%2Fv2%2Fcomments&post=27366"}],"version-history":[{"count":1,"href":"https:\/\/emlaktuel.com\/index.php?rest_route=\/wp\/v2\/posts\/27366\/revisions"}],"predecessor-version":[{"id":27368,"href":"https:\/\/emlaktuel.com\/index.php?rest_route=\/wp\/v2\/posts\/27366\/revisions\/27368"}],"wp:featuredmedia":[{"embeddable":true,"href":"https:\/\/emlaktuel.com\/index.php?rest_route=\/wp\/v2\/media\/27367"}],"wp:attachment":[{"href":"https:\/\/emlaktuel.com\/index.php?rest_route=%2Fwp%2Fv2%2Fmedia&parent=27366"}],"wp:term":[{"taxonomy":"category","embeddable":true,"href":"https:\/\/emlaktuel.com\/index.php?rest_route=%2Fwp%2Fv2%2Fcategories&post=27366"},{"taxonomy":"post_tag","embeddable":true,"href":"https:\/\/emlaktuel.com\/index.php?rest_route=%2Fwp%2Fv2%2Ftags&post=27366"}],"curies":[{"name":"wp","href":"https:\/\/api.w.org\/{rel}","templated":true}]}}