{"id":27363,"date":"2019-02-20T18:12:49","date_gmt":"2019-02-20T15:12:49","guid":{"rendered":"https:\/\/emlaktuel.com\/?p=27363"},"modified":"2019-02-20T18:12:49","modified_gmt":"2019-02-20T15:12:49","slug":"sektorun-liderleri-bir-araya-geldi","status":"publish","type":"post","link":"https:\/\/emlaktuel.com\/?p=27363","title":{"rendered":"Sekt\u00f6r\u00fcn liderleri bir araya geldi"},"content":{"rendered":"<p><strong>Ula\u015ft\u0131rma Sekt\u00f6r\u00fcn\u00fcn Uluslararas\u0131 Tek Organizasyonu Intertraffic \u0130stanbul, Ula\u015ft\u0131rma Sekt\u00f6r\u00fc Liderlerini \u0130stanbul Fuar Merkezi\u2019nde Bulu\u015fturuyor!<\/strong><\/p>\n<p><strong><i>Intertraffic \u0130stanbul 10. Uluslararas\u0131 Altyap\u0131, Trafik Y\u00f6netimi, Ak\u0131ll\u0131 Ula\u015f\u0131m, Yol G\u00fcvenli\u011fi ve Park Sistemleri Fuar\u0131, 10-12 Nisan 2019 tarihleri aras\u0131nda UBM Turkey ve RAI Amsterdam ortakl\u0131\u011f\u0131 ile hayata ge\u00e7iyor.<\/i><\/strong><i><\/i><\/p>\n<p>Stratejik konumu ile b\u00f6lgesinde ticaretin merkezi olan \u0130stanbul\u2019da, iki y\u0131lda bir d\u00fczenlenen Intertraffic \u0130stanbul fuar\u0131; Avrupa, Asya, Balkan ve K\u00f6rfez \u00fclkeleri pazarlar\u0131na ula\u015fmak isteyen sekt\u00f6r liderleri i\u00e7in stratejik \u00f6nem ta\u015f\u0131yan bir organizasyon.<\/p>\n<p>Y\u0131ll\u0131k ortalama %20\u2019lik b\u00fcy\u00fcme oran\u0131 ile T\u00fcrkiye\u2019nin en h\u0131zl\u0131 geli\u015fen sanayi kolu olan ula\u015ft\u0131rma ve lojistik sekt\u00f6r\u00fc, \u00fclkemizin do\u011fu ile bat\u0131 aras\u0131nda kurdu\u011fu k\u00f6pr\u00fc sayesinde ula\u015ft\u0131rma ve ak\u0131ll\u0131 teknoloji ihracat\u00e7\u0131lar\u0131 i\u00e7in de yeni f\u0131rsatlar yarat\u0131yor.<\/p>\n<p>T\u00fcrkiye her ge\u00e7en g\u00fcn artan ula\u015ft\u0131rma sekt\u00f6r\u00fc ihtiya\u00e7lar\u0131n\u0131n kar\u015f\u0131lanmas\u0131 a\u00e7\u0131s\u0131ndan karayolu, demiryolu ve di\u011fer ula\u015f\u0131mla ilgili projelerin hayata ge\u00e7irilmesi konusunda b\u00fcy\u00fck ba\u015far\u0131 g\u00f6steriyor. Intertraffic \u0130stanbul; s\u00fcregelen bu \u00e7al\u0131\u015fmalar kapsam\u0131nda da nokta at\u0131\u015f\u0131 yapmak isteyen kat\u0131l\u0131mc\u0131lar a\u00e7\u0131s\u0131ndan b\u00fcy\u00fck \u00f6nem arz ediyor.<\/p>\n<p>T\u00fcrkiye 2023 hedefleri aras\u0131nda ilk s\u0131ralarda;D\u0131\u015f ticaret hacmini ihracatta 500 ve ithalatta 600 milyar dolara ula\u015ft\u0131rmak geliyor. Di\u011fer taraftan kargo ta\u015f\u0131mac\u0131l\u0131\u011f\u0131nda 625 milyar tona ula\u015f\u0131laca\u011f\u0131 \u00f6ng\u00f6r\u00fcl\u00fcyor. Karayolu yat\u0131r\u0131mlar\u0131, demiryolu a\u011f\u0131nda planlanan pay art\u0131\u015f\u0131, \u2018Modern Demir \u0130pek Yolu\u2019 projesi, deniz portlar\u0131n\u0131n demiryollar\u0131yla ba\u011flanmas\u0131, y\u00fcksek h\u0131zl\u0131 tren a\u011f\u0131n\u0131n yayg\u0131nla\u015fmas\u0131, ak\u0131ll\u0131 ve geli\u015fen \u015fehirlere dahil edilecek yeni metro hatlar\u0131, hafif rayl\u0131 sistemler, planlanan havaalanlar\u0131, terminal binalar\u0131 ile kara ve deniz ula\u015f\u0131m\u0131 alan\u0131ndaki farkl\u0131 projeler sekt\u00f6r\u00fcn ulusal ve yerel \u00f6nemini vurgular nitelikte.<\/p>\n<p>T\u00fcm bu mega projelerle ula\u015ft\u0131rma sekt\u00f6r\u00fcne gereken \u00f6nemi veren T\u00fcrkiye ve bu alanlarda hizmet veren ak\u0131ll\u0131 ula\u015f\u0131m teknolojileri, trafik g\u00fcvenli\u011fi, trafik y\u00f6netimi ve planlamas\u0131, park sistemleri, ula\u015f\u0131m altyap\u0131 sistemleri profesyonelleri i\u00e7in en do\u011fru i\u015fbirlikteliklerini kurmak, kontak sa\u011flamak ve sekt\u00f6rel faaliyetlerden haberdar olmak anlam\u0131nda Intertraffic \u0130stanbul fark\u0131n\u0131 ortaya koyuyor. \u00d6zetle ula\u015f\u0131m teknolojisindeki son geli\u015fmeler, b\u00fcy\u00fck projeler, kara, deniz, hava ve demiryollar\u0131 ta\u015f\u0131mac\u0131l\u0131\u011f\u0131na y\u00f6nelik t\u00fcm yenilikler Intertraffic \u0130stanbul\u2019da sergilenecek.<\/p>\n<p>Intertraffic \u0130stanbul\u2019a sekt\u00f6r\u00fcn en \u00f6nemli hedef pazarlar\u0131 aras\u0131nda yer alan; ba\u015fta T\u00fcrkiye olmak \u00fczere Avrupa \u00fclkeleri, co\u011frafi \u00f6zelli\u011fi ve ula\u015f\u0131labilir olmas\u0131 sebebi ile \u0130ran, Suudi Arabistan, Katar, Afrika, Rusya ve \u00f6zellikle T\u00fcrkmenistan, Azerbaycan ve Kazakistan gibi T\u00fcrki Cumhuriyetleri\u2019nden \u00f6nemli oranda ziyaret\u00e7i kat\u0131l\u0131m\u0131 bekleniyor.<\/p>\n<p>T\u00fcrkiye\u2019nin yeni i\u015fbirlikleri geli\u015ftirmek ad\u0131na hedef pazar olarak belirledi\u011fi \u00fclkelerden gelecek ziyaret\u00e7iler, sekt\u00f6re yeni f\u0131rsatlar sunacak. T\u00fcrkiye\u2019deki \u00e7ok say\u0131da mega projede imzas\u0131 bulunan \u00f6nemli firmalar da Intertraffic \u0130stanbul\u2019da kat\u0131l\u0131mc\u0131 olacaklar.<\/p>\n<p>Intertraffic \u0130stanbul, ticari i\u015f birlikleri kurulmas\u0131na arac\u0131l\u0131k etmesi ve sekt\u00f6r\u00fc en son teknoloji ile bulu\u015fturmas\u0131n\u0131n yan\u0131 s\u0131ra konferanslar program\u0131, \u00f6d\u00fcl t\u00f6reni, start up firmalarna \u00f6zel ITS UP alan\u0131 ile kat\u0131l\u0131mc\u0131 ve ziyaret\u00e7ilerine zengin kapsaml\u0131 bir ev sahipli\u011fi yapacak.<\/p>\n","protected":false},"excerpt":{"rendered":"<p>Ula\u015ft\u0131rma Sekt\u00f6r\u00fcn\u00fcn Uluslararas\u0131 Tek Organizasyonu Intertraffic \u0130stanbul, Ula\u015ft\u0131rma Sekt\u00f6r\u00fc Liderlerini \u0130stanbul Fuar Merkezi\u2019nde Bulu\u015fturuyor! Intertraffic \u0130stanbul 10. Uluslararas\u0131 Altyap\u0131, Trafik Y\u00f6netimi, Ak\u0131ll\u0131 Ula\u015f\u0131m, Yol G\u00fcvenli\u011fi ve Park Sistemleri Fuar\u0131, 10-12 Nisan 2019 tarihleri aras\u0131nda UBM Turkey ve RAI Amsterdam ortakl\u0131\u011f\u0131 ile hayata ge\u00e7iyor. Stratejik konumu ile b\u00f6lgesinde ticaretin merkezi olan \u0130stanbul\u2019da, iki y\u0131lda bir d\u00fczenlenen [&hellip;]<\/p>\n","protected":false},"author":1,"featured_media":27364,"comment_status":"open","ping_status":"open","sticky":false,"template":"","format":"standard","meta":{"ngg_post_thumbnail":0},"categories":[26],"tags":[4714],"_links":{"self":[{"href":"https:\/\/emlaktuel.com\/index.php?rest_route=\/wp\/v2\/posts\/27363"}],"collection":[{"href":"https:\/\/emlaktuel.com\/index.php?rest_route=\/wp\/v2\/posts"}],"about":[{"href":"https:\/\/emlaktuel.com\/index.php?rest_route=\/wp\/v2\/types\/post"}],"author":[{"embeddable":true,"href":"https:\/\/emlaktuel.com\/index.php?rest_route=\/wp\/v2\/users\/1"}],"replies":[{"embeddable":true,"href":"https:\/\/emlaktuel.com\/index.php?rest_route=%2Fwp%2Fv2%2Fcomments&post=27363"}],"version-history":[{"count":1,"href":"https:\/\/emlaktuel.com\/index.php?rest_route=\/wp\/v2\/posts\/27363\/revisions"}],"predecessor-version":[{"id":27365,"href":"https:\/\/emlaktuel.com\/index.php?rest_route=\/wp\/v2\/posts\/27363\/revisions\/27365"}],"wp:featuredmedia":[{"embeddable":true,"href":"https:\/\/emlaktuel.com\/index.php?rest_route=\/wp\/v2\/media\/27364"}],"wp:attachment":[{"href":"https:\/\/emlaktuel.com\/index.php?rest_route=%2Fwp%2Fv2%2Fmedia&parent=27363"}],"wp:term":[{"taxonomy":"category","embeddable":true,"href":"https:\/\/emlaktuel.com\/index.php?rest_route=%2Fwp%2Fv2%2Fcategories&post=27363"},{"taxonomy":"post_tag","embeddable":true,"href":"https:\/\/emlaktuel.com\/index.php?rest_route=%2Fwp%2Fv2%2Ftags&post=27363"}],"curies":[{"name":"wp","href":"https:\/\/api.w.org\/{rel}","templated":true}]}}