{"id":27359,"date":"2019-02-20T17:52:34","date_gmt":"2019-02-20T14:52:34","guid":{"rendered":"https:\/\/emlaktuel.com\/?p=27359"},"modified":"2019-02-20T17:52:34","modified_gmt":"2019-02-20T14:52:34","slug":"konuta-talep-patladi-sektor-hakli-cikti","status":"publish","type":"post","link":"https:\/\/emlaktuel.com\/?p=27359","title":{"rendered":"Konuta talep patlad\u0131 sekt\u00f6r hakl\u0131 \u00e7\u0131kt\u0131!"},"content":{"rendered":"<p><b>Yabanc\u0131lara &#8216;Konut alana vatanda\u015fl\u0131k\u2019 teklifi alt s\u0131n\u0131r\u0131da bir milyon dolardan 300 bin dolara d\u00fc\u015f\u00fcr\u00fclmesi ile konuta olan talepte<\/b><b>\u00a0patlama ya\u015fand\u0131. Yabanc\u0131lara konut sat\u0131\u015flar\u0131nda art\u0131\u015f olaca\u011f\u0131n\u0131 iddia eden sekt\u00f6r temsilcileri hakl\u0131 \u00e7\u0131kt\u0131lar.\u00a0<\/b>Yabanc\u0131lara \u2018Konut alana vatanda\u015fl\u0131k\u2019 teklifi ile vatanda\u015fl\u0131k i\u00e7in \u00f6denecek bedelde iskontoya gitmek konuta talebi patlatt\u0131, sekt\u00f6rden gelen \u00f6ng\u00f6r\u00fcler hakl\u0131 \u00e7\u0131kt\u0131. Karar Gazetesi k\u00f6\u015fe yazar\u0131 Akif Beki, bug\u00fcn yaz\u0131s\u0131nda yabanc\u0131ya konut sat\u0131\u015flar\u0131 hakk\u0131nda yorumlar\u0131n\u0131 yazd\u0131.<\/p>\n<p>\u201cYabanc\u0131ya konut sat\u0131\u015flar\u0131 gayrimenkul sekt\u00f6r\u00fcnde rekor, tarihin en iyi Ocak ay\u0131 rakam\u0131, h\u0131zl\u0131 ba\u015flang\u0131\u00e7\u201d gibi ba\u015fl\u0131klarla duyuruldu. \u2018Konut alan yabanc\u0131lara vatanda\u015fl\u0131k bedava\u2019 kampanyas\u0131 semeresi bunlar. Yerli vatanda\u015fa konut sat\u0131\u015f\u0131 tersten rekor k\u0131rm\u0131\u015f ayn\u0131 ay, fakat ne \u00f6nemi var.<\/p>\n<p>Gelen veriler resmi, istatistkleri T\u00dc\u0130K a\u00e7\u0131klad\u0131. 2019 Ocak ay\u0131 sat\u0131\u015flar\u0131nda bir \u00f6nceki aya oranla y\u00fczde 46.7, ge\u00e7en senenin ayn\u0131 ay\u0131na oranlada y\u00fczde 24.8 gerilemi\u015f oldu. Sadece yeni konutta de\u011fil, ikinci elde konutta da daralma g\u00f6r\u00fcld\u00fc. Zaten son zamanlarda ba\u015flayan tanzim sat\u0131\u015flar\u0131n\u0131n \u00f6n\u00fcnde biber, patl\u0131can kuyruklar\u0131 uzuyorken konut sat\u0131\u015flar\u0131n\u0131n y\u00fckseli\u015fe ge\u00e7mesi beklenemezdi. Emlak pazarlamac\u0131lar\u0131 yerli vatandaitan y\u00fcz bulmuyor ama buda normal.<\/p>\n<p>Bu durumda yabanc\u0131n\u0131n kap\u0131\u015f kap\u0131\u015f konut almak i\u00e7in ra\u011fbet g\u00f6stermesi de bir o kadar normal. Bu fiyatlardan daha uygun fiyatlar\u0131 yakalayamazlard\u0131. Bolca tenzilat, indirimse indirim, pazarl\u0131\u011fa tabi. Piyasam\u0131z paraya s\u0131k\u0131\u015fm\u0131\u015f, takviye aray\u0131\u015f\u0131 s\u00fcr\u00fcyor. Ucuz konut ve \u00fcstene de bonus olarak vatanda\u015fl\u0131k al\u0131yorsun, daha ne olsun!<\/p>\n<p>Emla\u011f\u0131m\u0131z bo\u015funa reva\u00e7ta de\u011fil yabanc\u0131lar\u0131n. 2019 Ocak ay\u0131nda ge\u00e7en senenin ayn\u0131 ay\u0131na oranla y\u00fczde 81.9 artarak 3 bin 168 olmu\u015f sat\u0131\u015flar. Fiyatlarda cazip miktarda d\u00fc\u015f\u00fc\u015f olurken sat\u0131\u015flar fahi\u015f oranlarda artm\u0131\u015f. Yabanc\u0131lar\u0131n tevecc\u00fch\u00fcne yine \u0130stanbul, Antalya, Ankara, Bursa ve Yalova mazhar olmu\u015f. \u0130zmir\u00a0ilimizde \u00e7ekim g\u00fcc\u00fc,in\u00fc koruyor, hala g\u00f6zde. \u0130\u015ftah \u00e7eken illerimiz de\u011fi\u015fmemi\u015f ama i\u015ftah\u0131 daha da kabaranlar s\u0131ralamas\u0131nda ufak bir de\u011fi\u015fiklik g\u00f6ze \u00e7arp\u0131yor. Listenin ba\u015f\u0131n\u0131 yine Irak vatanda\u015flar\u0131 \u00e7ekiyor. Sonras\u0131nda \u0130ran, Rusya, Afganistan ve \u00dcrd\u00fcn vatanda\u015flar\u0131 geliyor. 2018 y\u0131l\u0131nda Suudiler ve Kuveytliler ilk be\u015fteydi, yerlerini \u0130ran ve \u00dcrd\u00fcnl\u00fclere b\u0131rakt\u0131lar. Suud liderli\u011findeki K\u00f6rfez hanedanlar\u0131yla ya\u015fad\u0131\u011f\u0131m\u0131z kriz, g\u00f6zlerini korkutmu\u015f galiba. Suudlular frene basm\u0131\u015f, oras\u0131 anla\u015f\u0131l\u0131r da Katarl\u0131larda ak\u0131n yok.<\/p>\n<p>\u0130zole edilipte g\u0131rtlaklar\u0131na \u00e7\u00f6k\u00fcld\u00fc\u011f\u00fc vakit yard\u0131mlar\u0131na T\u00fcrkiye ko\u015fmu\u015ftu. Yaln\u0131zl\u0131klar\u0131n\u0131 biz gidermi\u015ftik. Daha fazla g\u00fcven duyacaklar\u0131 bir \u00fclke \u00e7\u0131kmad\u0131 b\u00f6lgede. Katarl\u0131 neden gaza basmad\u0131, oda ayr\u0131 muamma. Suriyeli o zaman da ilk be\u015fte de\u011fildi ama listeye girmeye devam ediyorlar. T\u00dc\u0130K, tarihe ilk kez ge\u00e7en Eyl\u00fcl yabanc\u0131ya konut sat\u0131\u015f\u0131 istatistiklerini payla\u015fm\u0131\u015ft\u0131. \u201cVatan elden gitmeden, Cumhuriyet el de\u011fi\u015ftirmeden de\u011fi\u015fen kom\u015fular\u0131m\u0131z\u201d diye yazm\u0131\u015ft\u0131k.<\/p>\n<p>Yabanc\u0131ya \u2018Konut alana vatanda\u015fl\u0131k\u2019 teklifinde alt s\u0131n\u0131r\u0131n bir milyondan 300 bin dolara \u00e7ekilmesi, beklenen etkiyi yapm\u0131\u015fa benziyor. Vatanda\u015fl\u0131k bedelinde indirime gitmek talebi patlatt\u0131, sekt\u00f6r\u00fcn \u00f6ng\u00f6r\u00fcleri de hakl\u0131 \u00e7\u0131kt\u0131. Vakti ile topraklar\u0131m\u0131z\u0131 \u0130ngilizlere, Almanlara, emperyalistlere pe\u015fke\u015f \u00e7ekiliyor, parsel parsel sat\u0131l\u0131yor diye az yaygara kopar\u0131lmad\u0131.<\/p>\n<p>Halbuki, ta 2003 y\u0131l\u0131nda bir milyar dolara ancak dayan\u0131yordu yabanc\u0131ya sat\u0131\u015f has\u0131lat\u0131. Bug\u00fcn 4 kat\u0131ndan fazla. Y\u0131ll\u0131k 5 milyar dolarlara \u00e7\u0131kt\u0131. Fakat 2003 y\u0131l\u0131ndan bu yana, bizden konut ve vatanda\u015fl\u0131k alan yabanc\u0131lar\u0131n da\u011f\u0131l\u0131m\u0131n\u0131 bilemiyoruz. Ne kadar\u0131 Avrupal\u0131, ne kadar\u0131 Ortado\u011fuluydu. Bize kom\u015fu ve vatanda\u015f gelen ecnebilerin profili nas\u0131l de\u011fi\u015fti, nedenini kestirmek zor olmasa da k\u0131yas imkan\u0131na sahip de\u011filiz.<\/p>\n<p>Yine de yabanc\u0131lardan \u00fclkemizde m\u00fclk edinmesi eski paranoyalar\u0131 tetiklemiyor art\u0131k, bu sevindirici. Alan memnun satan memnun tabii.<\/p>\n<p>\u201cEv alma kom\u015fu al\u201d demiyor muydu atas\u00f6z\u00fcm\u00fcz? Yabanc\u0131lar da sadece ev de\u011fil ya\u015fam standard\u0131 almaya geliyor. Kime be\u011fendirdikse onlar bizimle kom\u015fu olmay\u0131 se\u00e7ti, ho\u015f geldiler!<\/p>\n<div class=\"reklam\"><\/div>\n","protected":false},"excerpt":{"rendered":"<p>Yabanc\u0131lara &#8216;Konut alana vatanda\u015fl\u0131k\u2019 teklifi alt s\u0131n\u0131r\u0131da bir milyon dolardan 300 bin dolara d\u00fc\u015f\u00fcr\u00fclmesi ile konuta olan talepte\u00a0patlama ya\u015fand\u0131. Yabanc\u0131lara konut sat\u0131\u015flar\u0131nda art\u0131\u015f olaca\u011f\u0131n\u0131 iddia eden sekt\u00f6r temsilcileri hakl\u0131 \u00e7\u0131kt\u0131lar.\u00a0Yabanc\u0131lara \u2018Konut alana vatanda\u015fl\u0131k\u2019 teklifi ile vatanda\u015fl\u0131k i\u00e7in \u00f6denecek bedelde iskontoya gitmek konuta talebi patlatt\u0131, sekt\u00f6rden gelen \u00f6ng\u00f6r\u00fcler hakl\u0131 \u00e7\u0131kt\u0131. Karar Gazetesi k\u00f6\u015fe yazar\u0131 Akif Beki, [&hellip;]<\/p>\n","protected":false},"author":1,"featured_media":19737,"comment_status":"open","ping_status":"open","sticky":false,"template":"","format":"standard","meta":{"ngg_post_thumbnail":0},"categories":[5388],"tags":[13218,966],"_links":{"self":[{"href":"https:\/\/emlaktuel.com\/index.php?rest_route=\/wp\/v2\/posts\/27359"}],"collection":[{"href":"https:\/\/emlaktuel.com\/index.php?rest_route=\/wp\/v2\/posts"}],"about":[{"href":"https:\/\/emlaktuel.com\/index.php?rest_route=\/wp\/v2\/types\/post"}],"author":[{"embeddable":true,"href":"https:\/\/emlaktuel.com\/index.php?rest_route=\/wp\/v2\/users\/1"}],"replies":[{"embeddable":true,"href":"https:\/\/emlaktuel.com\/index.php?rest_route=%2Fwp%2Fv2%2Fcomments&post=27359"}],"version-history":[{"count":1,"href":"https:\/\/emlaktuel.com\/index.php?rest_route=\/wp\/v2\/posts\/27359\/revisions"}],"predecessor-version":[{"id":27360,"href":"https:\/\/emlaktuel.com\/index.php?rest_route=\/wp\/v2\/posts\/27359\/revisions\/27360"}],"wp:featuredmedia":[{"embeddable":true,"href":"https:\/\/emlaktuel.com\/index.php?rest_route=\/wp\/v2\/media\/19737"}],"wp:attachment":[{"href":"https:\/\/emlaktuel.com\/index.php?rest_route=%2Fwp%2Fv2%2Fmedia&parent=27359"}],"wp:term":[{"taxonomy":"category","embeddable":true,"href":"https:\/\/emlaktuel.com\/index.php?rest_route=%2Fwp%2Fv2%2Fcategories&post=27359"},{"taxonomy":"post_tag","embeddable":true,"href":"https:\/\/emlaktuel.com\/index.php?rest_route=%2Fwp%2Fv2%2Ftags&post=27359"}],"curies":[{"name":"wp","href":"https:\/\/api.w.org\/{rel}","templated":true}]}}