{"id":27356,"date":"2019-02-20T10:30:51","date_gmt":"2019-02-20T07:30:51","guid":{"rendered":"https:\/\/emlaktuel.com\/?p=27356"},"modified":"2019-02-20T10:30:51","modified_gmt":"2019-02-20T07:30:51","slug":"istinye-universitesinden-gayrimenkulde-mba-programi","status":"publish","type":"post","link":"https:\/\/emlaktuel.com\/?p=27356","title":{"rendered":"\u0130stinye \u00dcniversitesi\u2019nden \u201cGayrimenkulde MBA\u201d Program\u0131"},"content":{"rendered":"<p>\u0130stinye \u00dcniversitesi odaklanarak farkl\u0131la\u015fmaya devam ediyor. \u0130stinye \u00dcniversitesi; Sosyal Bilimler Enstit\u00fcs\u00fc kapsam\u0131nda ger\u00e7ekle\u015ftirilen y\u00fcksek lisans programlar\u0131n\u0131, \u201cExecutive MBA\u201d ve \u201cOdaklanm\u0131\u015f \u0130\u015fletme Y\u00fcksek Lisans Programlar\u0131\u201d olmak \u00fczere iki alana ay\u0131rarak; alternatif alanlara odaklanan bir e\u011fitim sistemi \u00fczerine y\u00fckseliyor. Daha \u00f6nce var olan \u201cVergi Denetimi Mevzuat\u0131 ile Uyumlu \u0130\u015fletme Y\u00fcksek Lisans\u201d, \u201cPazarlama Odakl\u0131 \u0130\u015fletme Y\u00fcksek Lisans\u201d ve \u201c\u0130nsan Kaynaklar\u0131 Odakl\u0131 \u0130\u015fletme Y\u00fcksek Lisans\u201d programlar\u0131na \u015fimdi de, \u201cGayrimenkulde MBA\u201d program\u0131 eklendi. Yap\u0131lan a\u00e7\u0131klamada son ba\u015fvuru tarihinin 1 Mart 2019 tarihi oldu\u011fu vurguland\u0131.<\/p>\n<p>Odaklanm\u0131\u015f MBA Programlar\u0131yla kariyerinde y\u00fckseli\u015fe ge\u00e7mek isteyen profesyonellere katk\u0131 sa\u011flayan \u0130stinye \u00dcniversitesi, gayrimenkule odaklanm\u0131\u015f MBA Program\u0131n\u0131 ba\u015flatt\u0131. Gayrimenkul sekt\u00f6r\u00fcnde yer alan t\u00fcm s\u00fcre\u00e7leri kapsayan bir i\u00e7eri\u011fe sahip olan Gayrimenkulde MBA Program\u0131, T\u00fcrkiye ve d\u00fcnya gayrimenkul piyasas\u0131n\u0131n i\u00e7inde bulundu\u011fu g\u00fcncel durumu analiz eden ve gelecek vizyonunu \u00e7izen uluslararas\u0131 bak\u0131\u015f a\u00e7\u0131s\u0131yla kurguland\u0131.<\/p>\n<p>Ara\u015ft\u0131rma \u00e7al\u0131\u015fmalar\u0131 ve odaklanm\u0131\u015f e\u011fitim<br \/>\nKonuyla ilgili bir a\u00e7\u0131klama yapan rekt\u00f6r Prof. Dr. Melih Bulu, \u0130stinye \u00dcniversitesi olarak, kurulduklar\u0131 k\u0131sa s\u00fcre i\u00e7inde e\u011fitim g\u00fcndemine katk\u0131 yapt\u0131klar\u0131 ve fark yaratt\u0131klar\u0131 iki alan\u0131n, \u201cara\u015ft\u0131rma \u00e7al\u0131\u015fmalar\u0131\u201d ve \u201codaklanm\u0131\u015f e\u011fitim\u201d oldu\u011funu vurgulayarak; \u201cYapt\u0131\u011f\u0131m\u0131z yat\u0131r\u0131mlar sonucu, daha \u00e7ok gelece\u011fin bilimi kabul edilen alanlarda ayr\u0131 ayr\u0131 ara\u015ft\u0131rma merkezleri kurduk. Ayr\u0131ca odaklanm\u0131\u015f e\u011fitim yakla\u015f\u0131m\u0131m\u0131zla, \u00fclkemizin ilk MBA programlar\u0131n\u0131 a\u00e7t\u0131k. Giri\u015fimci akademisyen ve bilim insanlar\u0131 yeti\u015ftirmek temel hedefimiz.\u201d dedi.<\/p>\n<p>Yerli ve yabanc\u0131 uzmanlar, yurtd\u0131\u015f\u0131 deneyimli akademik kadro<br \/>\nGayrimenkul MBA Program\u0131 hakk\u0131nda da konu\u015fan Bulu, \u015funlar\u0131 s\u00f6yledi: \u201cD\u00fcnyadaki en iyi uygulamalarla \u00fclkemizde ya\u015fanan s\u00fcre\u00e7lerin mukayese edilebilece\u011fi, birbirinden de\u011ferli yerli ve yabanc\u0131 konu\u015fmac\u0131lar\u0131n misafir olarak kat\u0131laca\u011f\u0131 ve hem akademik hem de profesyonel alanlarda uzman ve yurtd\u0131\u015f\u0131 deneyimli \u00f6\u011fretim g\u00f6revlilerinin ders verece\u011fi Gayrimenkul MBA program\u0131m\u0131z\u0131n, kat\u0131l\u0131mc\u0131lar\u0131n sekt\u00f6re yeni bir vizyoner bak\u0131\u015f a\u00e7\u0131s\u0131yla bakmalar\u0131na ve kendilerini bu alanda geli\u015ftirmelerine olanak sa\u011flayaca\u011f\u0131na inan\u0131yoruz.\u201d<\/p>\n<p>Gayrimenkuldeki yeni trendler ve mod\u00fcler yap\u0131<br \/>\n\u0130S\u00dc Gayrimenkul MBA Program\u0131\u2019n\u0131n (Tezsiz), arsa se\u00e7im a\u015famas\u0131ndan, de\u011ferleme, planlama, geli\u015ftirme, fizibilite, hukuki s\u00fcre\u00e7ler, in\u015faat uygulama, sat\u0131\u015f, pazarlama ve kapan\u0131\u015f a\u015famalar\u0131na kadar t\u00fcm s\u00fcre\u00e7leri kapsayan ve yat\u0131r\u0131m fikrinin olu\u015fmas\u0131n\u0131 ama\u00e7layan bir kurguda ele al\u0131nd\u0131\u011f\u0131 vurguland\u0131. Ayr\u0131ca program\u0131n, gayrimenkul yat\u0131r\u0131m fonlar\u0131, gayrimenkul yat\u0131r\u0131m ortakl\u0131klar\u0131, konut finansman\u0131 ve alternatif finansman modellerinin yan\u0131 s\u0131ra; strateji, teknoloji, dijitalle\u015fme, enerji verimlili\u011fi, s\u00fcrd\u00fcr\u00fclebilirlik, inovasyon, giri\u015fimcilik, kriz ve de\u011fi\u015fim y\u00f6netimi gibi sekt\u00f6r\u00fcn yeni trend ve geli\u015fimlerini de i\u00e7erdi\u011finin alt\u0131 \u00e7izildi. Mod\u00fcler bir yap\u0131da tasarlanan program\u0131n, orta-\u00fcst d\u00fczey y\u00f6neticilere ve sekt\u00f6rde kendini geli\u015ftirmek isteyen m\u00fchendislere, mimarlara, \u015fehir planc\u0131lar\u0131na, giri\u015fimcilere, finans, hukuk, de\u011ferleme, sat\u0131\u015f ve pazarlama alanlar\u0131nda \u00e7al\u0131\u015fan profesyonellere \u00e7ok kapsaml\u0131 bir e\u011fitim f\u0131rsat\u0131 sundu\u011funa dikkat \u00e7ekildi. Tezsiz olan program 5 zorunlu ve 5 se\u00e7meli olmak \u00fczere toplam 10 ders ve bitirme projesinden olu\u015fuyor.<\/p>\n","protected":false},"excerpt":{"rendered":"<p>\u0130stinye \u00dcniversitesi odaklanarak farkl\u0131la\u015fmaya devam ediyor. \u0130stinye \u00dcniversitesi; Sosyal Bilimler Enstit\u00fcs\u00fc kapsam\u0131nda ger\u00e7ekle\u015ftirilen y\u00fcksek lisans programlar\u0131n\u0131, \u201cExecutive MBA\u201d ve \u201cOdaklanm\u0131\u015f \u0130\u015fletme Y\u00fcksek Lisans Programlar\u0131\u201d olmak \u00fczere iki alana ay\u0131rarak; alternatif alanlara odaklanan bir e\u011fitim sistemi \u00fczerine y\u00fckseliyor. Daha \u00f6nce var olan \u201cVergi Denetimi Mevzuat\u0131 ile Uyumlu \u0130\u015fletme Y\u00fcksek Lisans\u201d, \u201cPazarlama Odakl\u0131 \u0130\u015fletme Y\u00fcksek Lisans\u201d ve [&hellip;]<\/p>\n","protected":false},"author":1,"featured_media":27357,"comment_status":"open","ping_status":"open","sticky":false,"template":"","format":"standard","meta":{"ngg_post_thumbnail":0},"categories":[26],"tags":[13160,13159],"_links":{"self":[{"href":"https:\/\/emlaktuel.com\/index.php?rest_route=\/wp\/v2\/posts\/27356"}],"collection":[{"href":"https:\/\/emlaktuel.com\/index.php?rest_route=\/wp\/v2\/posts"}],"about":[{"href":"https:\/\/emlaktuel.com\/index.php?rest_route=\/wp\/v2\/types\/post"}],"author":[{"embeddable":true,"href":"https:\/\/emlaktuel.com\/index.php?rest_route=\/wp\/v2\/users\/1"}],"replies":[{"embeddable":true,"href":"https:\/\/emlaktuel.com\/index.php?rest_route=%2Fwp%2Fv2%2Fcomments&post=27356"}],"version-history":[{"count":1,"href":"https:\/\/emlaktuel.com\/index.php?rest_route=\/wp\/v2\/posts\/27356\/revisions"}],"predecessor-version":[{"id":27358,"href":"https:\/\/emlaktuel.com\/index.php?rest_route=\/wp\/v2\/posts\/27356\/revisions\/27358"}],"wp:featuredmedia":[{"embeddable":true,"href":"https:\/\/emlaktuel.com\/index.php?rest_route=\/wp\/v2\/media\/27357"}],"wp:attachment":[{"href":"https:\/\/emlaktuel.com\/index.php?rest_route=%2Fwp%2Fv2%2Fmedia&parent=27356"}],"wp:term":[{"taxonomy":"category","embeddable":true,"href":"https:\/\/emlaktuel.com\/index.php?rest_route=%2Fwp%2Fv2%2Fcategories&post=27356"},{"taxonomy":"post_tag","embeddable":true,"href":"https:\/\/emlaktuel.com\/index.php?rest_route=%2Fwp%2Fv2%2Ftags&post=27356"}],"curies":[{"name":"wp","href":"https:\/\/api.w.org\/{rel}","templated":true}]}}