{"id":27293,"date":"2019-02-18T10:10:00","date_gmt":"2019-02-18T07:10:00","guid":{"rendered":"https:\/\/emlaktuel.com\/?p=27293"},"modified":"2019-02-18T10:10:00","modified_gmt":"2019-02-18T07:10:00","slug":"istmarina-avmde-aleyna-tilki-izdihami","status":"publish","type":"post","link":"https:\/\/emlaktuel.com\/?p=27293","title":{"rendered":"\u0130stMarina AVM\u2019de Aleyna Tilki \u0130zdiham\u0131"},"content":{"rendered":"<h4>T\u00fcrk popunun parlayan y\u0131ld\u0131z\u0131 Aleyna Tilki, \u00f6nceki g\u00fcn \u0130stMarina AVM\u2019de unutulmaz bir konsere imza att\u0131. Ba\u015far\u0131l\u0131 sanat\u00e7\u0131, kendisini dinlemek i\u00e7in saatler \u00f6ncesinde konser alan\u0131na gelen binlerce ki\u015fiye bitmeyen enerjisi ve rekorlar k\u0131ran \u015fark\u0131lar\u0131yla unutulmaz bir g\u00fcn ya\u015fatt\u0131.<\/h4>\n<p>Kartal sahilde denize naz\u0131r konumda, a\u00e7\u0131k alan ferahl\u0131\u011f\u0131 ile kapal\u0131 alan konforunu bir arada sunan yeni nesil al\u0131\u015fveri\u015f merkezi \u0130stMarina, pop m\u00fczi\u011fin parlayan y\u0131ld\u0131z\u0131 Aleyna Tilki&#8217;yi a\u011f\u0131rlad\u0131.<\/p>\n<p>Gen\u00e7 pop\u00e7u Aleyna Tilki, hafta sonu \u0130stMarina AVM&#8217;de verdi\u011fi konser ile kendisini dinlemeye gelen sevenlerine unutulmaz bir g\u00fcn ya\u015fatt\u0131. Alan\u0131 tam kapasite dolduran binlerce m\u00fcziksever keyif dolu konserde m\u00fczik ziyafeti ya\u015fad\u0131lar.<\/p>\n<p>Program\u0131na sevilen par\u00e7alar\u0131ndan &#8216;Cevaps\u0131z \u00c7\u0131nlama&#8217; \u015fark\u0131s\u0131 ile ba\u015flayan Aleyna Tilki, birbirinden hit \u015fark\u0131lar\u0131yla iz b\u0131rakan bir performansa imza att\u0131. Konser boyunca muhte\u015fem danslar\u0131 ve sahne \u015fovlar\u0131yla g\u00f6z dolduran Tilki, 7\u2019den 70\u2019e her ya\u015f grubundan seyircinin oldu\u011fu konserde salonu dolduran binlerce ki\u015fiyi bir kez daha sesine ve kendisine hayran b\u0131rakt\u0131.<\/p>\n<p>M\u00fczik listelerinde rekorlar k\u0131ran \u2018Sen Olsan Bari\u2019, \u2018Cevaps\u0131z \u00c7\u0131nlama\u2019 \u2018Yaln\u0131z \u00c7i\u00e7ek\u2019 ve \u2018Dipsiz Kuyu\u2019yu \u0130stMarina AVM izleyicileri ile hep bir a\u011f\u0131zdan s\u00f6yleyen Aleyna Tilki 1 saate yak\u0131n sahnede kalarak \u015fark\u0131lar\u0131yla doyas\u0131ya e\u011flendirdi.<\/p>\n<h2><strong>D\u00fcnya&#8217;n\u0131n en \u00e7ok dinlenen 30&#8217;uncu \u015fark\u0131s\u0131 oldu<\/strong><\/h2>\n<p>&#8216;O sen olsan bari&#8217; isimli par\u00e7an\u0131n YouTube listelerinde d\u00fcnyada en \u00e7ok dinlenen 30&#8217;uncu \u015fark\u0131 oldu\u011funa dikkat \u00e7eken Aleyna Tilki &#8220;Hepiniz beni ayn\u0131 anda sevip ayn\u0131 anda i\u00e7imdeki olgunlu\u011fu hissedip bana \u2018Aleyna baba&#8217; dediniz. Bu ba\u015far\u0131y\u0131 elde etmeme vesile oldu\u011funuz i\u00e7in size minnet bor\u00e7luyum&#8221; dedi.<\/p>\n<p>AVM konserlerinin s\u0131cak atmosferini \u00e7ok sevdi\u011fini belirlen gen\u00e7 \u015fark\u0131c\u0131, \u201cAVM&#8217;deki konserlerimi \u00e7ok seviyorum. Biz bize oluyoruz o y\u00fczden \u00e7ok samimi buluyorum. Ama birbirimize doymuyoruz, tad\u0131ml\u0131k oluyor\u201d diye konu\u015ftu.<\/p>\n","protected":false},"excerpt":{"rendered":"<p>T\u00fcrk popunun parlayan y\u0131ld\u0131z\u0131 Aleyna Tilki, \u00f6nceki g\u00fcn \u0130stMarina AVM\u2019de unutulmaz bir konsere imza att\u0131. Ba\u015far\u0131l\u0131 sanat\u00e7\u0131, kendisini dinlemek i\u00e7in saatler \u00f6ncesinde konser alan\u0131na gelen binlerce ki\u015fiye bitmeyen enerjisi ve rekorlar k\u0131ran \u015fark\u0131lar\u0131yla unutulmaz bir g\u00fcn ya\u015fatt\u0131. Kartal sahilde denize naz\u0131r konumda, a\u00e7\u0131k alan ferahl\u0131\u011f\u0131 ile kapal\u0131 alan konforunu bir arada sunan yeni nesil al\u0131\u015fveri\u015f [&hellip;]<\/p>\n","protected":false},"author":1,"featured_media":27294,"comment_status":"open","ping_status":"open","sticky":false,"template":"","format":"standard","meta":{"ngg_post_thumbnail":0},"categories":[26],"tags":[11812,13195],"_links":{"self":[{"href":"https:\/\/emlaktuel.com\/index.php?rest_route=\/wp\/v2\/posts\/27293"}],"collection":[{"href":"https:\/\/emlaktuel.com\/index.php?rest_route=\/wp\/v2\/posts"}],"about":[{"href":"https:\/\/emlaktuel.com\/index.php?rest_route=\/wp\/v2\/types\/post"}],"author":[{"embeddable":true,"href":"https:\/\/emlaktuel.com\/index.php?rest_route=\/wp\/v2\/users\/1"}],"replies":[{"embeddable":true,"href":"https:\/\/emlaktuel.com\/index.php?rest_route=%2Fwp%2Fv2%2Fcomments&post=27293"}],"version-history":[{"count":1,"href":"https:\/\/emlaktuel.com\/index.php?rest_route=\/wp\/v2\/posts\/27293\/revisions"}],"predecessor-version":[{"id":27296,"href":"https:\/\/emlaktuel.com\/index.php?rest_route=\/wp\/v2\/posts\/27293\/revisions\/27296"}],"wp:featuredmedia":[{"embeddable":true,"href":"https:\/\/emlaktuel.com\/index.php?rest_route=\/wp\/v2\/media\/27294"}],"wp:attachment":[{"href":"https:\/\/emlaktuel.com\/index.php?rest_route=%2Fwp%2Fv2%2Fmedia&parent=27293"}],"wp:term":[{"taxonomy":"category","embeddable":true,"href":"https:\/\/emlaktuel.com\/index.php?rest_route=%2Fwp%2Fv2%2Fcategories&post=27293"},{"taxonomy":"post_tag","embeddable":true,"href":"https:\/\/emlaktuel.com\/index.php?rest_route=%2Fwp%2Fv2%2Ftags&post=27293"}],"curies":[{"name":"wp","href":"https:\/\/api.w.org\/{rel}","templated":true}]}}