{"id":27233,"date":"2019-02-16T14:02:18","date_gmt":"2019-02-16T11:02:18","guid":{"rendered":"https:\/\/emlaktuel.com\/?p=27233"},"modified":"2019-02-16T14:02:34","modified_gmt":"2019-02-16T11:02:34","slug":"bakan-berat-albayrak-faizler-daha-da-dusecek","status":"publish","type":"post","link":"https:\/\/emlaktuel.com\/?p=27233","title":{"rendered":"Bakan Berat Albayrak: Faizler daha da d\u00fc\u015fecek"},"content":{"rendered":"<p>Hazine ve Maliye Bakan\u0131 Berat Albayrak, \u0130zmir&#8217;de yap\u0131lan &#8216;Ad\u0131m Ad\u0131m Ekonomi \u0130zmir&#8217; toplant\u0131s\u0131nda a\u00e7\u0131klamalarda bulundu. Bakan Albayrak\u00a0<b>&#8220;Faizler daha da d\u00fc\u015fecek mi, daha yeni ba\u015flad\u0131. \u0130yi, \u00e7ok iyi ama yeterli de\u011fil&#8221; \u015feklinde konu\u015ftu.<\/b><\/p>\n<p>Hazine ve Maliye Bakan\u0131 Berat Albayrak, Ad\u0131m Ad\u0131m Ekonomi \u00a0\u0130zmir\u00a0 toplant\u0131s\u0131nda &#8220;Ocak 2019 ay\u0131 sonu itibar\u0131yla 12 ay ortalama cari denge rakamlar\u0131, cari a\u00e7\u0131k rakamlar\u0131 belki de 20 milyar dolar\u0131n alt\u0131na d\u00fc\u015fecektir. T\u00fcrkiye, cari a\u00e7\u0131ktan cari fazlaya ge\u00e7i\u015f d\u00f6nemine h\u0131zla yol al\u0131yor.&#8221; diye konu\u015ftu.<\/p>\n<p>Bakan Berat Albayrak, &#8220;Faizler daha da d\u00fc\u015fecek mi, daha yeni d\u00fc\u015fmeye ba\u015flad\u0131. \u0130yi, \u00e7ok iyi ama bu yeterli de\u011fil. \u0130\u015f d\u00fcnyas\u0131 i\u00e7in faizler daha \u00e7ok d\u00fc\u015fmeii. T\u00fcrkiye ekonomisi her t\u00fcrl\u00fc i\u00e7 ve d\u0131\u015f \u015foka ra\u011fmen dayan\u0131kl\u0131l\u0131\u011f\u0131n\u0131 korumaya devam ediyor&#8221; \u015feklinde konu\u015ftu.<\/p>\n","protected":false},"excerpt":{"rendered":"<p>Hazine ve Maliye Bakan\u0131 Berat Albayrak, \u0130zmir&#8217;de yap\u0131lan &#8216;Ad\u0131m Ad\u0131m Ekonomi \u0130zmir&#8217; toplant\u0131s\u0131nda a\u00e7\u0131klamalarda bulundu. Bakan Albayrak\u00a0&#8220;Faizler daha da d\u00fc\u015fecek mi, daha yeni ba\u015flad\u0131. \u0130yi, \u00e7ok iyi ama yeterli de\u011fil&#8221; \u015feklinde konu\u015ftu. Hazine ve Maliye Bakan\u0131 Berat Albayrak, Ad\u0131m Ad\u0131m Ekonomi \u00a0\u0130zmir\u00a0 toplant\u0131s\u0131nda &#8220;Ocak 2019 ay\u0131 sonu itibar\u0131yla 12 ay ortalama cari denge rakamlar\u0131, cari [&hellip;]<\/p>\n","protected":false},"author":1,"featured_media":23601,"comment_status":"open","ping_status":"open","sticky":false,"template":"","format":"standard","meta":{"ngg_post_thumbnail":0},"categories":[26],"tags":[13170,11767,298],"_links":{"self":[{"href":"https:\/\/emlaktuel.com\/index.php?rest_route=\/wp\/v2\/posts\/27233"}],"collection":[{"href":"https:\/\/emlaktuel.com\/index.php?rest_route=\/wp\/v2\/posts"}],"about":[{"href":"https:\/\/emlaktuel.com\/index.php?rest_route=\/wp\/v2\/types\/post"}],"author":[{"embeddable":true,"href":"https:\/\/emlaktuel.com\/index.php?rest_route=\/wp\/v2\/users\/1"}],"replies":[{"embeddable":true,"href":"https:\/\/emlaktuel.com\/index.php?rest_route=%2Fwp%2Fv2%2Fcomments&post=27233"}],"version-history":[{"count":2,"href":"https:\/\/emlaktuel.com\/index.php?rest_route=\/wp\/v2\/posts\/27233\/revisions"}],"predecessor-version":[{"id":27235,"href":"https:\/\/emlaktuel.com\/index.php?rest_route=\/wp\/v2\/posts\/27233\/revisions\/27235"}],"wp:featuredmedia":[{"embeddable":true,"href":"https:\/\/emlaktuel.com\/index.php?rest_route=\/wp\/v2\/media\/23601"}],"wp:attachment":[{"href":"https:\/\/emlaktuel.com\/index.php?rest_route=%2Fwp%2Fv2%2Fmedia&parent=27233"}],"wp:term":[{"taxonomy":"category","embeddable":true,"href":"https:\/\/emlaktuel.com\/index.php?rest_route=%2Fwp%2Fv2%2Fcategories&post=27233"},{"taxonomy":"post_tag","embeddable":true,"href":"https:\/\/emlaktuel.com\/index.php?rest_route=%2Fwp%2Fv2%2Ftags&post=27233"}],"curies":[{"name":"wp","href":"https:\/\/api.w.org\/{rel}","templated":true}]}}