{"id":27205,"date":"2019-02-15T15:21:55","date_gmt":"2019-02-15T12:21:55","guid":{"rendered":"https:\/\/emlaktuel.com\/?p=27205"},"modified":"2019-02-15T15:21:55","modified_gmt":"2019-02-15T12:21:55","slug":"istinye-universitesi-unlu-mimarlari-konuk-ediyor","status":"publish","type":"post","link":"https:\/\/emlaktuel.com\/?p=27205","title":{"rendered":"\u0130stinye \u00dcniversitesi \u00fcnl\u00fc mimarlar\u0131 konuk ediyor"},"content":{"rendered":"<p><strong>T\u00fcrkiye\u2019nin \u00f6nde gelen mimarlar\u0131n\u0131n kat\u0131l\u0131m\u0131yla ger\u00e7ekle\u015fecek ve 14 hafta s\u00fcrecek etkinlikte; \u00fcnl\u00fc mimarlar Levent \u00c7IRPICI, Can \u00c7\u0130N\u0130C\u0130, Cem SORGU\u00c7, Bo\u011fa\u00e7han D\u00dcNDARALP, Emre TORBAO\u011eLU, Emre ERKAL, \u00d6zg\u00fcr B\u0130NG\u00d6L, Kerem ERG\u0130NO\u011eLU, Hasan \u00c7ALI\u015eLAR, \u00d6mer Sel\u00e7uk BAZ, Erhan VURAL, Ahmet VURAL, Ahmet ALATA\u015e ve Emir DRAH\u015eAN seminer verecek. Program\u0131n son iki haftas\u0131nda ise, \u201cSo Mimarl\u0131k\u201dtan Sevince BAYRAK ile Oral G\u00d6KTA\u015e ve \u201cPAB Mimarl\u0131k\u201dtan P\u0131nar G\u00d6KBAYRAK ile Bur\u00e7in YILDIRIM \u00f6\u011frencilerle bir araya gelecek. Seminerlerin d\u0131\u015far\u0131dan kat\u0131l\u0131ma a\u00e7\u0131k oldu\u011fu ve \u00fccretsiz olarak yap\u0131laca\u011f\u0131 vurguland\u0131.<br \/>\n<\/strong><\/p>\n<p>Son y\u0131llar\u0131n ad\u0131ndan s\u0131k s\u00f6z ettiren vak\u0131f \u00fcniversitelerinden\u00a0<strong>\u0130stinye \u00dcniversitesi<\/strong>, G\u00fczel Sanatlar Tasar\u0131m ve Mimarl\u0131k Fak\u00fcltesi taraf\u0131ndan d\u00fczenlenen\u00a0<strong>\u2018\u2019Mimarlarla Bulu\u015fmalar\u2019\u2019<\/strong>seminerlerinde; \u00f6\u011frencileriyle, T\u00fcrkiye\u2019nin \u00f6nde gelen mimarlar\u0131n\u0131 bir araya getiriyor.<strong>\u00a028 \u015eubat 2019<\/strong>\u00a0g\u00fcn\u00fc Mimar\u00a0<strong>Levent \u00c7\u0131rp\u0131c\u0131<\/strong>\u2019n\u0131n semineriyle ba\u015flayacak olan\u00a0<strong>14 haftal\u0131k<\/strong>programa kat\u0131lan \u00f6\u011frenciler; aktif \u00e7al\u0131\u015fan mimarlar\u0131n \u00e7al\u0131\u015fma y\u00f6ntemlerini, tecr\u00fcbelerini ve alana dair d\u00fc\u015f\u00fcncelerini \u00f6\u011frenme f\u0131rsat\u0131 yakalayacaklar.<\/p>\n<h2><strong>Mimarlardan \u00d6\u011frenecekler<\/strong><\/h2>\n<p>Mimarlar\u0131n \u00e7al\u0131\u015fma y\u00f6ntemlerini ve proje esnas\u0131nda i\u015fledikleri s\u00fcre\u00e7leri \u00f6\u011frenen \u00f6\u011frencilerin mesleki vizyonlar\u0131n\u0131n geni\u015fleyece\u011fini belirten G\u00fczel Sanatlar Tasar\u0131m ve Mimarl\u0131k Fak\u00fcltesi Dekan\u0131\u00a0<strong>Prof. Dr. G\u00fczin Kaya<\/strong>, ge\u00e7en de sene benzer bir program uygulad\u0131klar\u0131n\u0131 ve olumlu geri d\u00f6n\u00fc\u015fler ald\u0131klar\u0131n\u0131 s\u00f6yledi. Mimarlar\u0131n anlataca\u011f\u0131 konular\u0131 kendilerinin belirleyece\u011fini s\u00f6yleyen Prof. Dr. G\u00fczin KAYA, seminerlerin d\u0131\u015fardan kat\u0131l\u0131ma da a\u00e7\u0131k oldu\u011funu ve dileyen isteyen herkesin kat\u0131labilece\u011fini hat\u0131rlatt\u0131.<\/p>\n<h2><strong>Mimarl\u0131\u011fa Dair Farkl\u0131 D\u00fc\u015f\u00fcnceleri \u0130lk A\u011f\u0131zdan Dinlemek \u00c7ok \u00d6nemli<\/strong><\/h2>\n<p>Mimarl\u0131k \u00f6\u011frencilerinin analitik d\u00fc\u015f\u00fcnceyi \u00f6\u011frenmesi gerekti\u011finin alt\u0131n\u0131 \u00e7izen\u00a0<strong>G\u00fczin Kaya<\/strong>, \u2018\u2019\u00d6\u011frencilerimiz farkl\u0131 deneyimlerle kar\u015f\u0131la\u015farak yarat\u0131c\u0131 taraflar\u0131n\u0131 destekleyecek. Farkl\u0131 d\u00fc\u015f\u00fcnme bi\u00e7imleri oldu\u011funun fark\u0131na varacak.\u2019\u2019 s\u00f6zleriyle seminerlerin \u00f6nemine dikkat \u00e7ekti. Konuk olacak mimarlardan kiminin hala elle \u00e7izim yapmay\u0131 tercih ederken, kiminin sadece yeni teknolojileri kulland\u0131\u011f\u0131n\u0131 belirten\u00a0<strong>Prof. Dr. G\u00fczin Kaya<\/strong>, \u2018\u2019Mimarl\u0131\u011fa dair farkl\u0131 d\u00fc\u015f\u00fcnceleri, farkl\u0131 yakla\u015f\u0131mlar\u0131 ilk a\u011f\u0131zdan dinlemek \u00e7ok \u00f6nemli. \u00d6\u011frencilerimiz T\u00fcrkiye\u2019de mimarl\u0131k mesle\u011finin nas\u0131l i\u015fledi\u011fini g\u00f6rme \u015fans\u0131 yakalayacaklar. Mimarl\u0131k alan tecr\u00fcbesinin \u00e7ok de\u011ferli oldu\u011fu bir aland\u0131r.\u2019\u2019 dedi.<\/p>\n<h2><strong>T\u00fcrkiye\u2019nin \u00d6nde Gelen Mimarlar\u0131 Kat\u0131l\u0131yor<\/strong><\/h2>\n<p>T\u00fcrkiye\u2019nin \u00f6nde gelen mimarlar\u0131n\u0131n kat\u0131l\u0131m\u0131yla ger\u00e7ekle\u015fecek programda; Levent \u00c7IRPICI, Can \u00c7\u0130N\u0130C\u0130, Cem SORGU\u00c7, Bo\u011fa\u00e7han D\u00dcNDARALP, Emre TORBAO\u011eLU, Emre ERKAL, \u00d6zg\u00fcr B\u0130NG\u00d6L, Kerem ERG\u0130NO\u011eLU, Hasan \u00c7ALI\u015eLAR, \u00d6mer Sel\u00e7uk BAZ, Erhan VURAL, Ahmet VURAL, Ahmet ALATA\u015e ve Emir DRAH\u015eAN seminer verecek. Program\u0131n son iki haftas\u0131nda, \u201cSo Mimarl\u0131k\u201dtan Sevince BAYRAK ile Oral G\u00d6KTA\u015e ve \u201cPAB Mimarl\u0131k\u201dtan P\u0131nar G\u00d6KBAYRAK ile Bur\u00e7in YILDIRIM \u00f6\u011frencilerle bir araya gelecek.<\/p>\n<p>Seminerlerin d\u0131\u015far\u0131dan kat\u0131l\u0131ma a\u00e7\u0131k oldu\u011fu ve \u00fccretsiz olarak yap\u0131laca\u011f\u0131 vurguland\u0131.<\/p>\n<p><strong>Seminer Kat\u0131l\u0131mc\u0131lar\u0131 ve Program:<\/strong><\/p>\n<p>28 \u015eubat 2019 Per\u015fembe \/ Levent \u00c7IRPICI<\/p>\n<p>7 Mart 2019 Per\u015fembe \/ Can \u00c7\u0130N\u0130C\u0130<\/p>\n<p>14 Mart 2019 Per\u015fembe \/ Cem SORGU\u00c7<\/p>\n<p>21 Mart 2019 Per\u015fembe \/ Bo\u011fa\u00e7han D\u00dcNDARALP<\/p>\n<p>28 Mart 2019 Per\u015fembe\/ Emre TORBAO\u011eLU<\/p>\n<p>4 Nisan 2019 Per\u015fembe \/ Emre ERKAL<\/p>\n<p>11 Nisan 2019 Per\u015fembe \/ \u00d6zg\u00fcr B\u0130NG\u00d6L<\/p>\n<p>18 Nisan 2019 Per\u015fembe \/ Kerem ERG\u0130NO\u011eLU &#8211; Hasan \u00c7ALI\u015eLAR<\/p>\n<p>25 Nisan 2019 Per\u015fembe \/ \u00d6mer Sel\u00e7uk BAZ<\/p>\n<p>2 May\u0131s 2019 Per\u015fembe \/ Erhan VURAL<\/p>\n<p>9 May\u0131s 2019 Per\u015fembe \/ Ahmet ALATA\u015e<\/p>\n<p>16 May\u0131s 2019 Per\u015fembe \/ Emir DRAH\u015eAN<\/p>\n<p>23 May\u0131s 2019 Per\u015fembe \/ SO Mimarl\u0131k: Sevince BAYRAK &#8211; Oral G\u00d6KTA\u015e<\/p>\n<p>30 May\u0131s 2019 Per\u015fembe \/ PAB Mimarl\u0131k: P\u0131nar G\u00d6KBAYRAK &#8211; Bur\u00e7in YILDIRIM<\/p>\n","protected":false},"excerpt":{"rendered":"<p>T\u00fcrkiye\u2019nin \u00f6nde gelen mimarlar\u0131n\u0131n kat\u0131l\u0131m\u0131yla ger\u00e7ekle\u015fecek ve 14 hafta s\u00fcrecek etkinlikte; \u00fcnl\u00fc mimarlar Levent \u00c7IRPICI, Can \u00c7\u0130N\u0130C\u0130, Cem SORGU\u00c7, Bo\u011fa\u00e7han D\u00dcNDARALP, Emre TORBAO\u011eLU, Emre ERKAL, \u00d6zg\u00fcr B\u0130NG\u00d6L, Kerem ERG\u0130NO\u011eLU, Hasan \u00c7ALI\u015eLAR, \u00d6mer Sel\u00e7uk BAZ, Erhan VURAL, Ahmet VURAL, Ahmet ALATA\u015e ve Emir DRAH\u015eAN seminer verecek. Program\u0131n son iki haftas\u0131nda ise, \u201cSo Mimarl\u0131k\u201dtan Sevince BAYRAK ile [&hellip;]<\/p>\n","protected":false},"author":1,"featured_media":27206,"comment_status":"open","ping_status":"open","sticky":false,"template":"","format":"standard","meta":{"ngg_post_thumbnail":0},"categories":[26],"tags":[13160,13159,13161,13162,11341],"_links":{"self":[{"href":"https:\/\/emlaktuel.com\/index.php?rest_route=\/wp\/v2\/posts\/27205"}],"collection":[{"href":"https:\/\/emlaktuel.com\/index.php?rest_route=\/wp\/v2\/posts"}],"about":[{"href":"https:\/\/emlaktuel.com\/index.php?rest_route=\/wp\/v2\/types\/post"}],"author":[{"embeddable":true,"href":"https:\/\/emlaktuel.com\/index.php?rest_route=\/wp\/v2\/users\/1"}],"replies":[{"embeddable":true,"href":"https:\/\/emlaktuel.com\/index.php?rest_route=%2Fwp%2Fv2%2Fcomments&post=27205"}],"version-history":[{"count":1,"href":"https:\/\/emlaktuel.com\/index.php?rest_route=\/wp\/v2\/posts\/27205\/revisions"}],"predecessor-version":[{"id":27207,"href":"https:\/\/emlaktuel.com\/index.php?rest_route=\/wp\/v2\/posts\/27205\/revisions\/27207"}],"wp:featuredmedia":[{"embeddable":true,"href":"https:\/\/emlaktuel.com\/index.php?rest_route=\/wp\/v2\/media\/27206"}],"wp:attachment":[{"href":"https:\/\/emlaktuel.com\/index.php?rest_route=%2Fwp%2Fv2%2Fmedia&parent=27205"}],"wp:term":[{"taxonomy":"category","embeddable":true,"href":"https:\/\/emlaktuel.com\/index.php?rest_route=%2Fwp%2Fv2%2Fcategories&post=27205"},{"taxonomy":"post_tag","embeddable":true,"href":"https:\/\/emlaktuel.com\/index.php?rest_route=%2Fwp%2Fv2%2Ftags&post=27205"}],"curies":[{"name":"wp","href":"https:\/\/api.w.org\/{rel}","templated":true}]}}