{"id":27119,"date":"2019-02-12T11:54:40","date_gmt":"2019-02-12T08:54:40","guid":{"rendered":"https:\/\/emlaktuel.com\/?p=27119"},"modified":"2019-02-12T11:54:40","modified_gmt":"2019-02-12T08:54:40","slug":"2-sene-icinde-5-milyon-kullanica-hazir-ofislerde-calisacak","status":"publish","type":"post","link":"https:\/\/emlaktuel.com\/?p=27119","title":{"rendered":"2 sene i\u00e7inde 5 milyon kullan\u0131ca haz\u0131r ofislerde \u00e7al\u0131\u015facak"},"content":{"rendered":"<p><strong>Ba\u015fka bir \u00fclkede ofis a\u00e7mak isteyen yabanc\u0131 \u015firketler, yeni i\u015f kurmak isteyen giri\u015fimciler veya daha itibarl\u0131 bir ofise ta\u015f\u0131nmak isteyen firmalara cevap vermek \u00fczere geli\u015ftirilen haz\u0131r ofisler, 40 y\u0131ldan bu yana katlanan bir ivmeyle b\u00fcy\u00fcyor. Haz\u0131r ofisler, \u015fimdilerde bir trend olarak ifade edilse de \u00e7a\u011f\u0131n \u015fartlar\u0131na ayak uydurmak i\u00e7in neredeyse bir gereklilik haline geldi. Sekt\u00f6r lideri Servcorp\u2019un T\u00fcrkiye ofisinden yap\u0131lan a\u00e7\u0131klamada; D\u00fcnyada 2 y\u0131l i\u00e7inde 5 milyon kullan\u0131c\u0131n\u0131n haz\u0131r ofislerde \u00e7al\u0131\u015fmalar\u0131na devam edece\u011fi, 2020 y\u0131l\u0131na kadar \u00e7al\u0131\u015fanlar\u0131n y\u00fczde 70\u2019i haz\u0131r ofis veya payla\u015f\u0131ml\u0131 \u00e7al\u0131\u015fma alanlar\u0131n\u0131 tercih etmeye ba\u015flayaca\u011f\u0131 \u00f6ng\u00f6r\u00fcs\u00fcnde bulunuldu.<\/strong><\/p>\n<p>40 y\u0131l \u00f6nce\u00a0<strong>Servcorp<\/strong>\u2019un kurucusu Avustralyal\u0131 gayrimenkul uzman\u0131 Alfred Moufarrige\u2019in fikriyle ilk kez ortaya \u00e7\u0131kan haz\u0131r ofisler, aradan ge\u00e7en zamanda h\u0131zl\u0131 geli\u015fme g\u00f6sterdi ve d\u00fcnyada oldu\u011fu gibi son y\u0131llarda \u00fclkemizde de olduk\u00e7a yayg\u0131nla\u015ft\u0131. D\u00fcnyada 2 y\u0131l i\u00e7inde 5 milyon ki\u015finin haz\u0131r ofis ve esnek \u00e7al\u0131\u015fma alanlar\u0131nda \u00e7al\u0131\u015fmaya devam edece\u011fini belirten Servcorp T\u00fcrkiye yetkilileri, 2020 y\u0131l\u0131na kadar haz\u0131r ofis lokasyonlar\u0131n\u0131n 30 binin \u00fczerine \u00e7\u0131kmas\u0131n\u0131 bekliyor.<\/p>\n<h2><strong>3 Y\u0131lda Y\u00fczde 90 Art\u0131\u015f Sa\u011fland\u0131<\/strong><\/h2>\n<p>T\u00fcrkiye\u2019de yapt\u0131\u011f\u0131 yat\u0131r\u0131mlarla haz\u0131r ofis ve esnek \u00e7al\u0131\u015fma alanlar\u0131nda kalite ve standartlar\u0131n y\u00fckseltilmesine \u00f6nc\u00fcl\u00fck eden Servcorp, \u00f6zellikle sundu\u011fu avantajlar ile giri\u015fimci ve \u015firketlerin hayat\u0131n\u0131 kolayla\u015ft\u0131r\u0131rken pek \u00e7ok hizmetin daha ekonomik b\u00fct\u00e7elerle sunulmas\u0131n\u0131 da sa\u011fl\u0131yor. T\u00fcrkiye\u2019de ortak \u00e7al\u0131\u015fma alan\u0131 sa\u011flay\u0131c\u0131lar\u0131n\u0131n say\u0131s\u0131n\u0131n son 3 y\u0131lda y\u00fczde 90 oran\u0131nda art\u0131\u015f kaydetti\u011fini s\u00f6yleyen Servcorp T\u00fcrkiye, bunun en \u00f6nemli nedeninin bu tarz ortak \u00e7al\u0131\u015fma alanlar\u0131na artan talebin b\u00fcy\u00fcmesi oldu\u011funu belirtiyor.<\/p>\n<h2><strong>Maliyet En \u00c7ekici Sebep<\/strong><\/h2>\n<p>Bu art\u0131\u015f\u0131n sebepleri aras\u0131nda kolay ve ekonomik bir \u015fekilde ofis kurmak, a\u011f\u0131n\u0131 geli\u015ftirerek, yeni i\u015f kontaklar\u0131 olu\u015fturmak ve i\u015f hayat\u0131n\u0131n mobille\u015fmesine payla\u015f\u0131ml\u0131 \u00e7al\u0131\u015fma alanlar\u0131n\u0131n daha rahat bir zemin sunmas\u0131, ba\u015fl\u0131ca unsurlar olarak yer al\u0131yor. Bu gerek\u00e7elerin yan\u0131nda sunulan t\u00fcm hizmetlerin, d\u00fc\u015f\u00fck maliyetlerle ve kulland\u0131\u011f\u0131n kadar \u00f6de modeli ile sunulmas\u0131 da \u00f6ncelikli tercih edilmede b\u00fcy\u00fck \u00f6nem ta\u015f\u0131yor. Esnek \u00e7al\u0131\u015fma alanlar\u0131 sa\u011flay\u0131c\u0131lar\u0131ndan, geleneksel tarzda kurulan ofislere oranla en az y\u00fczde 40 daha d\u00fc\u015f\u00fck maliyetle hizmet al\u0131nabiliyor. \u0130stanbul\u2019da Levent Tekfen Tower ve Ni\u015fanta\u015f\u0131 Louis Vuitton Orjin Binas\u0131 olmak \u00fczere iki ofis alan\u0131 ile hizmet vermekte olan Servcorp, d\u00fcnya genelinde 160\u2019dan fazla ofis alan\u0131 ile hizmet veriyor.<\/p>\n<h2><strong>Haz\u0131r Ofisler \u0130\u015f D\u00fcnyas\u0131n\u0131n Cazibe Merkezi Haline D\u00f6n\u00fc\u015ft\u00fc<\/strong><\/h2>\n<p>G\u00fcn\u00fcm\u00fczde haz\u0131r ofisler ve payla\u015f\u0131ml\u0131 esnek \u00e7al\u0131\u015fma alanlar\u0131; en az iki dil bilen sekretarya-asistan deste\u011fi,kesintisiz internet ve 7\/24 telefon ba\u011flant\u0131s\u0131, temizlik, g\u00fcvenlik ve bir ofiste olmas\u0131 gereken t\u00fcm hizmetleri sunan yerler olarak kar\u015f\u0131m\u0131za \u00e7\u0131k\u0131yor. Firmalar\u0131 t\u00fcm bunlar\u0131n tedarik ve takibi i\u00e7in, yeni istihdam b\u00fct\u00e7eleri ay\u0131rmaktan kurtaran haz\u0131r ofisler, \u00f6zellikle Servcorp gibi global ofis sa\u011flay\u0131c\u0131lar\u0131n\u0131n sundu\u011fu network imkanlar\u0131 ve mobil \u00e7al\u0131\u015fmaya verdi\u011fi imkanlarla, i\u015f d\u00fcnyas\u0131n\u0131n ve giri\u015fimcilerin cazibe merkezleri haline d\u00f6n\u00fc\u015fm\u00fc\u015f durumda<\/p>\n","protected":false},"excerpt":{"rendered":"<p>Ba\u015fka bir \u00fclkede ofis a\u00e7mak isteyen yabanc\u0131 \u015firketler, yeni i\u015f kurmak isteyen giri\u015fimciler veya daha itibarl\u0131 bir ofise ta\u015f\u0131nmak isteyen firmalara cevap vermek \u00fczere geli\u015ftirilen haz\u0131r ofisler, 40 y\u0131ldan bu yana katlanan bir ivmeyle b\u00fcy\u00fcyor. Haz\u0131r ofisler, \u015fimdilerde bir trend olarak ifade edilse de \u00e7a\u011f\u0131n \u015fartlar\u0131na ayak uydurmak i\u00e7in neredeyse bir gereklilik haline geldi. Sekt\u00f6r [&hellip;]<\/p>\n","protected":false},"author":1,"featured_media":25813,"comment_status":"open","ping_status":"open","sticky":false,"template":"","format":"standard","meta":{"ngg_post_thumbnail":0},"categories":[26],"tags":[13131,13132],"_links":{"self":[{"href":"https:\/\/emlaktuel.com\/index.php?rest_route=\/wp\/v2\/posts\/27119"}],"collection":[{"href":"https:\/\/emlaktuel.com\/index.php?rest_route=\/wp\/v2\/posts"}],"about":[{"href":"https:\/\/emlaktuel.com\/index.php?rest_route=\/wp\/v2\/types\/post"}],"author":[{"embeddable":true,"href":"https:\/\/emlaktuel.com\/index.php?rest_route=\/wp\/v2\/users\/1"}],"replies":[{"embeddable":true,"href":"https:\/\/emlaktuel.com\/index.php?rest_route=%2Fwp%2Fv2%2Fcomments&post=27119"}],"version-history":[{"count":1,"href":"https:\/\/emlaktuel.com\/index.php?rest_route=\/wp\/v2\/posts\/27119\/revisions"}],"predecessor-version":[{"id":27120,"href":"https:\/\/emlaktuel.com\/index.php?rest_route=\/wp\/v2\/posts\/27119\/revisions\/27120"}],"wp:featuredmedia":[{"embeddable":true,"href":"https:\/\/emlaktuel.com\/index.php?rest_route=\/wp\/v2\/media\/25813"}],"wp:attachment":[{"href":"https:\/\/emlaktuel.com\/index.php?rest_route=%2Fwp%2Fv2%2Fmedia&parent=27119"}],"wp:term":[{"taxonomy":"category","embeddable":true,"href":"https:\/\/emlaktuel.com\/index.php?rest_route=%2Fwp%2Fv2%2Fcategories&post=27119"},{"taxonomy":"post_tag","embeddable":true,"href":"https:\/\/emlaktuel.com\/index.php?rest_route=%2Fwp%2Fv2%2Ftags&post=27119"}],"curies":[{"name":"wp","href":"https:\/\/api.w.org\/{rel}","templated":true}]}}