{"id":27113,"date":"2019-02-12T10:21:23","date_gmt":"2019-02-12T07:21:23","guid":{"rendered":"https:\/\/emlaktuel.com\/?p=27113"},"modified":"2019-02-12T10:21:23","modified_gmt":"2019-02-12T07:21:23","slug":"bienin-yeni-koleksiyonu-unicerada-buyuk-begeni-topladi","status":"publish","type":"post","link":"https:\/\/emlaktuel.com\/?p=27113","title":{"rendered":"B\u0130EN&#8217;in yeni koleksiyonu UN\u0130CERA&#8217;da b\u00fcy\u00fck be\u011feni toplad\u0131"},"content":{"rendered":"<p align=\"center\"><strong>Bien, 2019 y\u0131l\u0131na ait en yeni ve s\u0131ra d\u0131\u015f\u0131 koleksiyonlar\u0131 ile ziyaret\u00e7ilerin be\u011fenisini toplad\u0131. 5-9 \u015eubat tarihinde CNR Expo\u2019da d\u00fczenlenen UNICERA\u2019da Bien, \u00fcr\u00fcnlerini 1037 m2\u2019lik alanda tan\u0131tt\u0131.<\/strong><u><\/u><u><\/u><\/p>\n<p>Bien, Ye\u015filk\u00f6y CNR Expo\u2019da d\u00fczenlenen Unicera \u0130stanbul Se\u00adra\u00admik Ban\u00adyo Mut\u00adfak Fu\u00adar\u0131\u2019n\u00adda, 60\u2019\u0131n \u00fczerinde seramik koleksiyonu ve 10\u2019un \u00fczerinde SSG ve armat\u00fcr serileriyle bu serilerin tamamlay\u0131c\u0131lar\u0131n\u0131 ilk kez g\u00f6r\u00fcc\u00fcye \u00e7\u0131kard\u0131.<u><\/u><u><\/u><\/p>\n<p>En ye\u00adni ta\u00adsa\u00adr\u0131m\u00adlar\u0131n\u0131 1037 m2 b\u00fcy\u00fckl\u00fc\u011f\u00fcndeki stand\u0131nda tan\u0131tan Bien, iddial\u0131 tasar\u0131mlar\u0131yla b\u00fcy\u00fck be\u011feni toplad\u0131.<u><\/u><u><\/u><\/p>\n<p><strong>OVERSIZE \u00dcR\u00dcNLER VE SIRADI\u015eI TASARIMLAR\u2026<\/strong><u><\/u><u><\/u><\/p>\n<p>Fuar s\u00fcresince yo\u011fun ilgi g\u00f6ren Bien stand\u0131nda \u00f6n planda oversize dedi\u011fimiz 120&#215;180 cm, 60x180cm 120&#215;120 cm, 100&#215;100 cm ebad\u0131ndaki yeni koleksiyonlar yer ald\u0131. Ayr\u0131ca bu y\u0131l \u00fcretime ba\u015flad\u0131\u011f\u0131 30&#215;90 cm ebatl\u0131 \u00fcr\u00fcnlerini ve daha \u00f6nceden \u00fcretti\u011fi 40&#215;120 cm ebad\u0131ndaki \u00fcr\u00fcn grubuna ekledi\u011fi yeni koleksiyonlar\u0131n\u0131 fuarda sergiledi.<u><\/u><u><\/u><\/p>\n<p>Bien\u2019in banyo grubunda Seramik Sa\u011fl\u0131k Gere\u00e7leri (SSG) yeni serilerinde yer alan Moly, Shine ve Vohka Serileri de tasar\u0131mlar\u0131yla dikkat \u00e7ekti. Bien\u2019in armat\u00fcr serilerinin tamam\u0131n\u0131n tan\u0131t\u0131ld\u0131\u011f\u0131 platformda armat\u00fcr \u00fcr\u00fcn gam\u0131na 2019 y\u0131l\u0131nda ilave edilen 6 yeni seri de yine ilk kez g\u00f6r\u00fcc\u00fcye \u00e7\u0131kt\u0131.<u><\/u><u><\/u><\/p>\n<p><strong>\u00a0\u2018\u2019\u0130HRACAT PAYIMIZI %50\u2019N\u0130N \u00dcZER\u0130NE \u00c7IKARACA\u011eIZ\u2019\u2019<\/strong><u><\/u><u><\/u><\/p>\n<p>Yeni \u00fcr\u00fcnler ve son trendler hakk\u0131nda bilgi veren\u00a0<strong>Bien Seramik Genel M\u00fcd\u00fcr\u00fc Metin Savc\u0131<\/strong>\u00a0\u2018\u2019Bu fuarda da oversize dedi\u011fimiz ve \u00fcnl\u00fc birka\u00e7 \u00fcreticinin \u00fcretebildi\u011fi b\u00fcy\u00fck ebat porselen karolar\u0131m\u0131z\u0131 tan\u0131tt\u0131k. Ayr\u0131ca ilk kez bu y\u0131l \u00fcretti\u011fimiz 30&#215;180 cm ebad\u0131ndaki \u00fcr\u00fcnlerimizi sergiledik. 30&#215;180 cm yurt d\u0131\u015f\u0131nda be\u011fenilen ve tercih edilen bir ebat. \u00a0Tasar\u0131m ve \u00fcr\u00fcn geli\u015ftirmede 15 ki\u015filik bir ekibimiz var. Bu ekiple \u0130talya\u2019dan \u0130spanya\u2019ya t\u00fcm d\u00fcnya trendlerini yak\u0131ndan takip ediyoruz. \u0130lk kez bu fuarda tan\u0131tt\u0131\u011f\u0131m\u0131z 60\u2019\u0131n \u00fczerinde yeni \u00fcr\u00fcn\u00fcm\u00fcz var\u2019\u2019 dedi. Bu y\u0131l en \u00e7ok tercih edilecek \u00fcr\u00fcn\u00fcn 30&#215;90 cm ebad\u0131 olaca\u011f\u0131n\u0131 s\u00f6yleyen Savc\u0131, \u2018100&#215;100 cm ebad\u0131ndaki koleksiyonlar\u0131n\u0131 yurti\u00e7inde ve yurt d\u0131\u015f\u0131nda ticari bir ebat olarak de\u011ferlendirdi. Savc\u0131, 120&#215;120 cm ve 120&#215;180 cm ebad\u0131ndaki \u00fcr\u00fcnlerin turizm yat\u0131r\u0131mlar\u0131nda, i\u015f yeri yat\u0131r\u0131mlar\u0131nda ve avmlerde \u00e7ok rahat kullan\u0131labilecek \u00fcr\u00fcnler oldu\u011funu s\u00f6zlerine ekledi.<u><\/u><u><\/u><\/p>\n<p>Yurt d\u0131\u015f\u0131nda 70 \u00fclkede 100\u2019\u00fcn \u00fczerinde m\u00fc\u015fterimize \u00fcr\u00fcn g\u00f6nderiyoruz diyen Savc\u0131 \u2018\u2019Avrupa, Amerika, Kanada, \u0130srail, B<a name=\"m_903914761138987698__GoBack\"><\/a>alkan \u00fclkelerine \u00fcr\u00fcnlerimizi sat\u0131yoruz. \u015eu an ihracat oran\u0131m\u0131z % 50. \u00d6n\u00fcm\u00fczdeki d\u00f6nemde de ihracata a\u011f\u0131rl\u0131k verece\u011fiz. \u0130hracat pay\u0131m\u0131z\u0131 %50\u2019lerden daha yukar\u0131lara \u00e7\u0131karmay\u0131 hedefliyoruz\u2019\u2019 dedi.<u><\/u><u><\/u><\/p>\n<p><strong>\u2018\u2019VOKHA SER\u0130M\u0130Z OLDUK\u00c7A \u0130LG\u0130 G\u00d6RD\u00dc\u2019\u2019<\/strong><u><\/u><u><\/u><\/p>\n<p>Bien Banyo grubunun\u00a0<strong>Genel M\u00fcd\u00fcr\u00fc Hakan G\u00fcnderen, gruptaki yenilikleri \u015f\u00f6yle anlatt\u0131:\u00a0\u00a0<\/strong>Fuarda Seramik Sa\u011fl\u0131k Gere\u00e7leri alan\u0131nda 3 yeni seri ve bir ba\u011f\u0131ms\u0131z lavabo serisi, armat\u00fcr grubunda ise 6 yeni seri ve bu serilerin tamamlay\u0131c\u0131lar\u0131n\u0131 tan\u0131tt\u0131k. UNICERA her y\u0131l \u00f6nemi gittik\u00e7e artan bir platform. \u00d6zellikle ihracat pazar\u0131m\u0131z\u0131 b\u00fcy\u00fctmek ve yeni m\u00fc\u015fteriler elde etmek i\u00e7in bu alan\u0131 daha aktif kullanmaya \u00e7al\u0131\u015f\u0131yoruz.<\/p>\n","protected":false},"excerpt":{"rendered":"<p>Bien, 2019 y\u0131l\u0131na ait en yeni ve s\u0131ra d\u0131\u015f\u0131 koleksiyonlar\u0131 ile ziyaret\u00e7ilerin be\u011fenisini toplad\u0131. 5-9 \u015eubat tarihinde CNR Expo\u2019da d\u00fczenlenen UNICERA\u2019da Bien, \u00fcr\u00fcnlerini 1037 m2\u2019lik alanda tan\u0131tt\u0131. Bien, Ye\u015filk\u00f6y CNR Expo\u2019da d\u00fczenlenen Unicera \u0130stanbul Se\u00adra\u00admik Ban\u00adyo Mut\u00adfak Fu\u00adar\u0131\u2019n\u00adda, 60\u2019\u0131n \u00fczerinde seramik koleksiyonu ve 10\u2019un \u00fczerinde SSG ve armat\u00fcr serileriyle bu serilerin tamamlay\u0131c\u0131lar\u0131n\u0131 ilk kez g\u00f6r\u00fcc\u00fcye [&hellip;]<\/p>\n","protected":false},"author":1,"featured_media":27114,"comment_status":"open","ping_status":"open","sticky":false,"template":"","format":"standard","meta":{"ngg_post_thumbnail":0},"categories":[26],"tags":[12941,7081],"_links":{"self":[{"href":"https:\/\/emlaktuel.com\/index.php?rest_route=\/wp\/v2\/posts\/27113"}],"collection":[{"href":"https:\/\/emlaktuel.com\/index.php?rest_route=\/wp\/v2\/posts"}],"about":[{"href":"https:\/\/emlaktuel.com\/index.php?rest_route=\/wp\/v2\/types\/post"}],"author":[{"embeddable":true,"href":"https:\/\/emlaktuel.com\/index.php?rest_route=\/wp\/v2\/users\/1"}],"replies":[{"embeddable":true,"href":"https:\/\/emlaktuel.com\/index.php?rest_route=%2Fwp%2Fv2%2Fcomments&post=27113"}],"version-history":[{"count":1,"href":"https:\/\/emlaktuel.com\/index.php?rest_route=\/wp\/v2\/posts\/27113\/revisions"}],"predecessor-version":[{"id":27115,"href":"https:\/\/emlaktuel.com\/index.php?rest_route=\/wp\/v2\/posts\/27113\/revisions\/27115"}],"wp:featuredmedia":[{"embeddable":true,"href":"https:\/\/emlaktuel.com\/index.php?rest_route=\/wp\/v2\/media\/27114"}],"wp:attachment":[{"href":"https:\/\/emlaktuel.com\/index.php?rest_route=%2Fwp%2Fv2%2Fmedia&parent=27113"}],"wp:term":[{"taxonomy":"category","embeddable":true,"href":"https:\/\/emlaktuel.com\/index.php?rest_route=%2Fwp%2Fv2%2Fcategories&post=27113"},{"taxonomy":"post_tag","embeddable":true,"href":"https:\/\/emlaktuel.com\/index.php?rest_route=%2Fwp%2Fv2%2Ftags&post=27113"}],"curies":[{"name":"wp","href":"https:\/\/api.w.org\/{rel}","templated":true}]}}