{"id":27108,"date":"2019-02-12T09:50:30","date_gmt":"2019-02-12T06:50:30","guid":{"rendered":"https:\/\/emlaktuel.com\/?p=27108"},"modified":"2019-02-12T09:50:30","modified_gmt":"2019-02-12T06:50:30","slug":"torkam-e5de-dukkanlar-nisan-2019da-satisa-cikacak","status":"publish","type":"post","link":"https:\/\/emlaktuel.com\/?p=27108","title":{"rendered":"TORKAM E5&#8217;de d\u00fckkanlar Nisan 2019&#8217;da sat\u0131\u015fa \u00e7\u0131kacak"},"content":{"rendered":"<p><b>TORKAM E5 projesi &#8220;G\u00fc\u00e7l\u00fc konum, sa\u011flam yat\u0131r\u0131m&#8221; slogan\u0131yla tan\u0131t\u0131ld\u0131. Torkam E-5 \u00c7ar\u015f\u0131 d\u00fckkanlar\u0131 ise Nisan 2019&#8217;da sat\u0131\u015fa \u00e7\u0131kar\u0131lacak.<\/b><\/p>\n<p>Torkam \u0130n\u015faat&#8217;\u0131n \u0130stanbul Sefak\u00f6y&#8217;de hayata ge\u00e7irdi\u011fi projesi olan Torkam E5 projesinde konutlar ge\u00e7ti\u011fimiz sene sat\u0131\u015fa \u00e7\u0131kar\u0131lm\u0131\u015ft\u0131.<\/p>\n<p>Torkam E5&#8217;te toplam 234 rezidans, 117 ofis ve 310 d\u00fckkan yer al\u0131yor. Torkam E-5\u00a0 projesinin arsa alan\u0131 ise toplam 20 bin 700 metrekare. Sefak\u00f6y Torkam E5 projesinde 1+1, 2+1 ve 3+1 konutlara yer veriliyor.<\/p>\n<p>Torkam E5 projesindeki 123 \u00c7ar\u015f\u0131 d\u00fckkan iseNisan 2019&#8217;da sat\u0131\u015fa \u00e7\u0131kar\u0131lacak. Projede \u00e7ar\u015f\u0131 d\u00fckkanlar\u0131n\u0131n fiyatlar\u0131 daha hen\u00fcz belli de\u011fil.<\/p>\n<p>Torkam E-5 projesinde \u00e7ar\u015f\u0131 d\u00fckkanlar\u0131n alanlar\u0131 \u015fu \u015fekilde;<br \/>\nMinimum d\u00fckkan 37,79 metrekare Br\u00fct,\u00a032,85 metrekare Net, maximum 336,73 metrekare Br\u00fct,\u00a0322,94 metrekare Net.<\/p>\n<p><img loading=\"lazy\" class=\"aligncenter size-large wp-image-23544\" src=\"https:\/\/emlaktuel.com\/wp-content\/uploads\/2018\/07\/torkam-e5te-395-bin-tlden-satislara-bugun-baslandi.jpg\" alt=\"torkam e5 satista\" width=\"600\" height=\"400\" \/><\/p>\n<h2><strong>Torkam E5 lokasyonu:<\/strong><\/h2>\n<p>\u0130stanbul Avrupa k\u0131tas\u0131nda Sefak\u00f6y&#8217;de hayata ge\u00e7en Torkam E5 projesi lokasyonu ile dikkat \u00e7ekiyor. E-5 kenar\u0131nda minib\u00fcs ve metrob\u00fcse y\u00fcr\u00fcme mesafesinde yer alan proje Florya-Sefak\u00f6y aras\u0131nda bulunuyor. Projenin \u00e7evresinde ise Arel \u00dcniversitesi, Kaymakaml\u0131k, Radisson Blu Airport Hotel var.<\/p>\n<div class=\"reklam\"><\/div>\n","protected":false},"excerpt":{"rendered":"<p>TORKAM E5 projesi &#8220;G\u00fc\u00e7l\u00fc konum, sa\u011flam yat\u0131r\u0131m&#8221; slogan\u0131yla tan\u0131t\u0131ld\u0131. Torkam E-5 \u00c7ar\u015f\u0131 d\u00fckkanlar\u0131 ise Nisan 2019&#8217;da sat\u0131\u015fa \u00e7\u0131kar\u0131lacak. Torkam \u0130n\u015faat&#8217;\u0131n \u0130stanbul Sefak\u00f6y&#8217;de hayata ge\u00e7irdi\u011fi projesi olan Torkam E5 projesinde konutlar ge\u00e7ti\u011fimiz sene sat\u0131\u015fa \u00e7\u0131kar\u0131lm\u0131\u015ft\u0131. Torkam E5&#8217;te toplam 234 rezidans, 117 ofis ve 310 d\u00fckkan yer al\u0131yor. Torkam E-5\u00a0 projesinin arsa alan\u0131 ise toplam 20 bin [&hellip;]<\/p>\n","protected":false},"author":1,"featured_media":20739,"comment_status":"open","ping_status":"open","sticky":false,"template":"","format":"standard","meta":{"ngg_post_thumbnail":0},"categories":[5388],"tags":[11725,13127,10560],"_links":{"self":[{"href":"https:\/\/emlaktuel.com\/index.php?rest_route=\/wp\/v2\/posts\/27108"}],"collection":[{"href":"https:\/\/emlaktuel.com\/index.php?rest_route=\/wp\/v2\/posts"}],"about":[{"href":"https:\/\/emlaktuel.com\/index.php?rest_route=\/wp\/v2\/types\/post"}],"author":[{"embeddable":true,"href":"https:\/\/emlaktuel.com\/index.php?rest_route=\/wp\/v2\/users\/1"}],"replies":[{"embeddable":true,"href":"https:\/\/emlaktuel.com\/index.php?rest_route=%2Fwp%2Fv2%2Fcomments&post=27108"}],"version-history":[{"count":1,"href":"https:\/\/emlaktuel.com\/index.php?rest_route=\/wp\/v2\/posts\/27108\/revisions"}],"predecessor-version":[{"id":27109,"href":"https:\/\/emlaktuel.com\/index.php?rest_route=\/wp\/v2\/posts\/27108\/revisions\/27109"}],"wp:featuredmedia":[{"embeddable":true,"href":"https:\/\/emlaktuel.com\/index.php?rest_route=\/wp\/v2\/media\/20739"}],"wp:attachment":[{"href":"https:\/\/emlaktuel.com\/index.php?rest_route=%2Fwp%2Fv2%2Fmedia&parent=27108"}],"wp:term":[{"taxonomy":"category","embeddable":true,"href":"https:\/\/emlaktuel.com\/index.php?rest_route=%2Fwp%2Fv2%2Fcategories&post=27108"},{"taxonomy":"post_tag","embeddable":true,"href":"https:\/\/emlaktuel.com\/index.php?rest_route=%2Fwp%2Fv2%2Ftags&post=27108"}],"curies":[{"name":"wp","href":"https:\/\/api.w.org\/{rel}","templated":true}]}}