{"id":27097,"date":"2019-02-12T09:16:48","date_gmt":"2019-02-12T06:16:48","guid":{"rendered":"https:\/\/emlaktuel.com\/?p=27097"},"modified":"2019-02-12T09:16:48","modified_gmt":"2019-02-12T06:16:48","slug":"evim-turkiye-fuarindan-gayrimenkul-sektorune-500-milyon-tl","status":"publish","type":"post","link":"https:\/\/emlaktuel.com\/?p=27097","title":{"rendered":"Evim T\u00fcrkiye Fuar\u0131n&#8217;dan Gayrimenkul sekt\u00f6r\u00fcne 500 milyon TL"},"content":{"rendered":"<p><b>Almanya D\u00fcsseldorf&#8217;da d\u00fczenlenen Evim T\u00fcrkiye Gayrimenkul ve Yat\u0131r\u0131m Fuar\u0131&#8217;na gurbet\u00e7ilerimizden yo\u011fun ilgi oldu. Fuara kat\u0131lan in\u015faat firmalar\u0131 yo\u011fun ilgiden, sat\u0131\u015flardan ve yap\u0131lan sat\u0131\u015f ba\u011flant\u0131lar\u0131ndan dolay\u0131 \u00e7ok memnun olduklar\u0131n\u0131 s\u00f6ylediler.<\/b><\/p>\n<p>\u00c7evre ve \u015eehircilik Bakanl\u0131\u011f\u0131 deste\u011fi ile Almanya&#8217;da D\u00fcsseldorf kentinde 8-10 \u015fubat tarihleri aras\u0131nda 3 g\u00fcn\u00a0 boyunca s\u00fcren\u00a0Evim T\u00fcrkiye Gayrimenkul ve Yat\u0131r\u0131m Fuar\u0131 gurbet\u00e7ilerimizle ve gayrimenkul firmalar\u0131 aras\u0131nda olan \u00e7ok say\u0131da konut sat\u0131\u015f\u0131 ile son buldu.<\/p>\n<p>Fuar\u0131 yakla\u015fok olarak 6 binden fazla vatanda\u015f\u0131m\u0131z ziyaret etti. \u0130n\u015faat firmalar\u0131n\u0131n yapt\u0131klar\u0131 tahmini sat\u0131\u015f ba\u011flant\u0131lar\u0131 olarak 400 milyon TL oldu. S\u0131cak sat\u0131\u015f olarakta 100 milyon TL&#8217;ye yak\u0131n sat\u0131\u015f i\u015flemi de fuar s\u0131ras\u0131nda yap\u0131ld\u0131.<\/p>\n<p>\u00c7evre ve \u015eehircilik Bakanl\u0131\u011f\u0131 deste\u011fi ile Demir\u00f6ren Medya ve \u0130STexpo Fuarc\u0131l\u0131k i\u015f birli\u011fi, Lineadecor stratejik ortakl\u0131\u011f\u0131, THY resmi ula\u015f\u0131m sponsorlu\u011fu ile Almany&#8217;n\u0131na\u00a0D\u00fcsseldorf kentinde cuma g\u00fcn\u00fc ba\u015flayan Gayrimenkul ve Yat\u0131r\u0131m Fuar\u0131 \u00e7ok say\u0131da proje sat\u0131\u015f\u0131 ile sona ermi\u015f oldu.<\/p>\n<div class=\"reklam\"><\/div>\n","protected":false},"excerpt":{"rendered":"<p>Almanya D\u00fcsseldorf&#8217;da d\u00fczenlenen Evim T\u00fcrkiye Gayrimenkul ve Yat\u0131r\u0131m Fuar\u0131&#8217;na gurbet\u00e7ilerimizden yo\u011fun ilgi oldu. Fuara kat\u0131lan in\u015faat firmalar\u0131 yo\u011fun ilgiden, sat\u0131\u015flardan ve yap\u0131lan sat\u0131\u015f ba\u011flant\u0131lar\u0131ndan dolay\u0131 \u00e7ok memnun olduklar\u0131n\u0131 s\u00f6ylediler. \u00c7evre ve \u015eehircilik Bakanl\u0131\u011f\u0131 deste\u011fi ile Almanya&#8217;da D\u00fcsseldorf kentinde 8-10 \u015fubat tarihleri aras\u0131nda 3 g\u00fcn\u00a0 boyunca s\u00fcren\u00a0Evim T\u00fcrkiye Gayrimenkul ve Yat\u0131r\u0131m Fuar\u0131 gurbet\u00e7ilerimizle ve gayrimenkul firmalar\u0131 [&hellip;]<\/p>\n","protected":false},"author":1,"featured_media":26996,"comment_status":"open","ping_status":"open","sticky":false,"template":"","format":"standard","meta":{"ngg_post_thumbnail":0},"categories":[5388],"tags":[13122,12567,12870],"_links":{"self":[{"href":"https:\/\/emlaktuel.com\/index.php?rest_route=\/wp\/v2\/posts\/27097"}],"collection":[{"href":"https:\/\/emlaktuel.com\/index.php?rest_route=\/wp\/v2\/posts"}],"about":[{"href":"https:\/\/emlaktuel.com\/index.php?rest_route=\/wp\/v2\/types\/post"}],"author":[{"embeddable":true,"href":"https:\/\/emlaktuel.com\/index.php?rest_route=\/wp\/v2\/users\/1"}],"replies":[{"embeddable":true,"href":"https:\/\/emlaktuel.com\/index.php?rest_route=%2Fwp%2Fv2%2Fcomments&post=27097"}],"version-history":[{"count":1,"href":"https:\/\/emlaktuel.com\/index.php?rest_route=\/wp\/v2\/posts\/27097\/revisions"}],"predecessor-version":[{"id":27098,"href":"https:\/\/emlaktuel.com\/index.php?rest_route=\/wp\/v2\/posts\/27097\/revisions\/27098"}],"wp:featuredmedia":[{"embeddable":true,"href":"https:\/\/emlaktuel.com\/index.php?rest_route=\/wp\/v2\/media\/26996"}],"wp:attachment":[{"href":"https:\/\/emlaktuel.com\/index.php?rest_route=%2Fwp%2Fv2%2Fmedia&parent=27097"}],"wp:term":[{"taxonomy":"category","embeddable":true,"href":"https:\/\/emlaktuel.com\/index.php?rest_route=%2Fwp%2Fv2%2Fcategories&post=27097"},{"taxonomy":"post_tag","embeddable":true,"href":"https:\/\/emlaktuel.com\/index.php?rest_route=%2Fwp%2Fv2%2Ftags&post=27097"}],"curies":[{"name":"wp","href":"https:\/\/api.w.org\/{rel}","templated":true}]}}