{"id":27094,"date":"2019-02-12T09:09:06","date_gmt":"2019-02-12T06:09:06","guid":{"rendered":"https:\/\/emlaktuel.com\/?p=27094"},"modified":"2019-02-12T09:09:06","modified_gmt":"2019-02-12T06:09:06","slug":"ankaraya-metrobus-mujdesi","status":"publish","type":"post","link":"https:\/\/emlaktuel.com\/?p=27094","title":{"rendered":"Ankara&#8217;ya metrob\u00fcs m\u00fcjdesi!"},"content":{"rendered":"<p><b>Ankara\u2019da bulunan\u00a0Cumhurba\u015fkan\u0131 Erdo\u011fan, Sincan il\u00e7esinde Millet K\u0131raathanesi&#8217;nde gen\u00e7lerle bir araya geldi ve &#8220;Ankara&#8217;y\u0131 bizim metrob\u00fcs ile tan\u0131\u015ft\u0131rmam\u0131z laz\u0131m. Ankara&#8217;da yeni d\u00f6nemde metrob\u00fcs olacak&#8221; dedi.\u00a0<\/b>Cumhurba\u015fkan\u0131 Recep Tayyip Erdo\u011fan, Ankara&#8217;da Sincan il\u00e7esinde yer alan Yavuz Sultan Selim Millet K\u0131raathanesi&#8217;ni ziyaret ederek gen\u00e7lerle bir araya geldi.<\/p>\n<h2>&#8221;Ankara&#8217;ya metrob\u00fcs gelecek&#8221;<\/h2>\n<p>Cumhurba\u015fkan\u0131 Erdo\u011fan, Ankara&#8217;da ula\u015f\u0131m ara\u00e7lar\u0131n\u0131n \u00e7e\u015fitlendirilece\u011fini belirterek &#8220;Ankara&#8217;y\u0131 bizim metrob\u00fcsle tan\u0131\u015ft\u0131rmam\u0131z gerekiyor. Yeni d\u00f6nemde metrob\u00fcs olacak. Rayl\u0131 sistemler, art\u0131 metrob\u00fcs&#8230;&#8221; \u015feklinde konu\u015ftu.<\/p>\n<p>Gen\u00e7lerle sohbeti s\u0131ras\u0131nda gen\u00e7 bir k\u0131z Erdo\u011fan&#8217;a, &#8220;Gelecek kayg\u0131lar\u0131m\u0131z var, ilerde ne olaca\u011f\u0131z, i\u015f konusunda olsun, her konuda?&#8221; sorusu sordu. Cumhurba\u015fkan\u0131 Erdo\u011fan, &#8220;Nitelikli olan elemana i\u015f her zaman var. Nitelikli olmayan elemanda s\u0131k\u0131nt\u0131 var. Bizim \u00f6yle \u015fehirlerimiz var ki eleman bulam\u0131yorlar. \u00d6rne\u011fin Gaziantep. Kayseri de ayn\u0131 \u015fekilde, eleman bulam\u0131yorlar. Bu \u015fekilde T\u00fcrkiye&#8217;de \u00e7ok \u015fehirlerimiz var.&#8221; yan\u0131t\u0131 verdi.<\/p>\n<div class=\"post-content\">\n<p>Okullarda hafta sonlar\u0131nda yap\u0131lan takviye kurslar\u0131yla ilgili konu\u015fan Cumhurba\u015fkan\u0131 Erdo\u011fan, &#8220;Milli E\u011fitim Bakanl\u0131\u011f\u0131m\u0131z yeni d\u00fczenleme yapacak. A okulundaki \u00f6\u011frenci B veya C okulunda hafta sonu takviye kursa gidebilecek. Oradaki \u00f6\u011fretmenler onlara ders verecekler. Kendi \u00f6\u011fretmeni ona ders, takviye kursu vermeyecek. Bunun haz\u0131rl\u0131klar\u0131 yap\u0131l\u0131yor. Ayn\u0131 benzer \u015feyden buralarda da millet k\u0131raathanelerinde de rehber \u00f6\u011fretmenler olarak b\u00f6yle bir \u015fey yap\u0131labilir, o da bir takviyedir.&#8221; \u015feklinde konu\u015ftu..<\/p>\n<\/div>\n","protected":false},"excerpt":{"rendered":"<p>Ankara\u2019da bulunan\u00a0Cumhurba\u015fkan\u0131 Erdo\u011fan, Sincan il\u00e7esinde Millet K\u0131raathanesi&#8217;nde gen\u00e7lerle bir araya geldi ve &#8220;Ankara&#8217;y\u0131 bizim metrob\u00fcs ile tan\u0131\u015ft\u0131rmam\u0131z laz\u0131m. Ankara&#8217;da yeni d\u00f6nemde metrob\u00fcs olacak&#8221; dedi.\u00a0Cumhurba\u015fkan\u0131 Recep Tayyip Erdo\u011fan, Ankara&#8217;da Sincan il\u00e7esinde yer alan Yavuz Sultan Selim Millet K\u0131raathanesi&#8217;ni ziyaret ederek gen\u00e7lerle bir araya geldi. &#8221;Ankara&#8217;ya metrob\u00fcs gelecek&#8221; Cumhurba\u015fkan\u0131 Erdo\u011fan, Ankara&#8217;da ula\u015f\u0131m ara\u00e7lar\u0131n\u0131n \u00e7e\u015fitlendirilece\u011fini belirterek &#8220;Ankara&#8217;y\u0131 bizim [&hellip;]<\/p>\n","protected":false},"author":1,"featured_media":27095,"comment_status":"open","ping_status":"open","sticky":false,"template":"","format":"standard","meta":{"ngg_post_thumbnail":0},"categories":[5388],"tags":[13121,399,13120],"_links":{"self":[{"href":"https:\/\/emlaktuel.com\/index.php?rest_route=\/wp\/v2\/posts\/27094"}],"collection":[{"href":"https:\/\/emlaktuel.com\/index.php?rest_route=\/wp\/v2\/posts"}],"about":[{"href":"https:\/\/emlaktuel.com\/index.php?rest_route=\/wp\/v2\/types\/post"}],"author":[{"embeddable":true,"href":"https:\/\/emlaktuel.com\/index.php?rest_route=\/wp\/v2\/users\/1"}],"replies":[{"embeddable":true,"href":"https:\/\/emlaktuel.com\/index.php?rest_route=%2Fwp%2Fv2%2Fcomments&post=27094"}],"version-history":[{"count":1,"href":"https:\/\/emlaktuel.com\/index.php?rest_route=\/wp\/v2\/posts\/27094\/revisions"}],"predecessor-version":[{"id":27096,"href":"https:\/\/emlaktuel.com\/index.php?rest_route=\/wp\/v2\/posts\/27094\/revisions\/27096"}],"wp:featuredmedia":[{"embeddable":true,"href":"https:\/\/emlaktuel.com\/index.php?rest_route=\/wp\/v2\/media\/27095"}],"wp:attachment":[{"href":"https:\/\/emlaktuel.com\/index.php?rest_route=%2Fwp%2Fv2%2Fmedia&parent=27094"}],"wp:term":[{"taxonomy":"category","embeddable":true,"href":"https:\/\/emlaktuel.com\/index.php?rest_route=%2Fwp%2Fv2%2Fcategories&post=27094"},{"taxonomy":"post_tag","embeddable":true,"href":"https:\/\/emlaktuel.com\/index.php?rest_route=%2Fwp%2Fv2%2Ftags&post=27094"}],"curies":[{"name":"wp","href":"https:\/\/api.w.org\/{rel}","templated":true}]}}