{"id":27029,"date":"2019-02-11T07:59:25","date_gmt":"2019-02-11T04:59:25","guid":{"rendered":"https:\/\/emlaktuel.com\/?p=27029"},"modified":"2019-02-11T07:59:25","modified_gmt":"2019-02-11T04:59:25","slug":"ibrahim-ulusoydan-avcilara-kultur-merkezi-ve-2-okul-mujdesi","status":"publish","type":"post","link":"https:\/\/emlaktuel.com\/?p=27029","title":{"rendered":"\u0130brahim Ulusoy&#8217;dan Avc\u0131lar&#8217;a k\u00fclt\u00fcr merkezi ve 2 okul m\u00fcjdesi!"},"content":{"rendered":"<p><b>AK Parti&#8217;den Avc\u0131lar il\u00e7esi Belediye Ba\u015fkan Aday\u0131 olan \u0130brahim Ulusoy, Avc\u0131lar&#8217;a se\u00e7im sonras\u0131 i\u00e7in 2 okul ve k\u00fclt\u00fcr merkezi m\u00fcjdesi verdi.<\/b><\/p>\n<p>AK Parti Avc\u0131lar Belediye Ba\u015fkan\u0131 Aday\u0131 olan \u0130brahim Ulusoy, se\u00e7im gezileri i\u00e7in Ye\u015filkent mahallesi ile devam ediyor. Ulusoy &#8216;\u00c7amur i\u00e7inde olan Ye\u015filkent&#8217;in ad\u0131 gibi ye\u015fil olmas\u0131 i\u00e7in t\u00fcm olanaklar\u0131 kullanaca\u011f\u0131m&#8217; \u015feklinde konu\u015fan Ulusoy, &#8220;\u00c7amur i\u00e7indeki Ye\u015filkent&#8217;in ad\u0131 gibi ye\u015fil olmas\u0131 i\u00e7in elimden gelen t\u00fcm imkanlar\u0131 kullanaca\u011f\u0131m. Dersime \u00e7ok iyi \u00e7al\u0131\u015f\u0131yorum. Avc\u0131lar&#8217;\u0131 halk\u0131m\u0131zla birlikte y\u00f6netece\u011fiz. Vatanda\u015f ne isterse o olacak. Ben koltuk istemiyorum. Benim yerim &#8220;mahalle&#8221;de olacak. Hep birlikte olaca\u011f\u0131z&#8221; \u015feklinde konu\u015ftu.<\/p>\n<h2>Ye\u015filkent&#8217;te ya\u015fayan gen\u00e7lere idtihdam olana\u011f\u0131<\/h2>\n<p>Ye\u015filkent&#8217;te vatanda\u015flarla g\u00f6r\u00fc\u015fen \u0130brahim Ulusoy, &#8220;Avc\u0131lar&#8217;\u0131n en b\u00fcy\u00fck dertlerinden birisi de maalesef ki Ye\u015filkent Mahallesi&#8217;nde gen\u00e7lerimizin ya\u015fad\u0131\u011f\u0131 sorunlar. Bu sorunlar\u0131 biz biliyoruz. Belediye ba\u015fkan\u0131 oldu\u011fum taktirde bu sorunu k\u00f6k\u00fcnden kaz\u0131yaca\u011f\u0131m. K\u00fclt\u00fcr merkezimizi in\u015fa edip gen\u00e7lerimizi o illetten kurtaraca\u011f\u0131m. Gen\u00e7lerimizi k\u00fclt\u00fcr merkezimizde e\u011fitim olana\u011f\u0131 sa\u011flayaca\u011f\u0131z. Onlar i\u00e7in istihdam alanlar\u0131 olu\u015fturaca\u011f\u0131z. Donan\u0131ml\u0131 hale gelmelerini sa\u011flay\u0131p i\u015f bulmalar\u0131 i\u00e7in yard\u0131mc\u0131 olaca\u011f\u0131z&#8221; dedi.<\/p>\n<h2>Se\u00e7im \u00f6ncesi 2 okul a\u00e7\u0131lacak k\u00fclt\u00fcr merkesi in\u015fa edilecek<\/h2>\n<p>\u0130brahim Ulusoy, k\u00fclt\u00fcr merkezi ile birlikte 2 okul da a\u00e7acaklar\u0131n\u0131 s\u00f6yledi. Ulusoy, &#8220;Ye\u015filkent&#8217;imizin imar\u0131n\u0131 verece\u011fim. Sizlere s\u00f6z veriyorum. Ye\u015filkent, daha ye\u015fil olacak. Se\u00e7im&#8217;den \u00f6nce iki okulun temelini at\u0131yoruz. Biz b\u00f6yle \u00e7al\u0131\u015fmaya devam edece\u011fiz. Sa\u011fl\u0131k ocaklar\u0131n\u0131n hali i\u00e7ler ac\u0131s\u0131. Niye? \u00c7\u00fcnk\u00fc misyon ve vizyon yok. Bizim mantalitemiz net, Avc\u0131lar&#8217;\u0131m\u0131z\u0131 20 y\u0131ll\u0131k hastal\u0131\u011f\u0131ndan kurtaraca\u011f\u0131z&#8221; dedi<\/p>\n<h2>Burada hizmet iyi olsayd\u0131 aday olmazd\u0131m<\/h2>\n<p>Vatanda\u015ftan yetki istedi\u011fini s\u00f6yleyen \u0130brahim Ulusoy, se\u00e7ilmesi halinde herkesin pozitif etkiyi hemen g\u00f6rece\u011fini s\u00f6yleyerek konu\u015fmas\u0131na \u015fu \u015fekilde devam etti: &#8220;Avc\u0131lar huzura ve refaha kavu\u015fsun istiyoruz. \u00dcz\u00fclerek s\u00f6yl\u00fcyorum, Avc\u0131lar maalesef mevcut y\u00f6netimle &#8216;hasta&#8217; oldu, durumu her an k\u00f6t\u00fcle\u015fiyor. Sevdam\u0131z olan Avc\u0131lar&#8217;\u0131 &#8216;hasta&#8217;l\u0131ktan kurtar\u0131p iyile\u015ftirelim istiyoruz. \u00c7ok samimi bir \u015fey s\u00f6ylemek istiyorum. \u015eu anki hizmet iyi olsayd\u0131 kesinlikle aday olmazd\u0131m.&#8221;<\/p>\n<h2>20 senedir ayn\u0131 zihniyetle y\u00f6netilen Avc\u0131lar&#8217;\u0131n durumu ortada<\/h2>\n<p>2 taraf\u0131 da g\u00f6l olan, harika bir konuma sahip Avc\u0131lar&#8217;\u0131n 5 sene daha kan kaybetmesini istemedi\u011fini belirten Ulusoy, &#8220;Avc\u0131lar&#8217;\u0131n marka de\u011ferini y\u00fckseltmek istiyoruz. \u00a020 sene buray\u0131 ayn\u0131 zihniyet y\u00f6netiyor. Avc\u0131lar&#8217;\u0131n hali durumu ortada. Hizmet de\u011fil, hezimet g\u00f6r\u00fcyoruz. 60&#8217;a yak\u0131n projemiz var. Her mahalle i\u00e7in farkl\u0131 farkl\u0131 projeler \u00fczerinde \u00e7al\u0131\u015ft\u0131k. Her projemizin i\u00e7inde ye\u015fil ve mavi olacak&#8221; \u015feklinde konu\u015ftu.<\/p>\n","protected":false},"excerpt":{"rendered":"<p>AK Parti&#8217;den Avc\u0131lar il\u00e7esi Belediye Ba\u015fkan Aday\u0131 olan \u0130brahim Ulusoy, Avc\u0131lar&#8217;a se\u00e7im sonras\u0131 i\u00e7in 2 okul ve k\u00fclt\u00fcr merkezi m\u00fcjdesi verdi. AK Parti Avc\u0131lar Belediye Ba\u015fkan\u0131 Aday\u0131 olan \u0130brahim Ulusoy, se\u00e7im gezileri i\u00e7in Ye\u015filkent mahallesi ile devam ediyor. Ulusoy &#8216;\u00c7amur i\u00e7inde olan Ye\u015filkent&#8217;in ad\u0131 gibi ye\u015fil olmas\u0131 i\u00e7in t\u00fcm olanaklar\u0131 kullanaca\u011f\u0131m&#8217; \u015feklinde konu\u015fan Ulusoy, &#8220;\u00c7amur [&hellip;]<\/p>\n","protected":false},"author":1,"featured_media":27030,"comment_status":"open","ping_status":"open","sticky":false,"template":"","format":"standard","meta":{"ngg_post_thumbnail":0},"categories":[26],"tags":[13079,13080],"_links":{"self":[{"href":"https:\/\/emlaktuel.com\/index.php?rest_route=\/wp\/v2\/posts\/27029"}],"collection":[{"href":"https:\/\/emlaktuel.com\/index.php?rest_route=\/wp\/v2\/posts"}],"about":[{"href":"https:\/\/emlaktuel.com\/index.php?rest_route=\/wp\/v2\/types\/post"}],"author":[{"embeddable":true,"href":"https:\/\/emlaktuel.com\/index.php?rest_route=\/wp\/v2\/users\/1"}],"replies":[{"embeddable":true,"href":"https:\/\/emlaktuel.com\/index.php?rest_route=%2Fwp%2Fv2%2Fcomments&post=27029"}],"version-history":[{"count":1,"href":"https:\/\/emlaktuel.com\/index.php?rest_route=\/wp\/v2\/posts\/27029\/revisions"}],"predecessor-version":[{"id":27031,"href":"https:\/\/emlaktuel.com\/index.php?rest_route=\/wp\/v2\/posts\/27029\/revisions\/27031"}],"wp:featuredmedia":[{"embeddable":true,"href":"https:\/\/emlaktuel.com\/index.php?rest_route=\/wp\/v2\/media\/27030"}],"wp:attachment":[{"href":"https:\/\/emlaktuel.com\/index.php?rest_route=%2Fwp%2Fv2%2Fmedia&parent=27029"}],"wp:term":[{"taxonomy":"category","embeddable":true,"href":"https:\/\/emlaktuel.com\/index.php?rest_route=%2Fwp%2Fv2%2Fcategories&post=27029"},{"taxonomy":"post_tag","embeddable":true,"href":"https:\/\/emlaktuel.com\/index.php?rest_route=%2Fwp%2Fv2%2Ftags&post=27029"}],"curies":[{"name":"wp","href":"https:\/\/api.w.org\/{rel}","templated":true}]}}