{"id":27016,"date":"2019-02-10T10:16:50","date_gmt":"2019-02-10T07:16:50","guid":{"rendered":"https:\/\/emlaktuel.com\/?p=27016"},"modified":"2019-02-10T10:16:50","modified_gmt":"2019-02-10T07:16:50","slug":"murat-kurum-riskli-yapilar-ucretsiz-tespit-edilecek","status":"publish","type":"post","link":"https:\/\/emlaktuel.com\/?p=27016","title":{"rendered":"Murat Kurum: Riskli yap\u0131lar \u00fccretsiz tespit edilecek"},"content":{"rendered":"<p><b>\u00c7evre ve \u015eehircilik Bakan\u0131 Murat Kurum, Ge\u00e7en hafta \u0130stanbul Kartal&#8217;da \u00e7\u00f6ken bina ile ilgili olarak a\u00e7\u0131klamalarda bulundu. Bakan Murat Kurum, &#8220;Bu b\u00f6lgedeki riskli yap\u0131 anlam\u0131nda hem 10 binay\u0131 hem de b\u00f6lgedeki b\u00fct\u00fcn binalar\u0131 riskli yap\u0131 durumunu tespit etmeye ba\u015flad\u0131k&#8221; \u015feklinde konu\u015ftu.<\/b><\/p>\n<p>\u00c7evre ve \u015eehircilik Bakan\u0131 Murat Kurum, \u0130stanbul Kartal&#8217;da aniden \u00e7\u00f6ken bina ile ilgili \u00f6nemli a\u00e7\u0131klamalar yapr\u0131. Murat Kurum, \u00a0&#8220;Y\u0131k\u0131lan binada kullan\u0131lan beton, karot numunelerinden g\u00f6rd\u00fc\u011f\u00fcm\u00fcz, C3 ila C10 aras\u0131nda beton kalitesi \u00e7\u0131k\u0131yor genelde. \u015eu an bu binan\u0131n yeniden in\u015faa edilmesi durumunda beton kalitesinin C30 olmas\u0131 gerekiyor. Ald\u0131\u011f\u0131m\u0131z, zaten g\u00f6zle de g\u00f6r\u00fclen beton s\u0131n\u0131f\u0131n\u0131 inceledi\u011fimizde deniz kumuyla yap\u0131lm\u0131\u015f ve i\u00e7inde deniz kabuklar\u0131n\u0131n oldu\u011fu, nerv\u00fcrl\u00fc demirin kullan\u0131lmad\u0131\u011f\u0131 bir statik durum s\u00f6z konusu.&#8221; \u015feklinde konu\u015ftu.<\/p>\n<p>Bakan Murat Kurum, \u0130\u00e7i\u015fleri Bakan\u0131 S\u00fcleyman Soylu, \u0130stanbul Valisi Ali Yerlikaya ve AFAD Ba\u015fkan\u0131 Mehmet G\u00fcll\u00fco\u011flu ile \u00c7aka Bey \u0130mam Hatip Ortaokulunda olu\u015fturulan kriz merkezinde konu\u015ftu. Bakan Murat Kurum, Kartal&#8217;da \u00e7\u00f6ken binan\u0131n enkaz\u0131n\u0131n bulundu\u011fu 12 bin 580 numaral\u0131 adada 131 ba\u011f\u0131ms\u0131z b\u00f6l\u00fcm\u00fcn bulundu\u011funu s\u00f6yledi. Bu binada da 14 konut, 3 tane ticari \u00fcnitenin bulundu\u011funu belirten Murat Kurum, &#8220;Bu adada mevcutta imar plan\u0131na g\u00f6re yap\u0131la\u015fma alan\u0131 8 bin 390 metrekareyken, fiili in\u015faat alan\u0131 bunun \u00e7ok daha \u00fczerinde&#8221; dedi.<\/p>\n<p>Bu b\u00f6lgede bulunan 10 binay\u0131 \u0130\u00e7i\u015fleri Bakanl\u0131\u011f\u0131 ve \u0130stanbul Valili\u011fi koordinasyonunda g\u00fcvenlik nedeniyle bo\u015faltt\u0131klar\u0131n\u0131 belirten Kurum, s\u00fcreci vatanda\u015flar\u0131 ma\u011fdur etmeyecek \u015fekilde \u0130\u00e7i\u015fleri Bakanl\u0131\u011f\u0131 koordinesinde devam ettiklerini belirtti.<\/p>\n<p>Kartal&#8217;da \u00e7\u00f6ken bu binan\u0131n ruhsatl\u0131 projesinin zemin art\u0131 5 kat oldu\u011fu ancak zemin art\u0131 7 kat olarak in\u015faa edildi\u011finin alt\u0131n\u0131 \u00e7izen Bakan Kurum, &#8220;Kullan\u0131lan beton, karot numunelerinden g\u00f6rd\u00fc\u011f\u00fcm\u00fcz, C3 ila C10 aras\u0131nda beton kalitesinde. \u015eu an bu binan\u0131n yeniden in\u015faa edilmesi durumunda beton s\u0131n\u0131f\u0131n\u0131n C30 olmas\u0131 gerekiyor. Ald\u0131\u011f\u0131m\u0131z, zaten g\u00f6zle de g\u00f6r\u00fclen beton s\u0131n\u0131f\u0131n\u0131 inceledi\u011fimizde deniz kumuyla yap\u0131lm\u0131\u015f ve i\u00e7inde deniz kabuklar\u0131n\u0131n oldu\u011fu, nerv\u00fcrl\u00fc demirin kullan\u0131lmad\u0131\u011f\u0131 bir statik durum s\u00f6z konusu. Hem beton dayan\u0131m\u0131 hem de \u00e7elik dayan\u0131m\u0131, \u00e7ekme dayan\u0131m\u0131 olduk\u00e7a d\u00fc\u015f\u00fck bir binam\u0131z ve buna ili\u015fkin de tespitleri arkada\u015flar\u0131m\u0131z hem Savc\u0131l\u0131\u011f\u0131m\u0131z hem de \u00c7evre ve \u015eehircilik Bakanl\u0131\u011f\u0131m\u0131z s\u00fcreci y\u00fcr\u00fct\u00fcyor.&#8221; de\u015feklinde konu\u015ftu.<\/p>\n<p>\u00c7\u00f6ken bina yan\u0131ndaki binada yap\u0131lan incelemede \u00fc\u00e7 katl\u0131 olarak ruhsat verilen yere 10 katl\u0131 bir bina yap\u0131ld\u0131\u011f\u0131n\u0131n alt\u0131n\u0131 \u00e7izen Murat Kurum, &#8220;G\u00f6rd\u00fc\u011f\u00fcn\u00fcz gibi Say\u0131n Bakan\u0131m\u0131zla, Valimizle gidip bodrum kat\u0131nda da inceleme yapt\u0131\u011f\u0131m\u0131z binan\u0131n bodrum kat\u0131ndaki kolonun durumu bu. Ayn\u0131 \u015fekilde bu binan\u0131n y\u0131k\u0131m\u0131yla birlikte subasmanda, perde betonunda ve kolonunda yine hasarlar s\u00f6z konusu. Ama hem bu binay\u0131 hem de yandaki binay\u0131 anl\u0131k takip edece\u011fiz. Bu kurtarma operasyonunu etkilemeyecek, oradaki \u00e7al\u0131\u015fan arkada\u015flar\u0131m\u0131z\u0131n hayat\u0131n\u0131 riske ta\u015f\u0131mayacak s\u00fcre\u00e7te y\u00f6netmeye gayret g\u00f6steriyoruz.&#8221; \u015feklinde a\u00e7\u0131klamada bulundu.<\/p>\n<p>Cumhurba\u015fkan\u0131 Recep Tayyip Erdo\u011fan&#8217;\u0131n bug\u00fcnk\u00fc ziyaretininden de bahseden Bakan Murat Kurum, \u015fu ifadeleri kulland\u0131: &#8220;Say\u0131n Cumhurba\u015fkan\u0131m\u0131z da ifade etti; Bizler, bu b\u00f6lgedeki riskli yap\u0131 anlam\u0131nda hem 10 binay\u0131 hem de b\u00f6lgedeki b\u00fct\u00fcn binalar\u0131 riskli yap\u0131 durumunu tespit etmeye ba\u015flad\u0131k. \u0130n\u015fallah pazartesi g\u00fcn\u00fc itibariyle buradaki y\u0131k\u0131lan binan\u0131n etraf\u0131ndaki 10 tane binay\u0131 tespit etmi\u015f olaca\u011f\u0131z. Sizlerin arac\u0131l\u0131\u011f\u0131n\u0131zla \u015fu \u00e7a\u011fr\u0131y\u0131 yapmak istiyorum: B\u00f6lgede ne kadar riskli bina var ise vatanda\u015f\u0131m\u0131z bu riskli binalar\u0131n tespitini yapt\u0131rmak istiyorsa Bakanl\u0131\u011f\u0131m\u0131z bunu \u00fccretsiz olarak bu b\u00f6lgeye has h\u0131zl\u0131 bir \u015fekilde yapacakt\u0131r ve bunu da vatanda\u015f\u0131m\u0131zla payla\u015faca\u011f\u0131z. Burada riskli binalar\u0131n tespitinin yap\u0131lmas\u0131na m\u00fcteakip burada kentsel d\u00f6n\u00fc\u015f\u00fcm anlam\u0131nda yap\u0131lmas\u0131 gereken projeyi de in\u015fallah yine ilgili Bakanl\u0131klar\u0131m\u0131z, \u0130\u00e7i\u015fleri Bakanl\u0131\u011f\u0131m\u0131z, Sa\u011fl\u0131k Bakanl\u0131\u011f\u0131m\u0131z, Valili\u011fimiz hep birlikte bu s\u00fcreci y\u00f6netece\u011fiz. Biz art\u0131k istiyoruz ki b\u00f6yle bir olayda yeni bir canl\u0131 yay\u0131nla vatanda\u015f\u0131m\u0131z\u0131n kar\u015f\u0131s\u0131na ne ben \u00e7\u0131kay\u0131m ne de benden sonraki \u00c7evre \u015eehircilik Bakanlar\u0131m\u0131z \u00e7\u0131ks\u0131n, \u0130\u00e7i\u015fleri Bakanlar\u0131m\u0131z \u00e7\u0131ks\u0131n. Ba\u015fka ocaklara ate\u015f d\u00fc\u015fmesin. Burada 74 saattir hepimiz bu olay\u0131 yak\u0131n takip ediyoruz. Art\u0131k m\u00fchendislik, mimarl\u0131k hizmeti alm\u0131\u015f sa\u011flam binalarda oturmam\u0131z gerekti\u011fini de hepimiz bilmemiz gerekiyor. Bu noktada \u00c7evre ve \u015eehircilik Bakanl\u0131\u011f\u0131 olarak biz, hem kentsel d\u00f6n\u00fc\u015f\u00fcm anlam\u0131nda hem de bu riskli binalar\u0131n tespiti anlam\u0131nda gereken her t\u00fcrl\u00fc hizmeti vatanda\u015f\u0131m\u0131za, Cumhurba\u015fkan\u0131m\u0131z\u0131n talimatlar\u0131 do\u011frultusunda sunaca\u011f\u0131z. Dolay\u0131s\u0131yla vatanda\u015f\u0131m\u0131zla buradaki elim olaydan art\u0131k yola \u00e7\u0131karak bir daha bu olaylar\u0131n ya\u015fanmamas\u0131 ad\u0131na bizlere yard\u0131mc\u0131 olurlarsa biz de \u00e7ok memnun oluruz.&#8221;<\/p>\n","protected":false},"excerpt":{"rendered":"<p>\u00c7evre ve \u015eehircilik Bakan\u0131 Murat Kurum, Ge\u00e7en hafta \u0130stanbul Kartal&#8217;da \u00e7\u00f6ken bina ile ilgili olarak a\u00e7\u0131klamalarda bulundu. Bakan Murat Kurum, &#8220;Bu b\u00f6lgedeki riskli yap\u0131 anlam\u0131nda hem 10 binay\u0131 hem de b\u00f6lgedeki b\u00fct\u00fcn binalar\u0131 riskli yap\u0131 durumunu tespit etmeye ba\u015flad\u0131k&#8221; \u015feklinde konu\u015ftu. \u00c7evre ve \u015eehircilik Bakan\u0131 Murat Kurum, \u0130stanbul Kartal&#8217;da aniden \u00e7\u00f6ken bina ile ilgili \u00f6nemli [&hellip;]<\/p>\n","protected":false},"author":1,"featured_media":26324,"comment_status":"open","ping_status":"open","sticky":false,"template":"","format":"standard","meta":{"ngg_post_thumbnail":0},"categories":[5388],"tags":[13076,88],"_links":{"self":[{"href":"https:\/\/emlaktuel.com\/index.php?rest_route=\/wp\/v2\/posts\/27016"}],"collection":[{"href":"https:\/\/emlaktuel.com\/index.php?rest_route=\/wp\/v2\/posts"}],"about":[{"href":"https:\/\/emlaktuel.com\/index.php?rest_route=\/wp\/v2\/types\/post"}],"author":[{"embeddable":true,"href":"https:\/\/emlaktuel.com\/index.php?rest_route=\/wp\/v2\/users\/1"}],"replies":[{"embeddable":true,"href":"https:\/\/emlaktuel.com\/index.php?rest_route=%2Fwp%2Fv2%2Fcomments&post=27016"}],"version-history":[{"count":1,"href":"https:\/\/emlaktuel.com\/index.php?rest_route=\/wp\/v2\/posts\/27016\/revisions"}],"predecessor-version":[{"id":27017,"href":"https:\/\/emlaktuel.com\/index.php?rest_route=\/wp\/v2\/posts\/27016\/revisions\/27017"}],"wp:featuredmedia":[{"embeddable":true,"href":"https:\/\/emlaktuel.com\/index.php?rest_route=\/wp\/v2\/media\/26324"}],"wp:attachment":[{"href":"https:\/\/emlaktuel.com\/index.php?rest_route=%2Fwp%2Fv2%2Fmedia&parent=27016"}],"wp:term":[{"taxonomy":"category","embeddable":true,"href":"https:\/\/emlaktuel.com\/index.php?rest_route=%2Fwp%2Fv2%2Fcategories&post=27016"},{"taxonomy":"post_tag","embeddable":true,"href":"https:\/\/emlaktuel.com\/index.php?rest_route=%2Fwp%2Fv2%2Ftags&post=27016"}],"curies":[{"name":"wp","href":"https:\/\/api.w.org\/{rel}","templated":true}]}}