{"id":26995,"date":"2019-02-08T12:40:54","date_gmt":"2019-02-08T09:40:54","guid":{"rendered":"https:\/\/emlaktuel.com\/?p=26995"},"modified":"2019-02-08T12:40:54","modified_gmt":"2019-02-08T09:40:54","slug":"evim-turkiye-almanya-dusseldorfta-kapilarini-aciyor","status":"publish","type":"post","link":"https:\/\/emlaktuel.com\/?p=26995","title":{"rendered":"\u201cEvim T\u00fcrkiye\u201d Almanya D\u00fcsseldorf\u2019ta kap\u0131lar\u0131n\u0131 a\u00e7\u0131yor"},"content":{"rendered":"<p class=\"td-post-sub-title\">\u201cEvim T\u00fcrkiye\u201davrupal\u0131 vatanda\u015flar\u0131m\u0131za ve avrupal\u0131lara \u00fclkemizdeki gayrimenkul firmalar\u0131n\u0131n projelerinin tan\u0131taca\u011f\u0131 fuar Almanya&#8217;n\u0131n D\u00fcsseldorf kentinde 8 \u015fubat 2019 cuma g\u00fcn\u00fc kap\u0131lar\u0131n\u0131 a\u00e7acak. Evim T\u00fcrkiye Gayrimenkul ve Yat\u0131r\u0131m Fuar\u0131 3 g\u00fcn debam edecek ve misafirlerini a\u011f\u0131rlayacak.<\/p>\n<div class=\"td-module-meta-info\">\n<p>\u00c7evre ve \u015eehircilik Bakanl\u0131\u011f\u0131 taraf\u0131ndan d\u00fczenlenen \u0130STexpo ve Demir\u00f6ren Medya i\u015f birli\u011fi ile bu sene ilk kez olarak Almanya\u2019da D\u00fcsseldorf \u015fehrinde Messe fuar merkezinde 8-10 \u015fubat 2019 tarihlerinde organize edilecek olan Evim T\u00fcrkiye Gayrimenkul ve Yat\u0131r\u0131m Fuar\u0131\u2019na kat\u0131lacak olan 76 T\u00fcrk in\u015faat firmas\u0131, burada 3 g\u00fcn boyunca T\u00fcrkiye\u2019de hayata ge\u00e7irdikleri markal\u0131 konut ve gayrimenkul projelerini\u00a0Avrupa\u2019da ya\u015fayan vatanda\u015flar\u0131m\u0131za ve birikimlerini burada ana vatanlar\u0131nda yat\u0131r\u0131m yapmak isteyen T\u00fcrk vatanda\u015flar\u0131na ve T\u00fcrkiye\u2019den yat\u0131r\u0131m yapmak isteyen yabanc\u0131 yat\u0131r\u0131mc\u0131lar i\u00e7in tan\u0131tma ve fuara \u00f6zel indirim ve cazip \u00f6deme ko\u015fullar\u0131yla s\u0131cak sat\u0131\u015f yapma f\u0131rsat\u0131 yakalayacaklar.<\/p>\n<p>Avrupa&#8217;da Ba\u015fta Hollanda olmak \u00fczere \u00e7evre \u00fclkelerden de kolay ula\u015f\u0131m imkanlar\u0131 nedeniyle lokasyon olarak \u00f6zellikle D\u00fcsseldorf\u2019un se\u00e7ildi\u011fi fuara 3 g\u00fcn s\u00fcrecek fuara 1.5 milyona yak\u0131n ziyaret\u00e7inin kat\u0131lmas\u0131 bekleniyor.<\/p>\n<div class=\"td-a-rec td-a-rec-id-content_bottom  td_uid_3_5c5c1d8cde3d0_rand td_block_template_1\">\n<div id=\"wpcf7-f167807-p216957-o1\" class=\"wpcf7\" dir=\"ltr\" lang=\"tr-TR\" role=\"form\">\n<div class=\"screen-reader-response\"><\/div>\n<form class=\"wpcf7-form\" action=\"https:\/\/www.emlakdream.com\/evim-turkiye-dusseldorfta-kapilarini-aciyor\/#wpcf7-f167807-p216957-o1\" method=\"post\" novalidate=\"novalidate\"><\/form>\n<\/div>\n<\/div>\n<\/div>\n","protected":false},"excerpt":{"rendered":"<p>\u201cEvim T\u00fcrkiye\u201davrupal\u0131 vatanda\u015flar\u0131m\u0131za ve avrupal\u0131lara \u00fclkemizdeki gayrimenkul firmalar\u0131n\u0131n projelerinin tan\u0131taca\u011f\u0131 fuar Almanya&#8217;n\u0131n D\u00fcsseldorf kentinde 8 \u015fubat 2019 cuma g\u00fcn\u00fc kap\u0131lar\u0131n\u0131 a\u00e7acak. Evim T\u00fcrkiye Gayrimenkul ve Yat\u0131r\u0131m Fuar\u0131 3 g\u00fcn debam edecek ve misafirlerini a\u011f\u0131rlayacak. \u00c7evre ve \u015eehircilik Bakanl\u0131\u011f\u0131 taraf\u0131ndan d\u00fczenlenen \u0130STexpo ve Demir\u00f6ren Medya i\u015f birli\u011fi ile bu sene ilk kez olarak Almanya\u2019da D\u00fcsseldorf \u015fehrinde [&hellip;]<\/p>\n","protected":false},"author":1,"featured_media":26996,"comment_status":"open","ping_status":"open","sticky":false,"template":"","format":"standard","meta":{"ngg_post_thumbnail":0},"categories":[5388],"tags":[12567,12870,13071,13070],"_links":{"self":[{"href":"https:\/\/emlaktuel.com\/index.php?rest_route=\/wp\/v2\/posts\/26995"}],"collection":[{"href":"https:\/\/emlaktuel.com\/index.php?rest_route=\/wp\/v2\/posts"}],"about":[{"href":"https:\/\/emlaktuel.com\/index.php?rest_route=\/wp\/v2\/types\/post"}],"author":[{"embeddable":true,"href":"https:\/\/emlaktuel.com\/index.php?rest_route=\/wp\/v2\/users\/1"}],"replies":[{"embeddable":true,"href":"https:\/\/emlaktuel.com\/index.php?rest_route=%2Fwp%2Fv2%2Fcomments&post=26995"}],"version-history":[{"count":1,"href":"https:\/\/emlaktuel.com\/index.php?rest_route=\/wp\/v2\/posts\/26995\/revisions"}],"predecessor-version":[{"id":26997,"href":"https:\/\/emlaktuel.com\/index.php?rest_route=\/wp\/v2\/posts\/26995\/revisions\/26997"}],"wp:featuredmedia":[{"embeddable":true,"href":"https:\/\/emlaktuel.com\/index.php?rest_route=\/wp\/v2\/media\/26996"}],"wp:attachment":[{"href":"https:\/\/emlaktuel.com\/index.php?rest_route=%2Fwp%2Fv2%2Fmedia&parent=26995"}],"wp:term":[{"taxonomy":"category","embeddable":true,"href":"https:\/\/emlaktuel.com\/index.php?rest_route=%2Fwp%2Fv2%2Fcategories&post=26995"},{"taxonomy":"post_tag","embeddable":true,"href":"https:\/\/emlaktuel.com\/index.php?rest_route=%2Fwp%2Fv2%2Ftags&post=26995"}],"curies":[{"name":"wp","href":"https:\/\/api.w.org\/{rel}","templated":true}]}}