{"id":26981,"date":"2019-02-08T09:57:51","date_gmt":"2019-02-08T06:57:51","guid":{"rendered":"https:\/\/emlaktuel.com\/?p=26981"},"modified":"2019-02-08T09:57:51","modified_gmt":"2019-02-08T06:57:51","slug":"2019-kayak-sezonu-acildi-turkiyenin-en-iyi-kayak-merkezleri-nerelerde","status":"publish","type":"post","link":"https:\/\/emlaktuel.com\/?p=26981","title":{"rendered":"2019 kayak sezonu a\u00e7\u0131ld\u0131: T\u00fcrkiye&#8217;nin en iyi kayak merkezleri nerelerde?"},"content":{"rendered":"<p style=\"font-weight: 400;\"><strong>Her mevsimde ayr\u0131 g\u00fczel olan T\u00fcrkiye\u2019de k\u0131\u015f turizmi ba\u015flad\u0131. Havalar\u0131n so\u011fuk olmas\u0131 tatil yapmayaca\u011f\u0131n\u0131z anlam\u0131na gelmedi\u011fini g\u00f6steren kayak merkezleri kar ya\u011f\u0131\u015flar\u0131n\u0131n ba\u015flamas\u0131yla a\u00e7\u0131ld\u0131. Bu sebeple kar tatili yapmak isteyenler i\u00e7in online seyahat markas\u0131\u00a0biletall.com, T\u00fcrkiye\u2019nin en iyi kayak merkezlerini ve kayak merkezlerinin hangi tarihte kap\u0131lar\u0131n\u0131 a\u00e7t\u0131klar\u0131n\u0131 sizler i\u00e7in derledi.<\/strong><\/p>\n<p style=\"font-weight: 400;\"><strong>Uluda\u011f Kayak Merkezi (Bursa)<\/strong><\/p>\n<p><span style=\"font-weight: 400;\">K\u0131\u015f ve kar tatili deyince ak\u0131llara gelen ilk durak Uluda\u011f. 14 Aral\u0131k\u2019ta a\u00e7\u0131l\u0131\u015f yapan kayak merkezi T\u00fcrkiye\u2019nin en \u00f6nemli turizm merkezlerinden birini olu\u015fturuyor. Sadece T\u00fcrkiye\u2019de de\u011fil d\u00fcnyada da bir marka olan Uluda\u011f Kayak Merkezi, \u0130stanbul\u2019a yak\u0131nl\u0131\u011f\u0131ndan dolay\u0131 en fazla \u0130stanbullular taraf\u0131ndan tercih edilse de t\u00fcm d\u00fcnyadan ziyaret\u00e7ileri vard\u0131r.<\/span><\/p>\n<p style=\"font-weight: 400;\"><strong>Kartalkaya Kayak Merkezi (Bolu)<\/strong><\/p>\n<p style=\"font-weight: 400;\">20 Aral\u0131k\u2019ta sezonu a\u00e7an Kartalkaya\u2019y\u0131 20 Mart\u2019a kadar tercih edebilirsiniz. Konaklama i\u00e7in de Kartalkaya\u2019y\u0131 tercih edecek olanlar\u0131n tarihlerini iyi se\u00e7meleri ve kesinlikle rezervasyon yapt\u0131rmalar\u0131 gerekiyor \u00e7\u00fcnk\u00fc olduk\u00e7a yo\u011fun olan bir kayak merkezi buras\u0131.<\/p>\n<p style=\"font-weight: 400;\"><strong>Ilgaz Kayak Merkezi (Kastamonu)<\/strong><\/p>\n<p style=\"font-weight: 400;\">Kastamonu ile \u00c7ank\u0131r\u0131 illeri aras\u0131ndaki kayak merkezine gitmek i\u00e7in di\u011fer kayak merkezlerine oldu\u011fu gibi g\u00fcn\u00fcbirlik ve konaklamal\u0131 turlar bulmak m\u00fcmk\u00fcn. Aral\u0131k ay\u0131nda a\u00e7\u0131l\u0131\u015f\u0131n\u0131 yapan kayak merkezine nisana kadar gitme \u015fans\u0131n\u0131z var. Bulundu\u011fu alan ve \u00e7evresi g\u00f6knar ormanlar\u0131 ile kapl\u0131 olan kayak merkezini e\u011fer tur olmadan gitmek isterseniz oraya kadar gitmi\u015fken Ilgaz Milli Park\u0131\u2019n\u0131 ziyaret etmeyi unutmay\u0131n.<\/p>\n<p style=\"font-weight: 400;\"><strong>Kartepe Kayak Merkezi (Kocaeli)<\/strong><\/p>\n<p style=\"font-weight: 400;\">\u0130stanbul, Sakarya ve Yalova\u2019ya yak\u0131nl\u0131\u011f\u0131ndan dolay\u0131 bu \u015fehirlerden \u00e7ok\u00e7a tercih edilen kayak merkezi kayak ve snowboard yapmak isteyenlerin yan\u0131 s\u0131ra do\u011fa a\u015f\u0131klar\u0131n\u0131 da do\u011fa y\u00fcr\u00fcy\u00fc\u015f\u00fc, ku\u015f g\u00f6zlemcili\u011fi ve yama\u00e7 para\u015f\u00fct\u00fc gibi aktiviteler yapmaya \u00e7a\u011f\u0131r\u0131yor. Aral\u0131k ay\u0131nda sezon a\u00e7\u0131l\u0131\u015f\u0131n\u0131 yapan kayak merkezine gitmek i\u00e7in en g\u00fczel zaman\u0131n \u015fubat aylar\u0131 oldu\u011fu s\u00f6yleniyor.<\/p>\n<p style=\"font-weight: 400;\"><strong>C\u0131b\u0131ltepe Kayak Merkezi (Kars)<\/strong><\/p>\n<p style=\"font-weight: 400;\">2018- 2019 sezonunun a\u00e7\u0131l\u0131\u015f\u0131n\u0131 8 Aral\u0131k\u2019ta yapan kayak merkezini Kars il merkezine 54, havaliman\u0131na ise 50 km uzakl\u0131kta. \u015eehre Do\u011fu ekspresi ile harika manzaralar\u0131 izleyerek ula\u015fabilece\u011finiz gibi u\u00e7akla ula\u015fman\u0131z da m\u00fcmk\u00fcn.<\/p>\n<p style=\"font-weight: 400;\"><strong>Paland\u00f6ken Kayak Merkezi (Erzurum)<\/strong><\/p>\n<p style=\"font-weight: 400;\">T\u00fcrkiye\u2019nin en \u00f6nemli k\u0131\u015f turizm duraklar\u0131ndan biri olan Paland\u00f6ken, 6 ay boyunca kayak yap\u0131labilen bir yer. Bu sebeple listemizdeki kayak merkezleri aras\u0131ndan ilk a\u00e7\u0131lan oldu\u011funa \u015fa\u015f\u0131rmamak gerek. 1 Aral\u0131k\u2019ta a\u00e7\u0131l\u0131\u015f yapan kayak merkezi, bu a\u00e7\u0131l\u0131\u015f\u0131 havai fi\u015fekler ve me\u015faleli kayak g\u00f6sterileri ile muhte\u015fem bir \u015fekilde yapt\u0131. Ge\u00e7ti\u011fimiz sene i\u00e7erisinde yap\u0131lan otopark, \u00f6zel ring ara\u00e7lar\u0131, kafeterya, bungalov evler, s\u0131cak ve so\u011fuk i\u00e7ecek istasyonlar\u0131 gibi sosyal tesislerin in\u015fas\u0131 ve pistlerin geli\u015ftirilmesi gibi yenilemeler ile 1 milyon turist hedefleniyor.<\/p>\n<p style=\"font-weight: 400;\"><strong>Davraz Kayak Merkezi (Isparta)<\/strong><\/p>\n<p style=\"font-weight: 400;\">\u00d6zellikle Akdeniz\u2019den olmak \u00fczere t\u00fcm T\u00fcrkiye\u2019den ziyaret\u00e7isi olan ve T\u00fcrkiye\u2019nin en \u00f6nemli kayak merkezleri aras\u0131nda say\u0131lan Davraz, normalde ocak ay\u0131nda a\u00e7\u0131l\u0131rken bu sene yo\u011fun kar ya\u011f\u0131\u015f\u0131 sonucu aral\u0131k ay\u0131nda a\u00e7\u0131ld\u0131.<\/p>\n<p style=\"font-weight: 400;\"><strong>Erciyes Kayak Merkezi (Kayseri)<\/strong><\/p>\n<p style=\"font-weight: 400;\">Erciyes ise 2018\u2019de kayak sezonuna 16 Aral\u0131k\u2019ta ba\u015flad\u0131. Yaz boyunca yap\u0131lan \u00e7al\u0131\u015fmalar ile kayak merkezi tesislerinin bak\u0131mlar\u0131n\u0131 tamamlam\u0131\u015ft\u0131. A\u00e7\u0131l\u0131\u015f, kar ya\u011f\u0131\u015f\u0131 ve suni kar makineleri deste\u011fiyle yap\u0131lan \u00e7al\u0131\u015fmalar ile 45 cm kar kal\u0131nl\u0131\u011f\u0131na ula\u015f\u0131ld\u0131ktan sonra yap\u0131ld\u0131.<\/p>\n<p>&nbsp;<\/p>\n<p style=\"font-weight: 400;\"><strong>Sakl\u0131kent Kayak Merkezi (Antalya)<\/strong><\/p>\n<p><span style=\"font-weight: 400;\">Antalya gibi s\u0131cak bir \u015fehirde bulundu\u011fu i\u00e7in ge\u00e7 a\u00e7\u0131l\u0131p erken kapanan bu kayak merkezi aral\u0131k ay\u0131 sonunda a\u00e7\u0131l\u0131\u015f yap\u0131yor ve mart ay\u0131nda kapan\u0131yor. Ayr\u0131ca di\u011fer merkezlerde oldu\u011fu gibi Davraz\u2019da da zorluk derecelerine g\u00f6re farkl\u0131 pistler bulunuyor ve hem acemilere hem de profesyonellere hitap ediyor.<\/span><\/p>\n<p style=\"font-weight: 400;\"><strong>Zigana Kayak Merkezi (G\u00fcm\u00fc\u015fhane)<\/strong><\/p>\n<p>Kar kal\u0131nl\u0131\u011f\u0131n\u0131n 80 santimetreye ula\u015fmas\u0131 ile 15 Aral\u0131k\u2019ta a\u00e7\u0131l\u0131\u015f\u0131 yapan kayak merkezi \u00f6zellikle hafta sonlar\u0131 b\u00f6lgede ya\u015fayanlar\u0131n ak\u0131m\u0131na u\u011fruyor.<\/p>\n<p>\u0130sterseniz size en yak\u0131n kayak merkezini, isterseniz de daha de\u011fi\u015fik bir deneyim i\u00e7in hi\u00e7 gitmedi\u011finiz bir kayak merkezini tercih edin ama bizim \u00f6nerimiz bu k\u0131\u015f\u0131 kayak yapmadan ge\u00e7irmeyin.<\/p>\n","protected":false},"excerpt":{"rendered":"<p>Her mevsimde ayr\u0131 g\u00fczel olan T\u00fcrkiye\u2019de k\u0131\u015f turizmi ba\u015flad\u0131. Havalar\u0131n so\u011fuk olmas\u0131 tatil yapmayaca\u011f\u0131n\u0131z anlam\u0131na gelmedi\u011fini g\u00f6steren kayak merkezleri kar ya\u011f\u0131\u015flar\u0131n\u0131n ba\u015flamas\u0131yla a\u00e7\u0131ld\u0131. Bu sebeple kar tatili yapmak isteyenler i\u00e7in online seyahat markas\u0131\u00a0biletall.com, T\u00fcrkiye\u2019nin en iyi kayak merkezlerini ve kayak merkezlerinin hangi tarihte kap\u0131lar\u0131n\u0131 a\u00e7t\u0131klar\u0131n\u0131 sizler i\u00e7in derledi. Uluda\u011f Kayak Merkezi (Bursa) K\u0131\u015f ve kar [&hellip;]<\/p>\n","protected":false},"author":1,"featured_media":26982,"comment_status":"open","ping_status":"open","sticky":false,"template":"","format":"standard","meta":{"ngg_post_thumbnail":0},"categories":[5388],"tags":[13065,13064,13062,13063,13067,13066],"_links":{"self":[{"href":"https:\/\/emlaktuel.com\/index.php?rest_route=\/wp\/v2\/posts\/26981"}],"collection":[{"href":"https:\/\/emlaktuel.com\/index.php?rest_route=\/wp\/v2\/posts"}],"about":[{"href":"https:\/\/emlaktuel.com\/index.php?rest_route=\/wp\/v2\/types\/post"}],"author":[{"embeddable":true,"href":"https:\/\/emlaktuel.com\/index.php?rest_route=\/wp\/v2\/users\/1"}],"replies":[{"embeddable":true,"href":"https:\/\/emlaktuel.com\/index.php?rest_route=%2Fwp%2Fv2%2Fcomments&post=26981"}],"version-history":[{"count":1,"href":"https:\/\/emlaktuel.com\/index.php?rest_route=\/wp\/v2\/posts\/26981\/revisions"}],"predecessor-version":[{"id":26983,"href":"https:\/\/emlaktuel.com\/index.php?rest_route=\/wp\/v2\/posts\/26981\/revisions\/26983"}],"wp:featuredmedia":[{"embeddable":true,"href":"https:\/\/emlaktuel.com\/index.php?rest_route=\/wp\/v2\/media\/26982"}],"wp:attachment":[{"href":"https:\/\/emlaktuel.com\/index.php?rest_route=%2Fwp%2Fv2%2Fmedia&parent=26981"}],"wp:term":[{"taxonomy":"category","embeddable":true,"href":"https:\/\/emlaktuel.com\/index.php?rest_route=%2Fwp%2Fv2%2Fcategories&post=26981"},{"taxonomy":"post_tag","embeddable":true,"href":"https:\/\/emlaktuel.com\/index.php?rest_route=%2Fwp%2Fv2%2Ftags&post=26981"}],"curies":[{"name":"wp","href":"https:\/\/api.w.org\/{rel}","templated":true}]}}