{"id":26972,"date":"2019-02-08T09:51:13","date_gmt":"2019-02-08T06:51:13","guid":{"rendered":"https:\/\/emlaktuel.com\/?p=26972"},"modified":"2019-02-08T09:51:13","modified_gmt":"2019-02-08T06:51:13","slug":"sariyeri-ucuracak-50-proje-aciklaniyor","status":"publish","type":"post","link":"https:\/\/emlaktuel.com\/?p=26972","title":{"rendered":"Sar\u0131yer\u2019i u\u00e7uracak 50 Proje a\u00e7\u0131klan\u0131yor"},"content":{"rendered":"<p>AK Parti Sar\u0131yer Belediye Ba\u015fkan Aday\u0131 Salih Bayraktar, Sar\u0131yer i\u00e7in haz\u0131rlanan 50\u2019nin \u00fczerinde projesini 10 \u015eubat 2019 Pazar g\u00fcn\u00fc kamuoyuna a\u00e7\u0131klayacak. Daha \u00f6nce 10 bin ki\u015filik Sar\u0131yer Stadyumu projesini duyuran ve b\u00fcy\u00fck be\u011feni toplayan Bayraktar\u2019\u0131n ula\u015f\u0131m, gen\u00e7lik, e\u011fitim, istihdam, spor, trafik gibi ba\u015fl\u0131klar\u0131 i\u00e7eren 50\u2019nin \u00fczerinde projesinin i\u00e7eri\u011fi merakla bekleniyor.<\/p>\n<p>Sar\u0131yer\u2019de 4,5 y\u0131ld\u0131r AK Parti \u0130l\u00e7e Ba\u015fkanl\u0131\u011f\u0131 g\u00f6revini y\u00fcr\u00fctt\u00fckten sonra Sar\u0131yer Belediye Ba\u015fkan Aday\u0131 olan Salih Bayraktar, 31 Mart se\u00e7imleri \u00f6ncesi projelerini kamuoyuna a\u00e7\u0131klamaya haz\u0131rlan\u0131yor. Bayraktar\u2019\u0131n binlerce Sar\u0131yerli ile y\u00fcz y\u00fcze g\u00f6r\u00fc\u015ferek ve anketler \u0131\u015f\u0131\u011f\u0131nda haz\u0131rlad\u0131\u011f\u0131 50\u2019nin \u00fczerinde proje 10 \u015eubat 2019 g\u00fcn\u00fc Saat 19.00\u2019da T\u0130M G\u00f6steri Merkezi\u2019nde a\u00e7\u0131klanacak. Toplant\u0131 \u00c7a\u011fda\u015f Sar\u0131yer Kent Vizyonu Sunumu ba\u015fl\u0131\u011f\u0131yla 2000 ki\u015filik salonda ger\u00e7ekle\u015ftirilecek.<\/p>\n<h2>\u0130mar bar\u0131\u015f\u0131 mimar\u0131ndan<\/h2>\n<p>Bayraktar, il\u00e7e ba\u015fkanl\u0131\u011f\u0131 d\u00f6neminde projelendirerek ve takibini yaparak \u0130mar Bar\u0131\u015f\u0131, Hamidiye Etfal E\u011fitim ve Ara\u015ft\u0131rma Hastanesi ve Sar\u0131yer A\u011f\u0131z Di\u015f Sa\u011fl\u0131\u011f\u0131 Merkezi, Marmarac\u0131k Gen\u00e7lik Kamp\u0131, Cumhuriyet K\u00fct\u00fcphanesi, K\u00fclt\u00fcr Merkezi gibi pek \u00e7ok hizmeti \u0130stanbul B\u00fcy\u00fck\u015fehir Belediyesi ve h\u00fck\u00fcmet deste\u011fiyle Sar\u0131yer\u2019e kazand\u0131rd\u0131. &#8220;\u0130mar Bar\u0131\u015f\u0131&#8217;n\u0131n mimar\u0131&#8221; olarak g\u00f6sterilen Bayraktar&#8217;\u0131n giri\u015fimiyle Sar\u0131yer&#8217;de a\u00e7\u0131lan \u0130mar Bar\u0131\u015f\u0131 Masas\u0131 yakla\u015f\u0131k 50 y\u0131ld\u0131r \u00e7\u00f6z\u00fclemeyen lokal m\u00fclkiyet problemlerini \u00e7\u00f6zerek vatanda\u015flar\u0131n tapular\u0131na kavu\u015fmas\u0131n\u0131 sa\u011flad\u0131.<\/p>\n<h2>Gen\u00e7lik, ula\u015f\u0131m ve trafik projeleri dikkat \u00e7ekecek<\/h2>\n<p>Aylard\u0131r Sar\u0131yer\u2019i sokak sokak dola\u015fan Bayraktar, Sar\u0131yer\u2019in kanaat \u00f6nderleri, Sar\u0131yerlilere yap\u0131lan anket \u00e7al\u0131\u015fmalar\u0131 sonucunda haz\u0131rland\u0131\u011f\u0131 \u00f6\u011frenilen 50\u2019nin \u00fczerinde projesinin i\u00e7eri\u011fi merakla bekleniyor. Projelerinin a\u00e7\u0131klanaca\u011f\u0131 sunum toplant\u0131s\u0131na siyaset, medya, sanat ve i\u015f d\u00fcnyas\u0131ndan da \u00e7ok say\u0131da ismin kat\u0131laca\u011f\u0131 \u00f6\u011frenildi.<\/p>\n<h2>T\u00fcrkiye&#8217;de \u00f6rne\u011fi yok<\/h2>\n<p>Salih Bayraktar, projelerini \u201cSar\u0131yer\u2019i ticaret, turizm, k\u00fclt\u00fcr, sanat\u0131n merkezi, Sar\u0131yerlilerin gurur duyaca\u011f\u0131 huzurlu ve ya\u015fanacak bir il\u00e7e yapacak, Sar\u0131yer\u2019i u\u00e7uracak projeler\u201d diyerek \u00f6zetliyor. Projeler aras\u0131nda Sar\u0131yer\u2019in en \u00f6nemli sorunlar\u0131ndan biri olan trafik ve ula\u015f\u0131m problemlerine y\u00f6nelik T\u00fcrkiye\u2019de \u00f6rne\u011fi bulunmayan \u00e7\u00f6z\u00fcm \u00f6nerilerinin de yer ald\u0131\u011f\u0131 \u00f6\u011frenildi.<\/p>\n","protected":false},"excerpt":{"rendered":"<p>AK Parti Sar\u0131yer Belediye Ba\u015fkan Aday\u0131 Salih Bayraktar, Sar\u0131yer i\u00e7in haz\u0131rlanan 50\u2019nin \u00fczerinde projesini 10 \u015eubat 2019 Pazar g\u00fcn\u00fc kamuoyuna a\u00e7\u0131klayacak. Daha \u00f6nce 10 bin ki\u015filik Sar\u0131yer Stadyumu projesini duyuran ve b\u00fcy\u00fck be\u011feni toplayan Bayraktar\u2019\u0131n ula\u015f\u0131m, gen\u00e7lik, e\u011fitim, istihdam, spor, trafik gibi ba\u015fl\u0131klar\u0131 i\u00e7eren 50\u2019nin \u00fczerinde projesinin i\u00e7eri\u011fi merakla bekleniyor. Sar\u0131yer\u2019de 4,5 y\u0131ld\u0131r AK Parti [&hellip;]<\/p>\n","protected":false},"author":1,"featured_media":26973,"comment_status":"open","ping_status":"open","sticky":false,"template":"","format":"standard","meta":{"ngg_post_thumbnail":0},"categories":[5388],"tags":[4445,13061],"_links":{"self":[{"href":"https:\/\/emlaktuel.com\/index.php?rest_route=\/wp\/v2\/posts\/26972"}],"collection":[{"href":"https:\/\/emlaktuel.com\/index.php?rest_route=\/wp\/v2\/posts"}],"about":[{"href":"https:\/\/emlaktuel.com\/index.php?rest_route=\/wp\/v2\/types\/post"}],"author":[{"embeddable":true,"href":"https:\/\/emlaktuel.com\/index.php?rest_route=\/wp\/v2\/users\/1"}],"replies":[{"embeddable":true,"href":"https:\/\/emlaktuel.com\/index.php?rest_route=%2Fwp%2Fv2%2Fcomments&post=26972"}],"version-history":[{"count":1,"href":"https:\/\/emlaktuel.com\/index.php?rest_route=\/wp\/v2\/posts\/26972\/revisions"}],"predecessor-version":[{"id":26974,"href":"https:\/\/emlaktuel.com\/index.php?rest_route=\/wp\/v2\/posts\/26972\/revisions\/26974"}],"wp:featuredmedia":[{"embeddable":true,"href":"https:\/\/emlaktuel.com\/index.php?rest_route=\/wp\/v2\/media\/26973"}],"wp:attachment":[{"href":"https:\/\/emlaktuel.com\/index.php?rest_route=%2Fwp%2Fv2%2Fmedia&parent=26972"}],"wp:term":[{"taxonomy":"category","embeddable":true,"href":"https:\/\/emlaktuel.com\/index.php?rest_route=%2Fwp%2Fv2%2Fcategories&post=26972"},{"taxonomy":"post_tag","embeddable":true,"href":"https:\/\/emlaktuel.com\/index.php?rest_route=%2Fwp%2Fv2%2Ftags&post=26972"}],"curies":[{"name":"wp","href":"https:\/\/api.w.org\/{rel}","templated":true}]}}