{"id":26946,"date":"2019-02-06T10:03:02","date_gmt":"2019-02-06T07:03:02","guid":{"rendered":"https:\/\/emlaktuel.com\/?p=26946"},"modified":"2019-02-06T10:03:02","modified_gmt":"2019-02-06T07:03:02","slug":"fikirtepe-platformundan-cevre-ve-sehircilik-bakanligina-yasal-duzenleme-cagrisi","status":"publish","type":"post","link":"https:\/\/emlaktuel.com\/?p=26946","title":{"rendered":"Fikirtepe Platformu\u2019ndan \u00c7evre ve \u015eehircilik Bakanl\u0131\u011f\u0131\u2019na \u201cYasal D\u00fczenleme\u201d \u00e7a\u011fr\u0131s\u0131"},"content":{"rendered":"<p>Leke Fikirtepe kampanyas\u0131, ikinci ay\u0131nda da devam ediyor.\u00a031 Mart yerel se\u00e7imlerinden \u00f6nce Fikirtepe\u2019de ya\u015fanan kentsel d\u00f6n\u00fc\u015f\u00fcm sorunlar\u0131n\u0131n\u00a0\u00c7evre ve \u015eehircilik Bakanl\u0131\u011f\u0131\u2019n\u0131n g\u00fcndemine al\u0131nmas\u0131n\u0131 talep eden b\u00f6lge hak sahipleri,\u00a0\u00e7\u00f6z\u00fcme yasal d\u00fczenleme ile ba\u015flanmas\u0131n\u0131 talep ediyor.<\/p>\n<p>Kentsel d\u00f6n\u00fc\u015f\u00fcmde 2005 y\u0131l\u0131nda pilot b\u00f6lge se\u00e7ilen Kad\u0131k\u00f6y Fikirtepe\u2019de, arsa ve konut sahibi 65 bin ma\u011fduru temsilen olu\u015fturulan Leke Fikirtepe Platformu\u2019nun \u201cSessizli\u011fi bozmak i\u00e7in lekeye \u00e7ivi \u00e7ak ve payla\u015f!\u201d konulu sanatsal kampanyas\u0131, ikinci ay\u0131nda da devam ediyor. \u00c7evre ve \u015eehircilik Bakanl\u0131\u011f\u0131\u2019na seslerini duyurarak b\u00f6lgedeki sorunlar\u0131n \u00e7\u00f6z\u00fclmesinin hedeflendi\u011fi kampanyaya, halk\u0131n yo\u011fun ilgisi dikkati \u00e7ekiyor. 31 Mart yerel se\u00e7imlerinden \u00f6nce b\u00f6lge sorunlar\u0131n\u0131n Bakanl\u0131k g\u00fcndemine al\u0131nmas\u0131n\u0131 talep eden hak sahipleri, \u00e7\u00f6z\u00fcme yasal d\u00fczenleme ile ba\u015flanmas\u0131n\u0131 bekliyor.<\/p>\n<h2><strong>65 bin \u00e7ivi \u00e7ak\u0131lacak<\/strong><\/h2>\n<p>Fikirtepe\/Mand\u0131ra Caddesi\u2019nde sergilenen \u2018Leke Fikirtepe\u2019 isimli enstalasyon, b\u00f6lge halk\u0131n\u0131n u\u011frak noktalar\u0131ndan biri oldu. Kampanyaya \u00f6zel tasarlanan enstalasyon \u00fczerinde yer alan ev ikonuna, b\u00f6lgede ma\u011fdur olan 65 bin ki\u015fiyi temsilen, 65 bin \u00e7ivi \u00e7ak\u0131lacak. Gencinden ya\u015fl\u0131s\u0131na, her meslekten vatanda\u015f, so\u011fuk, ya\u011fmur, \u00e7amur demeden ev ikonuna \u00e7ivi \u00e7akmaya devam ediyor.<\/p>\n<p>Vatanda\u015flar \u201cSessizli\u011fi bozmak i\u00e7in lekeye \u00e7ivi \u00e7ak ve payla\u015f!\u201d diyerek \u00e7ektikleri videolar\u0131, kampanyaya \u00f6zel olarak a\u00e7\u0131lan \u201cfacebook\/lekefikirtepe, instagram\/lekefikirtepe, twitter\/lekefikirtepe ve\u00a0change.org\/lekefikirtepe\u201d adl\u0131 sosyal medya hesaplar\u0131 \u00fczerinden payla\u015f\u0131yorlar. Kampanyaya T\u00fcrk bas\u0131n\u0131 ile birlikte; \u0130ngiliz, Frans\u0131z ve Alman bas\u0131n\u0131 dahil, \u00e7ok say\u0131da yabanc\u0131 bas\u0131n; haber, makale ve televizyon \u00e7ekimleri ile kentsel d\u00f6n\u00fc\u015f\u00fcmde b\u00f6lgede ya\u015fanan s\u00fcreci anlat\u0131yorlar.<\/p>\n<h2><strong>\u0130mzalar \u00c7evre ve \u015eehircilik Bakanl\u0131\u011f\u0131\u2019na iletilecek<\/strong><\/h2>\n<p>Leke Fikirtepe etkinli\u011fi kapsam\u0131nda ayr\u0131ca\u00a0www.change.org\u00a0\u00fczerinden ba\u015flat\u0131lan imza kampanyas\u0131 da devam ediyor. Kampanya sonunda toplanacak imzalar, \u00c7evre ve \u015eehircilik Bakanl\u0131\u011f\u0131\u2019na sunulacak. Kampanyaya,\u00a0change.org\/lekefikirtepe\u00a0adresi \u00fczerinden konuya duyarl\u0131 herkes kat\u0131labiliyor.<\/p>\n<p>D\u00fczenledikleri kampanyan\u0131n tek muhatab\u0131 ve b\u00f6lgedeki sorunlar\u0131n tek \u00e7\u00f6z\u00fcm adresinin \u00c7evre ve \u015eehircilik Bakanl\u0131\u011f\u0131 oldu\u011funu s\u00f6yleyen Leke Fikirtepe Platformu s\u00f6zc\u00fcs\u00fc Engin Akg\u00fczel, m\u00fcmk\u00fcn olan en \u00e7ok imzay\u0131 toplayarak Bakanl\u0131\u011fa sunacaklar\u0131n\u0131 belirtti. Engin Akg\u00fczel, \u201cHak sahibi arsa ve konut sahipleri olarak, kentsel d\u00f6n\u00fc\u015f\u00fcm kapsam\u0131nda ya\u015fad\u0131\u011f\u0131m\u0131z ma\u011fduriyetimizi sonland\u0131racak ve b\u00f6lgedeki sorunlar\u0131 \u00e7\u00f6zecek tek mercii olan \u00c7evre ve \u015eehircilik Bakanl\u0131\u011f\u0131\u2019n\u0131n bir an \u00f6nce hareket ge\u00e7mesini ve konumuzu g\u00fcndemine almas\u0131n\u0131 bekliyoruz\u201d dedi.<\/p>\n<h2><strong>Yasal d\u00fczenleme \u015fart<\/strong><\/h2>\n<p>Sanatsal bir bak\u0131\u015f a\u00e7\u0131s\u0131yla tasarlanan ve Fikirtepe\/Mand\u0131ra Caddesi \u00fczerinde bir in\u015faat alan\u0131nda sergilenen Leke Fikirtepe enstalasyonunda, b\u00f6lgede ma\u011fdur olan hak sahipleri \u015fu g\u00f6r\u00fc\u015fe veriyor:\u201cFikirtepe\u2019de halen 65 bin hak sahibi ma\u011fdur durumda. Evi y\u0131k\u0131lan ve kira \u00f6deyecek geliri olmayan vatanda\u015flar akrabalar\u0131n\u0131n yan\u0131nda, sokakta ve \u00e7ad\u0131rda kal\u0131yor. B\u00f6lgede faaliyet g\u00f6steren in\u015faat \u015firketleri iflasa s\u00fcr\u00fcklendi. Bug\u00fcn gelinen nokta itibariyle, devlet taraf\u0131ndan plans\u0131z bir \u015fekilde ba\u015flat\u0131lan s\u00fcre\u00e7, b\u00fcy\u00fck bir leke\u2019ye d\u00f6n\u00fc\u015ft\u00fc. Bu sessizli\u011fi bozmak i\u00e7in lekeye \u00e7ivi \u00e7ak ve payla\u015f\u201d g\u00f6r\u00fc\u015f\u00fcne yer veriyor.<\/p>\n<p>\u00d6ncelikle b\u00f6lgenin sorunlar\u0131n\u0131 \u00e7\u00f6zecek bir kanun \u00e7\u0131kar\u0131lmas\u0131 gerekti\u011finin vurguland\u0131\u011f\u0131 enstalasyonda, Fikirtepe b\u00f6lgesi ma\u011fdurlar\u0131, \u015fu talep ve \u00f6nerilerini dile getiriyor: \u201c\u00c7evre ve \u015eehircilik Bakanl\u0131\u011f\u0131 himayesinde, b\u00f6lgedeki t\u00fcm proje ve altyap\u0131 \u00e7al\u0131\u015fmalar\u0131n\u0131n tamamlanmas\u0131 i\u00e7in 5 y\u0131ll\u0131k bir program yap\u0131larak kamuoyuna ilan edilmesi ve evleri y\u0131k\u0131lan ma\u011fdur vatanda\u015flara, kanuna uygun olarak acilen kira yard\u0131m\u0131 yap\u0131lmas\u0131, yan\u0131 s\u0131ra maketten ev sat\u0131n alanlara da en k\u0131sa s\u00fcrede evlerinin teslim edilmesini gerekli g\u00f6r\u00fcyoruz.\u201d<\/p>\n","protected":false},"excerpt":{"rendered":"<p>Leke Fikirtepe kampanyas\u0131, ikinci ay\u0131nda da devam ediyor.\u00a031 Mart yerel se\u00e7imlerinden \u00f6nce Fikirtepe\u2019de ya\u015fanan kentsel d\u00f6n\u00fc\u015f\u00fcm sorunlar\u0131n\u0131n\u00a0\u00c7evre ve \u015eehircilik Bakanl\u0131\u011f\u0131\u2019n\u0131n g\u00fcndemine al\u0131nmas\u0131n\u0131 talep eden b\u00f6lge hak sahipleri,\u00a0\u00e7\u00f6z\u00fcme yasal d\u00fczenleme ile ba\u015flanmas\u0131n\u0131 talep ediyor. Kentsel d\u00f6n\u00fc\u015f\u00fcmde 2005 y\u0131l\u0131nda pilot b\u00f6lge se\u00e7ilen Kad\u0131k\u00f6y Fikirtepe\u2019de, arsa ve konut sahibi 65 bin ma\u011fduru temsilen olu\u015fturulan Leke Fikirtepe Platformu\u2019nun \u201cSessizli\u011fi [&hellip;]<\/p>\n","protected":false},"author":1,"featured_media":25957,"comment_status":"open","ping_status":"open","sticky":false,"template":"","format":"standard","meta":{"ngg_post_thumbnail":0},"categories":[5388],"tags":[4346,13054],"_links":{"self":[{"href":"https:\/\/emlaktuel.com\/index.php?rest_route=\/wp\/v2\/posts\/26946"}],"collection":[{"href":"https:\/\/emlaktuel.com\/index.php?rest_route=\/wp\/v2\/posts"}],"about":[{"href":"https:\/\/emlaktuel.com\/index.php?rest_route=\/wp\/v2\/types\/post"}],"author":[{"embeddable":true,"href":"https:\/\/emlaktuel.com\/index.php?rest_route=\/wp\/v2\/users\/1"}],"replies":[{"embeddable":true,"href":"https:\/\/emlaktuel.com\/index.php?rest_route=%2Fwp%2Fv2%2Fcomments&post=26946"}],"version-history":[{"count":1,"href":"https:\/\/emlaktuel.com\/index.php?rest_route=\/wp\/v2\/posts\/26946\/revisions"}],"predecessor-version":[{"id":26947,"href":"https:\/\/emlaktuel.com\/index.php?rest_route=\/wp\/v2\/posts\/26946\/revisions\/26947"}],"wp:featuredmedia":[{"embeddable":true,"href":"https:\/\/emlaktuel.com\/index.php?rest_route=\/wp\/v2\/media\/25957"}],"wp:attachment":[{"href":"https:\/\/emlaktuel.com\/index.php?rest_route=%2Fwp%2Fv2%2Fmedia&parent=26946"}],"wp:term":[{"taxonomy":"category","embeddable":true,"href":"https:\/\/emlaktuel.com\/index.php?rest_route=%2Fwp%2Fv2%2Fcategories&post=26946"},{"taxonomy":"post_tag","embeddable":true,"href":"https:\/\/emlaktuel.com\/index.php?rest_route=%2Fwp%2Fv2%2Ftags&post=26946"}],"curies":[{"name":"wp","href":"https:\/\/api.w.org\/{rel}","templated":true}]}}