{"id":26838,"date":"2019-01-29T11:34:01","date_gmt":"2019-01-29T08:34:01","guid":{"rendered":"https:\/\/emlaktuel.com\/?p=26838"},"modified":"2019-01-29T11:34:01","modified_gmt":"2019-01-29T08:34:01","slug":"10-milyar-dolarlik-ev-ve-mutfak-esyalari-bulusmasina-yurt-disi-ziyaretci-rekoru-bekleniyor","status":"publish","type":"post","link":"https:\/\/emlaktuel.com\/?p=26838","title":{"rendered":"10 milyar dolarl\u0131k ev ve mutfak e\u015fyalar\u0131 bulu\u015fmas\u0131na, yurt d\u0131\u015f\u0131 ziyaret\u00e7i rekoru bekleniyor!"},"content":{"rendered":"<p><strong>Aytemur; \u201c\u0130hracat yapan yerli \u00fcreticilerimizin, kurdaki hareketli\u011fe ba\u011fl\u0131 olarak k\u00fcresel pazardaki rekabet g\u00fcc\u00fcn\u00fc art\u0131rmas\u0131, fuarlar\u0131m\u0131z\u0131 yurt d\u0131\u015f\u0131 al\u0131c\u0131lar i\u00e7in daha cazip hale getirdi\u201d\u00a0<\/strong><strong>10 milyar dolarl\u0131k ticarete imza atan sekt\u00f6r\u00fcn Mart ay\u0131ndaki fuar\u0131nda, yurt d\u0131\u015f\u0131 ziyaret\u00e7i rekoru bekleniyor!<\/strong><\/p>\n<p><strong>\u00a0<\/strong>2018\u2019i i\u00e7 ve d\u0131\u015f ticaret olarak 10 milyar dolar civar\u0131nda bir hacimle tamamlayan ev ve mutfak e\u015fyalar\u0131 sekt\u00f6r\u00fc, yeni ihracat f\u0131rsatlar\u0131 i\u00e7in 14. Uluslararas\u0131 Ideal Homex Ev ve Mutfak E\u015fyalar\u0131 Fuar\u0131\u2019nda bulu\u015facak. Tarsus Turkey Genel M\u00fcd\u00fcr\u00fc Zekeriya Aytemur, 21-24 Mart tarihlerinde T\u00fcyap Beylikd\u00fcz\u00fc\u2019nde ger\u00e7ekle\u015ftirilecekleri fuar kapsam\u0131nda, \u00f6zellikle yerli kat\u0131l\u0131mc\u0131lara alternatif ticaret kanallar\u0131 sunabilmek i\u00e7in, sekt\u00f6r\u00fcn hedef d\u0131\u015f pazarlar\u0131na y\u00f6nelik ciddi bir tan\u0131t\u0131m ve pazarlama kampanyas\u0131 y\u00fcr\u00fctt\u00fckleri bilgisini verdi. \u201cEkonomik dalgalanmalarla ge\u00e7en 2018\u2019de d\u00fczenledi\u011fimiz fuarlara yurt d\u0131\u015f\u0131ndan gelen ziyaret\u00e7i say\u0131lar\u0131nda \u00f6nemli bir art\u0131\u015f oldu\u201d diyen Aytemur ayn\u0131 zamanda, yurt d\u0131\u015f\u0131 al\u0131c\u0131lar\u0131n profilinde de olumlu y\u00f6nde bir de\u011fi\u015fiklik ya\u015fand\u0131\u011f\u0131n\u0131, fuarlara daha b\u00fcy\u00fck al\u0131c\u0131lar\u0131 \u00e7ekebildiklerini belirtti. Aytemur; \u201cEyl\u00fcl ay\u0131nda d\u00fczenledi\u011fimiz Zuchex, 29 y\u0131l\u0131n yurt i\u00e7i ve yurt d\u0131\u015f\u0131 ziyaret\u00e7i rekorunu k\u0131rm\u0131\u015ft\u0131. Sadece bize gelen online ziyaret\u00e7i kay\u0131tlar\u0131n\u0131 dikkate al\u0131rsak, Ideal Homex\u2019te de benzer bir tablo g\u00f6rebiliriz\u201d dedi.<\/p>\n<p><strong>\u00a0<\/strong><\/p>\n<p>Sergiledi\u011fi istikrarl\u0131 d\u0131\u015f ticaret ba\u015far\u0131s\u0131yla T\u00fcrk ekonomisinin lokomotiflerinden birisi olan ev ve mutfak e\u015fyalar\u0131 sekt\u00f6r\u00fc, Tarsus Turkey\u2019in Mart ay\u0131nda d\u00fczenleyece\u011fi Uluslararas\u0131 Ideal Homex\u2019te 14\u2019\u00fcnc\u00fc kez bir araya gelecek. Fuar; yurt i\u00e7i ziyaret\u00e7ilerin yan\u0131 s\u0131ra, ba\u015fta Avrupa \u00fclkeleri, Balkanlar, Ba\u011f\u0131ms\u0131z Devletler Toplulu\u011fu, Rusya, G\u00fcney Afrika, G\u00fcney Amerika ve Orta Do\u011fu olmak \u00fczere 100\u2019den fazla \u00fclkeden ulusal ve uluslararas\u0131 b\u00fcy\u00fck zincir ma\u011fazalar\u0131n sat\u0131n almac\u0131lar\u0131n\u0131, sat\u0131n alma gruplar\u0131n\u0131, perakendecileri, online ticaret sitelerini, tasar\u0131mc\u0131lar\u0131 ve distrib\u00fct\u00f6rleri a\u011f\u0131rlayacak. Ideal Homex\u2019e kat\u0131lacak yerli \u00fcreticiler, hem yeni koleksiyonlar\u0131n\u0131 sergileme hem de alternatif ihracat kanallar\u0131 \u00fczerinden, yurt d\u0131\u015f\u0131nda farkl\u0131 pazarlara a\u00e7\u0131lma f\u0131rsat\u0131 bulacak.<\/p>\n<h2><strong>Ev ve mutfak e\u015fyalar\u0131na dair ne varsa hepsi bir arada!<\/strong><\/h2>\n<p>Aralar\u0131nda sekt\u00f6r\u00fcn\u00fcn \u00f6nemli \u00fcreticileri ve k\u00fcresel markalar\u0131n\u0131n da oldu\u011fu 150 firman\u0131n kat\u0131l\u0131m\u0131yla ger\u00e7ekle\u015fecek olan Ideal Homex, sergilenen \u00fcr\u00fcn \u00e7e\u015fitlili\u011fiyle \u00f6ne \u00e7\u0131k\u0131yor. Fuara gelen ziyaret\u00e7iler, Cam, Porselen, Seramik, Metal Mutfak E\u015fyalar\u0131, Plastik Ev Gere\u00e7leri, Bah\u00e7e Aksesuarlar\u0131, \u0130thal Ev ve Mutfak E\u015fyalar\u0131, Dekoratif Ev ve Mutfak E\u015fyalar\u0131 ile Elektrikli Ev Aletleri alanlar\u0131nda binlerce \u00fcr\u00fcn\u00fc bir arada g\u00f6rebilecek. Bu y\u0131l fuarda, toplam pazar b\u00fcy\u00fckl\u00fc\u011f\u00fc 1,5 milyar dolar\u0131 a\u015fan plastik ev gere\u00e7leri ile metal mutfak e\u015fyalar\u0131n\u0131n a\u011f\u0131rl\u0131kta olaca\u011f\u0131 bilgisini veren <strong>Tarsus Turkey Genel M\u00fcd\u00fcr Yard\u0131mc\u0131s\u0131 Ebru Causey<\/strong> \u201cT\u00fcrk ev ve mutfak e\u015fyalar\u0131 sekt\u00f6r\u00fc son 10 y\u0131ld\u0131r d\u0131\u015f ticaret fazlas\u0131 veriyor. Sekt\u00f6r\u00fcn ihracat ba\u015far\u0131s\u0131nda fuarlar\u0131n da \u00f6nemli bir pay\u0131 var. 14. Uluslararas\u0131 Ideal Homex, bu bak\u0131mdan, kat\u0131l\u0131mc\u0131lar\u0131 ve ziyaret\u00e7ileri i\u00e7in yeni ticaret f\u0131rsatlar\u0131n\u0131n kap\u0131s\u0131n\u0131 aralayaca\u011f\u0131 bir organizasyon olacak\u201d dedi.<\/p>\n","protected":false},"excerpt":{"rendered":"<p>Aytemur; \u201c\u0130hracat yapan yerli \u00fcreticilerimizin, kurdaki hareketli\u011fe ba\u011fl\u0131 olarak k\u00fcresel pazardaki rekabet g\u00fcc\u00fcn\u00fc art\u0131rmas\u0131, fuarlar\u0131m\u0131z\u0131 yurt d\u0131\u015f\u0131 al\u0131c\u0131lar i\u00e7in daha cazip hale getirdi\u201d\u00a010 milyar dolarl\u0131k ticarete imza atan sekt\u00f6r\u00fcn Mart ay\u0131ndaki fuar\u0131nda, yurt d\u0131\u015f\u0131 ziyaret\u00e7i rekoru bekleniyor! \u00a02018\u2019i i\u00e7 ve d\u0131\u015f ticaret olarak 10 milyar dolar civar\u0131nda bir hacimle tamamlayan ev ve mutfak e\u015fyalar\u0131 sekt\u00f6r\u00fc, [&hellip;]<\/p>\n","protected":false},"author":1,"featured_media":26839,"comment_status":"open","ping_status":"open","sticky":false,"template":"","format":"standard","meta":{"ngg_post_thumbnail":0},"categories":[26],"tags":[13027],"_links":{"self":[{"href":"https:\/\/emlaktuel.com\/index.php?rest_route=\/wp\/v2\/posts\/26838"}],"collection":[{"href":"https:\/\/emlaktuel.com\/index.php?rest_route=\/wp\/v2\/posts"}],"about":[{"href":"https:\/\/emlaktuel.com\/index.php?rest_route=\/wp\/v2\/types\/post"}],"author":[{"embeddable":true,"href":"https:\/\/emlaktuel.com\/index.php?rest_route=\/wp\/v2\/users\/1"}],"replies":[{"embeddable":true,"href":"https:\/\/emlaktuel.com\/index.php?rest_route=%2Fwp%2Fv2%2Fcomments&post=26838"}],"version-history":[{"count":1,"href":"https:\/\/emlaktuel.com\/index.php?rest_route=\/wp\/v2\/posts\/26838\/revisions"}],"predecessor-version":[{"id":26840,"href":"https:\/\/emlaktuel.com\/index.php?rest_route=\/wp\/v2\/posts\/26838\/revisions\/26840"}],"wp:featuredmedia":[{"embeddable":true,"href":"https:\/\/emlaktuel.com\/index.php?rest_route=\/wp\/v2\/media\/26839"}],"wp:attachment":[{"href":"https:\/\/emlaktuel.com\/index.php?rest_route=%2Fwp%2Fv2%2Fmedia&parent=26838"}],"wp:term":[{"taxonomy":"category","embeddable":true,"href":"https:\/\/emlaktuel.com\/index.php?rest_route=%2Fwp%2Fv2%2Fcategories&post=26838"},{"taxonomy":"post_tag","embeddable":true,"href":"https:\/\/emlaktuel.com\/index.php?rest_route=%2Fwp%2Fv2%2Ftags&post=26838"}],"curies":[{"name":"wp","href":"https:\/\/api.w.org\/{rel}","templated":true}]}}