{"id":26804,"date":"2019-01-28T11:13:34","date_gmt":"2019-01-28T08:13:34","guid":{"rendered":"https:\/\/emlaktuel.com\/?p=26804"},"modified":"2019-01-28T11:13:34","modified_gmt":"2019-01-28T08:13:34","slug":"murat-kurum-antalyada-hortumda-315-bina-hasar-gordu","status":"publish","type":"post","link":"https:\/\/emlaktuel.com\/?p=26804","title":{"rendered":"Murat Kurum: Antalya&#8217;da hortumda 315 bina hasar g\u00f6rd\u00fc"},"content":{"rendered":"<p><b>\u00c7evre ve \u015eehircilik Bakan\u0131 Murat Kurum&#8217;un yapm\u0131\u015f oldu\u011fu a\u00e7\u0131klamada Antalya&#8217;da ya\u015fanan iki g\u00fcnl\u00fck hortum ve sel nedeniyle 315 binada hasar olu\u015ftu\u011funu s\u00f6yledi.\u00a0<\/b>\u00c7evre ve \u015eehircilik Bakan\u0131 Murat Kurum, \u0130\u00e7i\u015fleri Bakan\u0131 S\u00fcleyman Soylu ile birlikte Antalya&#8217;da Kemer&#8217;de ya\u015fanan hortumda,\u00a0 arac\u0131yla dereye s\u00fcr\u00fcklenerek kaybolan Kader Buse Acar&#8217;\u0131 arama \u00e7al\u0131\u015fmalar\u0131n\u0131 incelemek i\u00e7in bulundular.<\/p>\n<p>Murat Kurum ve Bakan S\u00fcleyman Soylu, Antalya Kemer Sanayi Sitesi&#8217;ni gezerek, olu\u015fan hasarla ilgili bilgi ald\u0131lar. Bakanlar Murat Kurum ve Bakan S\u00fcleyman Soylu, burada ya\u015fanan bu hortum olay\u0131n\u0131 ve Kader Buse Acar&#8217;\u0131n i\u00e7inde oldu\u011fu arac\u0131n derede s\u00fcr\u00fcklenme g\u00f6r\u00fcnt\u00fclerini cep telefonuy ile izlediler.<\/p>\n<div class=\"reklam\">\n<div class=\"post-content\">\n<p>Bakan Murat Kurum, gazetecilere yapm\u0131\u015f oldu\u011fu a\u00e7\u0131klama ile, ocak ay\u0131n\u0131n 24 ve 26&#8217;s\u0131nda Antalya&#8217;n\u0131n Kemer, Kumluca, Finike ve Muratpa\u015fa il\u00e7elerinde hortum ve sel afeti meydana geldi\u011fini\u00a0 ve hortum ve sel sebebi ile 2 vatanda\u015f\u0131m\u0131z\u0131n hayat\u0131n\u0131 kaybetti\u011fini, bir vatanda\u015f\u0131m\u0131z\u0131nda aranmas\u0131na devam edildi\u011fini s\u00f6yleyen Murat Kurum, vefat edenlere Allah&#8217;tan rahmet, yaral\u0131lara da acil \u015fifalar diledi.<\/p>\n<p>T\u00fcm T\u00fcrkiye&#8217;ye ba\u015fsa\u011fl\u0131\u011f\u0131 diledi\u011fini s\u00f6yleyen Murat Kurum, \u015f\u00f6yle devam etti:<\/p>\n<p>&#8216;Yapt\u0131\u011f\u0131m\u0131\u015f oldu\u011fumuz tespite g\u00f6re Antalya Kemer&#8217;de 10 a\u011f\u0131r, 127 az hasarl\u0131 bina, Kumluca&#8217;da ise 2 y\u0131k\u0131k, 11 a\u011f\u0131r hasarl\u0131 ve 78 az hasarl\u0131 bina, Finike&#8217;de de 3 hasarl\u0131 binam\u0131z var. Muratpa\u015fa il\u00e7esinde yap\u0131lan tespit ile ise 3 a\u011f\u0131r, 81 az hasarl\u0131 bina var. Antalya&#8217;da \u00f6n hasar tespit \u00e7al\u0131\u015fmalar\u0131 sonucunda, iki g\u00fcnl\u00fck hortum ve sel sebebiyle toplamda 315 binada hasar tespit edilmi\u015ftir. T\u00fcm Antalyal\u0131lara ge\u00e7mi\u015f olsun.&#8217;<\/p>\n<\/div>\n<\/div>\n","protected":false},"excerpt":{"rendered":"<p>\u00c7evre ve \u015eehircilik Bakan\u0131 Murat Kurum&#8217;un yapm\u0131\u015f oldu\u011fu a\u00e7\u0131klamada Antalya&#8217;da ya\u015fanan iki g\u00fcnl\u00fck hortum ve sel nedeniyle 315 binada hasar olu\u015ftu\u011funu s\u00f6yledi.\u00a0\u00c7evre ve \u015eehircilik Bakan\u0131 Murat Kurum, \u0130\u00e7i\u015fleri Bakan\u0131 S\u00fcleyman Soylu ile birlikte Antalya&#8217;da Kemer&#8217;de ya\u015fanan hortumda,\u00a0 arac\u0131yla dereye s\u00fcr\u00fcklenerek kaybolan Kader Buse Acar&#8217;\u0131 arama \u00e7al\u0131\u015fmalar\u0131n\u0131 incelemek i\u00e7in bulundular. Murat Kurum ve Bakan S\u00fcleyman Soylu, [&hellip;]<\/p>\n","protected":false},"author":1,"featured_media":26324,"comment_status":"open","ping_status":"open","sticky":false,"template":"","format":"standard","meta":{"ngg_post_thumbnail":0},"categories":[26],"tags":[613,13013,13014,13012,13011],"_links":{"self":[{"href":"https:\/\/emlaktuel.com\/index.php?rest_route=\/wp\/v2\/posts\/26804"}],"collection":[{"href":"https:\/\/emlaktuel.com\/index.php?rest_route=\/wp\/v2\/posts"}],"about":[{"href":"https:\/\/emlaktuel.com\/index.php?rest_route=\/wp\/v2\/types\/post"}],"author":[{"embeddable":true,"href":"https:\/\/emlaktuel.com\/index.php?rest_route=\/wp\/v2\/users\/1"}],"replies":[{"embeddable":true,"href":"https:\/\/emlaktuel.com\/index.php?rest_route=%2Fwp%2Fv2%2Fcomments&post=26804"}],"version-history":[{"count":1,"href":"https:\/\/emlaktuel.com\/index.php?rest_route=\/wp\/v2\/posts\/26804\/revisions"}],"predecessor-version":[{"id":26805,"href":"https:\/\/emlaktuel.com\/index.php?rest_route=\/wp\/v2\/posts\/26804\/revisions\/26805"}],"wp:featuredmedia":[{"embeddable":true,"href":"https:\/\/emlaktuel.com\/index.php?rest_route=\/wp\/v2\/media\/26324"}],"wp:attachment":[{"href":"https:\/\/emlaktuel.com\/index.php?rest_route=%2Fwp%2Fv2%2Fmedia&parent=26804"}],"wp:term":[{"taxonomy":"category","embeddable":true,"href":"https:\/\/emlaktuel.com\/index.php?rest_route=%2Fwp%2Fv2%2Fcategories&post=26804"},{"taxonomy":"post_tag","embeddable":true,"href":"https:\/\/emlaktuel.com\/index.php?rest_route=%2Fwp%2Fv2%2Ftags&post=26804"}],"curies":[{"name":"wp","href":"https:\/\/api.w.org\/{rel}","templated":true}]}}