{"id":26741,"date":"2019-01-26T23:00:21","date_gmt":"2019-01-26T20:00:21","guid":{"rendered":"https:\/\/emlaktuel.com\/?p=26741"},"modified":"2019-01-26T23:00:21","modified_gmt":"2019-01-26T20:00:21","slug":"haydar-ali-yildiz-halicport-ve-galataport-hizla-bitecek","status":"publish","type":"post","link":"https:\/\/emlaktuel.com\/?p=26741","title":{"rendered":"Haydar Ali Y\u0131ld\u0131z: Hali\u00e7port ve Galataport h\u0131zla bitecek"},"content":{"rendered":"<p><b>AK Parti&#8217;den Beyo\u011flu Belediye Ba\u015fkan Aday\u0131 olan Haydar Ali Y\u0131ld\u0131z, se\u00e7imi kzanmas\u0131 halinde Beyo\u011flu\u2019nun \u00e7ehresini de\u011fi\u015ftirecek projelerini anlatt\u0131. Haydar Ali Y\u0131ld\u0131z, Hali\u00e7 Port ve Galataport projelerinin h\u0131zla bitirilece\u011fini s\u00f6yledi.<\/b><\/p>\n<p>Haydar Ali Y\u0131ld\u0131z, Beyo\u011flu il\u00e7esinde g\u00fczel bir dayan\u0131\u015fma ve irade \u00f6rne\u011fi ya\u015fand\u0131\u011f\u0131n\u0131 s\u00f6yleyerek, &#8216;Vak\u0131f, dernek ve toplumun t\u00fcm kesimleriyle bir araya gelerek \u00e7e\u015fitli g\u00f6r\u00fc\u015fmeler yap\u0131yoruz. 31 Mart se\u00e7imlerinde bir oy i\u00e7in m\u00fccadele edece\u011fiz. Her zamandan daha y\u00fcksek bir oy oran\u0131yla burada ba\u015far\u0131l\u0131 olaca\u011f\u0131z. 1 Nisan 2019 sabah\u0131ndan sonra g\u00f6n\u00fcl belediyecili\u011fini ger\u00e7ekle\u015ftirmeyi istiyoruz. Beyo\u011flu il\u00e7esi her d\u00f6nem \u00fcst\u00fcne katarak yol alm\u0131\u015f bir anlay\u0131\u015fla vatanda\u015flar\u0131na hizmet etti&#8221; \u015feklinde konu\u015ftu.<\/p>\n<h2>Butik bah\u00e7elerimiz olacak<\/h2>\n<p>\u0130stanbul\u2019da il\u00e7eler aras\u0131nda konut yo\u011funlu\u011funun en fazla oldu\u011fu yerlerden birinin Beyo\u011flu oldu\u011funu s\u00f6yleyen Haydar Ali Y\u0131ld\u0131z, \u015f\u00f6yle devam etti; &#8216;Tarihi bir il\u00e7ede ya\u015famaktay\u0131z. Bu kadar yo\u011funlu\u011fa ra\u011fmen halk\u0131m\u0131z\u0131n ye\u015fil alan taleplerini de mutlaka yerine getirece\u011fiz. A\u011fa\u00e7land\u0131rma ve peyzaj alan\u0131nda \u00e7al\u0131\u015fmalar\u0131m\u0131z\u0131 y\u00fcr\u00fctece\u011fiz. Bu kapsamda Kas\u0131mpa\u015fa&#8217;n\u0131n merkezine millet bah\u00e7esi planl\u0131yoruz. Konuttan ar\u0131nd\u0131r\u0131lm\u0131\u015f, ye\u015fil alan\u0131 on kat daha artm\u0131\u015f olan bir merkez haline gelecek. 31 Mart sonras\u0131 ilk i\u015fimiz millet bah\u00e7esi olacak. Halk\u0131m\u0131z\u0131n rahat edebilece\u011fi b\u00fcy\u00fckl\u00fc k\u00fc\u00e7\u00fckl\u00fc butik bah\u00e7eler in\u015fa edece\u011fiz. Gen\u00e7lerimizle gidip oralara a\u011fa\u00e7 dikip ye\u015fillendirece\u011fiz&#8217;<\/p>\n<div class=\"reklam\"><\/div>\n","protected":false},"excerpt":{"rendered":"<p>AK Parti&#8217;den Beyo\u011flu Belediye Ba\u015fkan Aday\u0131 olan Haydar Ali Y\u0131ld\u0131z, se\u00e7imi kzanmas\u0131 halinde Beyo\u011flu\u2019nun \u00e7ehresini de\u011fi\u015ftirecek projelerini anlatt\u0131. Haydar Ali Y\u0131ld\u0131z, Hali\u00e7 Port ve Galataport projelerinin h\u0131zla bitirilece\u011fini s\u00f6yledi. Haydar Ali Y\u0131ld\u0131z, Beyo\u011flu il\u00e7esinde g\u00fczel bir dayan\u0131\u015fma ve irade \u00f6rne\u011fi ya\u015fand\u0131\u011f\u0131n\u0131 s\u00f6yleyerek, &#8216;Vak\u0131f, dernek ve toplumun t\u00fcm kesimleriyle bir araya gelerek \u00e7e\u015fitli g\u00f6r\u00fc\u015fmeler yap\u0131yoruz. 31 [&hellip;]<\/p>\n","protected":false},"author":1,"featured_media":26742,"comment_status":"open","ping_status":"open","sticky":false,"template":"","format":"standard","meta":{"ngg_post_thumbnail":0},"categories":[26],"tags":[12990,12386,868,12991],"_links":{"self":[{"href":"https:\/\/emlaktuel.com\/index.php?rest_route=\/wp\/v2\/posts\/26741"}],"collection":[{"href":"https:\/\/emlaktuel.com\/index.php?rest_route=\/wp\/v2\/posts"}],"about":[{"href":"https:\/\/emlaktuel.com\/index.php?rest_route=\/wp\/v2\/types\/post"}],"author":[{"embeddable":true,"href":"https:\/\/emlaktuel.com\/index.php?rest_route=\/wp\/v2\/users\/1"}],"replies":[{"embeddable":true,"href":"https:\/\/emlaktuel.com\/index.php?rest_route=%2Fwp%2Fv2%2Fcomments&post=26741"}],"version-history":[{"count":1,"href":"https:\/\/emlaktuel.com\/index.php?rest_route=\/wp\/v2\/posts\/26741\/revisions"}],"predecessor-version":[{"id":26743,"href":"https:\/\/emlaktuel.com\/index.php?rest_route=\/wp\/v2\/posts\/26741\/revisions\/26743"}],"wp:featuredmedia":[{"embeddable":true,"href":"https:\/\/emlaktuel.com\/index.php?rest_route=\/wp\/v2\/media\/26742"}],"wp:attachment":[{"href":"https:\/\/emlaktuel.com\/index.php?rest_route=%2Fwp%2Fv2%2Fmedia&parent=26741"}],"wp:term":[{"taxonomy":"category","embeddable":true,"href":"https:\/\/emlaktuel.com\/index.php?rest_route=%2Fwp%2Fv2%2Fcategories&post=26741"},{"taxonomy":"post_tag","embeddable":true,"href":"https:\/\/emlaktuel.com\/index.php?rest_route=%2Fwp%2Fv2%2Ftags&post=26741"}],"curies":[{"name":"wp","href":"https:\/\/api.w.org\/{rel}","templated":true}]}}