{"id":26738,"date":"2019-01-26T11:19:09","date_gmt":"2019-01-26T08:19:09","guid":{"rendered":"https:\/\/emlaktuel.com\/?p=26738"},"modified":"2019-01-26T11:19:09","modified_gmt":"2019-01-26T08:19:09","slug":"reidin-konutta-en-hizli-geri-donus-beyoglunda","status":"publish","type":"post","link":"https:\/\/emlaktuel.com\/?p=26738","title":{"rendered":"Reidin: Konutta en h\u0131zl\u0131 geri d\u00f6n\u00fc\u015f Beyo\u011flu&#8217;nda"},"content":{"rendered":"<p class=\"td-post-sub-title\">\u0130stanbul Beyo\u011flu il\u00e7esinde konutta ortalama olarak 14,2 y\u0131lda geri d\u00f6n\u00fc\u015f s\u00fcresi \u00f6l\u00e7\u00fclen oran ile en karl\u0131 yat\u0131r\u0131m\u0131n adresi oldu. Gayrimenkul sekt\u00f6r\u00fcnde veri analizlerini sunan Reidin; 2018&#8217;de T\u00fcrkiye\u2019de konutlar\u0131n ortalama olarak geri d\u00f6n\u00fc\u015f s\u00fcrelerinin incelendi\u011fi ara\u015ft\u0131rmay\u0131 kamuoyu ile payla\u015ft\u0131.<\/p>\n<div class=\"td-module-meta-info\">\n<p>Sat\u0131n al\u0131nan konutun kiraya verilerek k\u015fra al\u0131nmas\u0131 halinde elde edilecek kira gelirleri ile ka\u00e7 senede konuta yap\u0131lan yat\u0131r\u0131m tutar\u0131n\u0131 kar\u015f\u0131layaca\u011f\u0131n\u0131 ifade eden yat\u0131r\u0131m\u0131n geri d\u00f6n\u00fc\u015f s\u00fcresi ya da bir ba\u015fka ifadeyle kendini amorti s\u00fcresi ne kadar k\u0131sa olursa sat\u0131n al\u0131nan konutun \u00e7ok daha k\u00e2rl\u0131 bir yat\u0131r\u0131m oldu\u011fu anla\u015f\u0131l\u0131yor.<\/p>\n<h2><strong>3 B\u00fcy\u00fck ilimizde yat\u0131r\u0131m\u0131n geri d\u00f6n\u00fc\u015f s\u00fcresi ne kadar oldu?<\/strong><\/h2>\n<p>Reidin ara\u015ft\u0131rma sonucuna g\u00f6re 2018&#8217;de ortalama de\u011ferlerle konut yat\u0131r\u0131m\u0131n\u0131n geri d\u00f6n\u00fc\u015f s\u00fcresi; \u0130stanbul\u2019da 20,4 sene, Ankara\u2019da 19 sene, \u0130zmir\u2019de ise 18,8 sene olarak tespit edildi.<\/p>\n<h2><strong>\u00dclke genelinde ortalama geri d\u00f6n\u00fc\u015f s\u00fcresine g\u00f6re en k\u00e2rl\u0131 konut yat\u0131r\u0131m\u0131 nerede?<\/strong><\/h2>\n<p>T\u00fcrkiye&#8217;de ortalama 14,2 y\u0131l olan geri d\u00f6n\u00fc\u015f s\u00fcresi ile \u0130stanbul Beyo\u011flu il\u00e7esinde g\u00f6r\u00fcl\u00fcyor. Beyo\u011flu\u2019nda konutlarda ortalama metrekare sat\u0131\u015f fiyatlar\u0131 5 bin 217 TL civar\u0131nda iken kiralamalarda da ortalama metrekare olarak fiyatlar 30.66 liray\u0131 yakalam\u0131\u015f. Beyo\u011flu\u2019nu ortalama 14,6 sene ile Kilis merkez, 14,7 y\u0131l ile Mersin\u2019in Akdeniz il\u00e7esi ile Antalya\u2019n\u0131n Serik il\u00e7esi ve 14.8 y\u0131l ile Van\u2019\u0131n \u0130pekyolu il\u00e7esi takip ediyor.<\/p>\n<h2><strong>B\u00f6lgesel olarak konut yat\u0131r\u0131m\u0131n\u0131n ortalama geri d\u00f6n\u00fc\u015f s\u00fcresi<\/strong><\/h2>\n<p>\u00dclkemizde b\u00f6lgeler olarak ortalama konutta geri d\u00f6n\u00fc\u015f s\u00fcrelerine g\u00f6re en k\u00e2rl\u0131 konut yat\u0131r\u0131m\u0131 17,7 sene ile G\u00fcneydo\u011fu Anadolu\u2019da g\u00f6r\u00fcl\u00fcrken en uzun konut amortisman s\u00fcresi ise 21,8 sene ile Karadeniz\u2019de \u00e7\u0131kt\u0131.<\/p>\n<ul>\n<li>\u0130\u00e7 Anadolu B\u00f6lgesi: 21 y\u0131l<\/li>\n<li>Marmara B\u00f6lgesi: 20.5 y\u0131l<\/li>\n<li>Ege B\u00f6lgesi: 20.4 y\u0131l<\/li>\n<li>Karadeniz B\u00f6lgesi: 21.8 y\u0131l<\/li>\n<li>Do\u011fu Anadolu B\u00f6lgesi: 19.1 y\u0131l<\/li>\n<li>Akdeniz B\u00f6lgesi: 20.2 y\u0131l<\/li>\n<li>G\u00fcneydo\u011fu Anadolu B\u00f6lgesi: 17.7 y\u0131l<\/li>\n<\/ul>\n<div class=\"td-a-rec td-a-rec-id-content_bottom  td_uid_3_5c4ac63c26ead_rand td_block_template_1\">\n<div id=\"wpcf7-f167807-p216342-o1\" class=\"wpcf7\" dir=\"ltr\" lang=\"tr-TR\" role=\"form\">\n<div class=\"screen-reader-response\"><\/div>\n<form class=\"wpcf7-form\" action=\"https:\/\/www.emlakdream.com\/konutta-en-hizli-geri-donus-suresi-beyoglunda\/#wpcf7-f167807-p216342-o1\" method=\"post\" novalidate=\"novalidate\"><\/form>\n<\/div>\n<\/div>\n<\/div>\n","protected":false},"excerpt":{"rendered":"<p>\u0130stanbul Beyo\u011flu il\u00e7esinde konutta ortalama olarak 14,2 y\u0131lda geri d\u00f6n\u00fc\u015f s\u00fcresi \u00f6l\u00e7\u00fclen oran ile en karl\u0131 yat\u0131r\u0131m\u0131n adresi oldu. Gayrimenkul sekt\u00f6r\u00fcnde veri analizlerini sunan Reidin; 2018&#8217;de T\u00fcrkiye\u2019de konutlar\u0131n ortalama olarak geri d\u00f6n\u00fc\u015f s\u00fcrelerinin incelendi\u011fi ara\u015ft\u0131rmay\u0131 kamuoyu ile payla\u015ft\u0131. Sat\u0131n al\u0131nan konutun kiraya verilerek k\u015fra al\u0131nmas\u0131 halinde elde edilecek kira gelirleri ile ka\u00e7 senede konuta yap\u0131lan [&hellip;]<\/p>\n","protected":false},"author":1,"featured_media":23072,"comment_status":"open","ping_status":"open","sticky":false,"template":"","format":"standard","meta":{"ngg_post_thumbnail":0},"categories":[58],"tags":[11477,4857,12989],"_links":{"self":[{"href":"https:\/\/emlaktuel.com\/index.php?rest_route=\/wp\/v2\/posts\/26738"}],"collection":[{"href":"https:\/\/emlaktuel.com\/index.php?rest_route=\/wp\/v2\/posts"}],"about":[{"href":"https:\/\/emlaktuel.com\/index.php?rest_route=\/wp\/v2\/types\/post"}],"author":[{"embeddable":true,"href":"https:\/\/emlaktuel.com\/index.php?rest_route=\/wp\/v2\/users\/1"}],"replies":[{"embeddable":true,"href":"https:\/\/emlaktuel.com\/index.php?rest_route=%2Fwp%2Fv2%2Fcomments&post=26738"}],"version-history":[{"count":1,"href":"https:\/\/emlaktuel.com\/index.php?rest_route=\/wp\/v2\/posts\/26738\/revisions"}],"predecessor-version":[{"id":26739,"href":"https:\/\/emlaktuel.com\/index.php?rest_route=\/wp\/v2\/posts\/26738\/revisions\/26739"}],"wp:featuredmedia":[{"embeddable":true,"href":"https:\/\/emlaktuel.com\/index.php?rest_route=\/wp\/v2\/media\/23072"}],"wp:attachment":[{"href":"https:\/\/emlaktuel.com\/index.php?rest_route=%2Fwp%2Fv2%2Fmedia&parent=26738"}],"wp:term":[{"taxonomy":"category","embeddable":true,"href":"https:\/\/emlaktuel.com\/index.php?rest_route=%2Fwp%2Fv2%2Fcategories&post=26738"},{"taxonomy":"post_tag","embeddable":true,"href":"https:\/\/emlaktuel.com\/index.php?rest_route=%2Fwp%2Fv2%2Ftags&post=26738"}],"curies":[{"name":"wp","href":"https:\/\/api.w.org\/{rel}","templated":true}]}}