{"id":26645,"date":"2019-01-22T11:17:12","date_gmt":"2019-01-22T08:17:12","guid":{"rendered":"https:\/\/emlaktuel.com\/?p=26645"},"modified":"2019-01-22T11:18:15","modified_gmt":"2019-01-22T08:18:15","slug":"26645","status":"publish","type":"post","link":"https:\/\/emlaktuel.com\/?p=26645","title":{"rendered":"Pearl of Bodrum projesi"},"content":{"rendered":"<p class=\"td-post-sub-title\">Pearl of Bodrum projesi nerede hayata ge\u00e7iyor, hangi firma taraf\u0131ndan yap\u0131l\u0131yor, proje teslim tarihi ne zaman, proje fiyatlar\u0131, sosyal donat\u0131lar ve proje hakk\u0131nda genel bilgiler.<\/p>\n<p>Akdeniz b\u00f6lgesinde Bodrum\u2019un Ortakent Yah\u015fi mahallesinde hayata ge\u00e7en proje, \u00c7\u0131nar Elite Yap\u0131 taraf\u0131ndan yap\u0131l\u0131yor ve projede konutlar\u0131n teslim tarihleri 31 aral\u0131k 2019&#8217;da yap\u0131lmas\u0131 planlan\u0131yor. Pearl of Bodrum projesi 2 katl\u0131 binalarda villalardan ve dairelerden olu\u015fuyor.<\/p>\n<h2><strong>Pearl of Bodrum projesinde daire b\u00fcy\u00fckl\u00fckleri ve sosyal alanlar<\/strong><\/h2>\n<p>Pearl of Bodrum projesinde, daireler br\u00fct 132 metrekarede (net olarak 101 metrekare) 3+1, br\u00fct 126 metrekare (net olarak 101 metrekare) bah\u00e7e kat\u0131 3+1 ve bah\u00e7esiyle birlikte 400 metrekare (net olarak 180 metrekare kullan\u0131m alanl\u0131) 4+1 \u015feklinde villalar in\u015fa ediliyor.<\/p>\n<div class=\"td-module-meta-info\">\n<h3>Projede sosyal alanlar ve \u00f6zellikleri:<\/h3>\n<ul>\n<li>Peyzajlar ortak ye\u015fil alanlar<\/li>\n<li>Ak\u0131ll\u0131 ve g\u00fcvenli ev sistemleri<\/li>\n<li>\u00c7ocuklar i\u00e7in oyun alanlar\u0131, y\u00fczme havuzu<\/li>\n<li>Otopark<\/li>\n<li>A\u00e7\u0131k y\u00fczme havuzu ve g\u00fcne\u015flenme teras\u0131<\/li>\n<li>Yerden \u0131s\u0131tma, \u015f\u00f6mine<\/li>\n<li>Jenerat\u00f6r, su deposu<\/li>\n<li>7\/24 g\u00fcvenlik<\/li>\n<\/ul>\n<h2><strong>Pearl of Bodrum\u2019da \u00f6deme \u015fekli ve fiyatlar\u0131<\/strong><\/h2>\n<p>Bankalardan konut kredisi kullan\u0131maya uygun olan projede 3+1 dairelerin sat\u0131\u015f fiyatlar\u0131 20 ocak 2019 tarihi itibar\u0131 ile 1.550.000 TL civar\u0131nda bulunuyor.<\/p>\n<div class=\"td-a-rec td-a-rec-id-content_bottom td_uid_3_5c4498d790f9d_rand td_block_template_1\">\n<div id=\"wpcf7-f167807-p216070-o1\" class=\"wpcf7\" dir=\"ltr\" lang=\"tr-TR\" role=\"form\"><\/div>\n<\/div>\n<\/div>\n","protected":false},"excerpt":{"rendered":"<p>Pearl of Bodrum projesi nerede hayata ge\u00e7iyor, hangi firma taraf\u0131ndan yap\u0131l\u0131yor, proje teslim tarihi ne zaman, proje fiyatlar\u0131, sosyal donat\u0131lar ve proje hakk\u0131nda genel bilgiler. Akdeniz b\u00f6lgesinde Bodrum\u2019un Ortakent Yah\u015fi mahallesinde hayata ge\u00e7en proje, \u00c7\u0131nar Elite Yap\u0131 taraf\u0131ndan yap\u0131l\u0131yor ve projede konutlar\u0131n teslim tarihleri 31 aral\u0131k 2019&#8217;da yap\u0131lmas\u0131 planlan\u0131yor. Pearl of Bodrum projesi 2 katl\u0131 [&hellip;]<\/p>\n","protected":false},"author":1,"featured_media":26646,"comment_status":"open","ping_status":"open","sticky":false,"template":"","format":"standard","meta":{"ngg_post_thumbnail":0},"categories":[219],"tags":[12955,12957,12958,12956],"_links":{"self":[{"href":"https:\/\/emlaktuel.com\/index.php?rest_route=\/wp\/v2\/posts\/26645"}],"collection":[{"href":"https:\/\/emlaktuel.com\/index.php?rest_route=\/wp\/v2\/posts"}],"about":[{"href":"https:\/\/emlaktuel.com\/index.php?rest_route=\/wp\/v2\/types\/post"}],"author":[{"embeddable":true,"href":"https:\/\/emlaktuel.com\/index.php?rest_route=\/wp\/v2\/users\/1"}],"replies":[{"embeddable":true,"href":"https:\/\/emlaktuel.com\/index.php?rest_route=%2Fwp%2Fv2%2Fcomments&post=26645"}],"version-history":[{"count":2,"href":"https:\/\/emlaktuel.com\/index.php?rest_route=\/wp\/v2\/posts\/26645\/revisions"}],"predecessor-version":[{"id":26648,"href":"https:\/\/emlaktuel.com\/index.php?rest_route=\/wp\/v2\/posts\/26645\/revisions\/26648"}],"wp:featuredmedia":[{"embeddable":true,"href":"https:\/\/emlaktuel.com\/index.php?rest_route=\/wp\/v2\/media\/26646"}],"wp:attachment":[{"href":"https:\/\/emlaktuel.com\/index.php?rest_route=%2Fwp%2Fv2%2Fmedia&parent=26645"}],"wp:term":[{"taxonomy":"category","embeddable":true,"href":"https:\/\/emlaktuel.com\/index.php?rest_route=%2Fwp%2Fv2%2Fcategories&post=26645"},{"taxonomy":"post_tag","embeddable":true,"href":"https:\/\/emlaktuel.com\/index.php?rest_route=%2Fwp%2Fv2%2Ftags&post=26645"}],"curies":[{"name":"wp","href":"https:\/\/api.w.org\/{rel}","templated":true}]}}