{"id":26635,"date":"2019-01-22T10:43:43","date_gmt":"2019-01-22T07:43:43","guid":{"rendered":"https:\/\/emlaktuel.com\/?p=26635"},"modified":"2019-01-22T10:43:43","modified_gmt":"2019-01-22T07:43:43","slug":"dunyada-zengin-ile-yoksul-arasindaki-fark-artiyor","status":"publish","type":"post","link":"https:\/\/emlaktuel.com\/?p=26635","title":{"rendered":"D\u00fcnyada zengin ile yoksul aras\u0131ndaki fark art\u0131yor"},"content":{"rendered":"<p><b>Oxfam&#8217;\u0131n a\u00e7\u0131klad\u0131\u011f\u0131 rapora g\u00f6re 2018 y\u0131l\u0131nda d\u00fcnyada en zengin 26 ki\u015finin mal varl\u0131klar\u0131, 3,8 milyar yoksul insan\u0131n toplam mal varl\u0131\u011f\u0131na e\u015fit duruma geldi.<\/b><\/p>\n<p>D\u00fcnyada en zengin 26 insan\u0131n toplam servetinin, 2018&#8217;de 3,8 milyar yoksul insan\u0131n toplam mal varl\u0131\u011f\u0131na denk duruma geldi. Bu tablonun ortaya \u00e7\u0131kmas\u0131nda, b\u00fcy\u00fck \u015firketlerin \u00f6dedi\u011fi vergileri d\u00fc\u015f\u00fcren, halk\u0131n \u00e7o\u011funlu\u011funun yararland\u0131\u011f\u0131 kamu hizmetlerinde ise kesintiye giden h\u00fck\u00fcmetlerin sorumlu oldu\u011fu s\u00f6ylendi.<\/p>\n<p>\u0130ngilterde bir sivil toplum \u00f6rg\u00fct\u00fc olan Oxfam yay\u0131nlad\u0131\u011f\u0131 rapora g\u00f6re, 2018 y\u0131lnda, d\u00fcnyada en zengin 26 insan\u0131n mal varl\u0131\u011f\u0131n\u0131n, en yoksul 3,8 milyar insan\u0131n toplam mal varl\u0131\u011f\u0131na e\u015fit hale geldi.<\/p>\n<p>&#8220;Kamu Yarar\u0131 ve \u015eahsi Servet&#8221; ba\u015fl\u0131\u011f\u0131 alt\u0131nda yay\u0131nlanan raporda, ge\u00e7en sene serveti 1 milyar dolar\u0131n \u00fczerinde olanlar\u0131n toplam mal varl\u0131\u011f\u0131n\u0131n y\u00fczde 12 art\u0131\u015f g\u00f6sterdi\u011fi, buna kar\u015f\u0131l\u0131k olarak ise d\u00fcnyan\u0131n yoksul kseimini olu\u015fturan 3,8 milyar insan\u0131n ise toplam servetinin y\u00fczde 11 azalal\u0131\u015f g\u00f6sterdi\u011fi belirtildi.<\/p>\n<p>Oxfam, bu durumun ortaya \u00e7\u0131kmas\u0131nda, bir yandan b\u00fcy\u00fck firmalar\u0131n \u00f6dedi\u011fi vergilerini d\u00fc\u015f\u00fcr\u00fcrken di\u011fer yandan halk\u0131n \u00e7o\u011funlu\u011funun faydaland\u0131\u011f\u0131 kamu hizmetlerinde kesintiye giden h\u00fck\u00fcmetlerin sorumlu oldu\u011funu savundu.<\/p>\n<p>D\u00fcnyada toplam vergi gelirinin her 1 dolar\u0131n\u0131n 4 sentinin servet vergilerinden elde edildi\u011fine dikkat \u00e7ekilen raporda, d\u00fcnyada ki en zengin y\u00fczde 1&#8217;inin \u00f6dedi\u011fi vergilerin yar\u0131 yar\u0131ya art\u0131r\u0131lmas\u0131 durumunda, 262 milyon \u00e7ocu\u011fa temel e\u011fitim verilebilece\u011fi ve 3,3 milyon insan\u0131n hayat\u0131n\u0131 kurtarabilecek sa\u011fl\u0131k harcamas\u0131 yap\u0131labilece\u011fi ifade edildi.<\/p>\n<p>Bunun yan\u0131nda \u00f6rg\u00fct, servet ve kurumlar vergisi t\u00fcr\u00fcnden vergilerin, zengin \u00fclkelerde ya ortadan kald\u0131r\u0131ld\u0131\u011f\u0131 ya da d\u00fc\u015f\u00fcr\u00fcld\u00fc\u011f\u00fcne dikkati \u00e7ekti.<\/p>\n<p>Oxfam&#8217;\u0131n 2017 y\u0131l\u0131nda yay\u0131nlad\u0131\u011f\u0131 raporunda d\u00fcnyadaki en zengin 43 insan\u0131n serveti, d\u00fcnyan\u0131n yoksul yar\u0131s\u0131n\u0131n toplam servetine e\u015fit oldu\u011fu s\u00f6ylenmi\u015fti.<\/p>\n<div class=\"reklam\"><\/div>\n","protected":false},"excerpt":{"rendered":"<p>Oxfam&#8217;\u0131n a\u00e7\u0131klad\u0131\u011f\u0131 rapora g\u00f6re 2018 y\u0131l\u0131nda d\u00fcnyada en zengin 26 ki\u015finin mal varl\u0131klar\u0131, 3,8 milyar yoksul insan\u0131n toplam mal varl\u0131\u011f\u0131na e\u015fit duruma geldi. D\u00fcnyada en zengin 26 insan\u0131n toplam servetinin, 2018&#8217;de 3,8 milyar yoksul insan\u0131n toplam mal varl\u0131\u011f\u0131na denk duruma geldi. Bu tablonun ortaya \u00e7\u0131kmas\u0131nda, b\u00fcy\u00fck \u015firketlerin \u00f6dedi\u011fi vergileri d\u00fc\u015f\u00fcren, halk\u0131n \u00e7o\u011funlu\u011funun yararland\u0131\u011f\u0131 kamu hizmetlerinde [&hellip;]<\/p>\n","protected":false},"author":1,"featured_media":8459,"comment_status":"open","ping_status":"open","sticky":false,"template":"","format":"standard","meta":{"ngg_post_thumbnail":0},"categories":[26],"tags":[],"_links":{"self":[{"href":"https:\/\/emlaktuel.com\/index.php?rest_route=\/wp\/v2\/posts\/26635"}],"collection":[{"href":"https:\/\/emlaktuel.com\/index.php?rest_route=\/wp\/v2\/posts"}],"about":[{"href":"https:\/\/emlaktuel.com\/index.php?rest_route=\/wp\/v2\/types\/post"}],"author":[{"embeddable":true,"href":"https:\/\/emlaktuel.com\/index.php?rest_route=\/wp\/v2\/users\/1"}],"replies":[{"embeddable":true,"href":"https:\/\/emlaktuel.com\/index.php?rest_route=%2Fwp%2Fv2%2Fcomments&post=26635"}],"version-history":[{"count":1,"href":"https:\/\/emlaktuel.com\/index.php?rest_route=\/wp\/v2\/posts\/26635\/revisions"}],"predecessor-version":[{"id":26636,"href":"https:\/\/emlaktuel.com\/index.php?rest_route=\/wp\/v2\/posts\/26635\/revisions\/26636"}],"wp:featuredmedia":[{"embeddable":true,"href":"https:\/\/emlaktuel.com\/index.php?rest_route=\/wp\/v2\/media\/8459"}],"wp:attachment":[{"href":"https:\/\/emlaktuel.com\/index.php?rest_route=%2Fwp%2Fv2%2Fmedia&parent=26635"}],"wp:term":[{"taxonomy":"category","embeddable":true,"href":"https:\/\/emlaktuel.com\/index.php?rest_route=%2Fwp%2Fv2%2Fcategories&post=26635"},{"taxonomy":"post_tag","embeddable":true,"href":"https:\/\/emlaktuel.com\/index.php?rest_route=%2Fwp%2Fv2%2Ftags&post=26635"}],"curies":[{"name":"wp","href":"https:\/\/api.w.org\/{rel}","templated":true}]}}