{"id":26589,"date":"2019-01-20T12:21:28","date_gmt":"2019-01-20T09:21:28","guid":{"rendered":"https:\/\/emlaktuel.com\/?p=26589"},"modified":"2019-01-20T12:21:28","modified_gmt":"2019-01-20T09:21:28","slug":"mecidiyekoy-mahmutbey-metrosunda-test-calismalari-basliyor","status":"publish","type":"post","link":"https:\/\/emlaktuel.com\/?p=26589","title":{"rendered":"Mecidiyek\u00f6y-Mahmutbey metrosunda test \u00e7al\u0131\u015fmalar\u0131 ba\u015fl\u0131yor"},"content":{"rendered":"<p><b>Avrupa yakas\u0131nda ilk defa s\u00fcr\u00fcc\u00fcs\u00fcz metro olacak oalan Mecidiyek\u00f6y-Mahmutbey metrosu hatt\u0131nda, ilk denemeler i\u00e7in vagonlar raylara indirildi. Mecidiyek\u00f6y-Mahmutbey Metro hatt\u0131nda test s\u00fcr\u00fc\u015flerine \u015eubat ay\u0131nda ba\u015flan\u0131yor.\u00a0<\/b><\/p>\n<p>\u0130stanbul&#8217;da 8 il\u00e7eyi metro hatlar ile birbirine ba\u011flayacak olan Mecidiyek\u00f6y-Mahmutbey metrosunda bitime do\u011fru geliniyor. Raylara deneme i\u00e7in ilk vagon 15 Ocak&#8217;ta indirilirdi.<\/p>\n<p>Mecidiyek\u00f6y ve Kabata\u015f olarak iki etapta in\u015faat \u00e7al\u0131\u015fmalar\u0131 s\u00fcren Mahmutbey metrosunun, Mecidiyek\u00f6y-Mahmutbey aras\u0131 elektromekanik i\u015flemler bitme a\u015famas\u0131nda. Hatta ray d\u00f6\u015feme i\u015fleri sona eren ve Avrupa yakas\u0131n\u0131n ilk s\u00fcr\u00fcc\u00fcs\u00fcz metro hatt\u0131 olacak olan hatta ara\u00e7 sevkiyat i\u015flemlerine ba\u015fland\u0131. \u0130lk tren 15 Ocak&#8217;ta Tekstilkent-Giyimkent b\u00f6lgesinde raylara indi. Her ay 8 adet vagon getirilerek \u015fubat ay\u0131ndan itibaren test s\u00fcr\u00fc\u015flerine ba\u015flanacak. G\u00fcvenli s\u00fcr\u00fc\u015f akreditasyonlar\u0131n\u0131n tamamlanabilmesi i\u00e7in en az 6 ay deneme seferi yap\u0131lacak hatt\u0131n bu y\u0131l\u0131n son \u00e7eyre\u011finde i\u015fletmeye a\u00e7\u0131lmas\u0131 planlan\u0131yor.<\/p>\n<h2>Yeralt\u0131 ge\u00e7idi bitirildi<\/h2>\n<p>T\u00fcrkiye&#8217;nin en kalabal\u0131k ili \u0130stanbul&#8217;da en yo\u011fun yolcu trafi\u011finin oldu\u011fu il\u00e7e Mecidiyek\u00f6y metro yeralt\u0131 ge\u00e7idiyle ba\u011flant\u0131s\u0131 da yap\u0131ld\u0131. Mecidiyek\u00f6y, Ka\u011f\u0131thane, Alibeyk\u00f6y&#8217;den Tekstilkent ve Mahmutbey&#8217;e gidecek olan metro hatt\u0131nda duraklar aras\u0131ndaki kot fark\u0131 sebebi ile t\u00fcnel ve viyad\u00fcklerle ge\u00e7i\u015f sa\u011fland\u0131. Mecidiyek\u00f6y yeralt\u0131 ge\u00e7idinden Metrob\u00fcs, Yenikap\u0131-Hac\u0131osman ve Mahmutbey metrosuna ba\u011flant\u0131 yap\u0131labilecek. Mecidiyek\u00f6y-Mahmutbey hatt\u0131 a\u00e7\u0131ld\u0131\u011f\u0131nda, Yenikap\u0131-Hac\u0131osman ve metrob\u00fcs hatlar\u0131 ile entegrasyon yap\u0131lacak. \u0130lk a\u00e7\u0131ld\u0131\u011f\u0131nda g\u00fcnde yakla\u015f\u0131k 300 bin ki\u015finin Mecidiyek\u00f6y istasyonundan ge\u00e7mesi bekleniyor. 240 bin ki\u015finin Kabata\u015f-Mecidiyek\u00f6y-Mahmutbey hatt\u0131 ile Yenikap\u0131-Hac\u0131osman aras\u0131nda seyahat etmesi, 30 bin ki\u015finin ise metrob\u00fcse, 30 bin ki\u015finin ise de Mecidiyek\u00f6y b\u00f6lgesindeki i\u015f alanlar\u0131na gitmesi d\u00fc\u015f\u00fcn\u00fcl\u00fcyor.<\/p>\n<div class=\"reklam\"><\/div>\n","protected":false},"excerpt":{"rendered":"<p>Avrupa yakas\u0131nda ilk defa s\u00fcr\u00fcc\u00fcs\u00fcz metro olacak oalan Mecidiyek\u00f6y-Mahmutbey metrosu hatt\u0131nda, ilk denemeler i\u00e7in vagonlar raylara indirildi. Mecidiyek\u00f6y-Mahmutbey Metro hatt\u0131nda test s\u00fcr\u00fc\u015flerine \u015eubat ay\u0131nda ba\u015flan\u0131yor.\u00a0 \u0130stanbul&#8217;da 8 il\u00e7eyi metro hatlar ile birbirine ba\u011flayacak olan Mecidiyek\u00f6y-Mahmutbey metrosunda bitime do\u011fru geliniyor. Raylara deneme i\u00e7in ilk vagon 15 Ocak&#8217;ta indirilirdi. Mecidiyek\u00f6y ve Kabata\u015f olarak iki etapta in\u015faat \u00e7al\u0131\u015fmalar\u0131 [&hellip;]<\/p>\n","protected":false},"author":1,"featured_media":17549,"comment_status":"open","ping_status":"open","sticky":false,"template":"","format":"standard","meta":{"ngg_post_thumbnail":0},"categories":[5388],"tags":[12938,12937],"_links":{"self":[{"href":"https:\/\/emlaktuel.com\/index.php?rest_route=\/wp\/v2\/posts\/26589"}],"collection":[{"href":"https:\/\/emlaktuel.com\/index.php?rest_route=\/wp\/v2\/posts"}],"about":[{"href":"https:\/\/emlaktuel.com\/index.php?rest_route=\/wp\/v2\/types\/post"}],"author":[{"embeddable":true,"href":"https:\/\/emlaktuel.com\/index.php?rest_route=\/wp\/v2\/users\/1"}],"replies":[{"embeddable":true,"href":"https:\/\/emlaktuel.com\/index.php?rest_route=%2Fwp%2Fv2%2Fcomments&post=26589"}],"version-history":[{"count":1,"href":"https:\/\/emlaktuel.com\/index.php?rest_route=\/wp\/v2\/posts\/26589\/revisions"}],"predecessor-version":[{"id":26590,"href":"https:\/\/emlaktuel.com\/index.php?rest_route=\/wp\/v2\/posts\/26589\/revisions\/26590"}],"wp:featuredmedia":[{"embeddable":true,"href":"https:\/\/emlaktuel.com\/index.php?rest_route=\/wp\/v2\/media\/17549"}],"wp:attachment":[{"href":"https:\/\/emlaktuel.com\/index.php?rest_route=%2Fwp%2Fv2%2Fmedia&parent=26589"}],"wp:term":[{"taxonomy":"category","embeddable":true,"href":"https:\/\/emlaktuel.com\/index.php?rest_route=%2Fwp%2Fv2%2Fcategories&post=26589"},{"taxonomy":"post_tag","embeddable":true,"href":"https:\/\/emlaktuel.com\/index.php?rest_route=%2Fwp%2Fv2%2Ftags&post=26589"}],"curies":[{"name":"wp","href":"https:\/\/api.w.org\/{rel}","templated":true}]}}