{"id":26579,"date":"2019-01-19T11:40:26","date_gmt":"2019-01-19T08:40:26","guid":{"rendered":"https:\/\/emlaktuel.com\/?p=26579"},"modified":"2019-01-19T11:40:26","modified_gmt":"2019-01-19T08:40:26","slug":"thy-ve-emlak-konutun-10-bin-konutluk-3-havalimani-projesi-basliyor","status":"publish","type":"post","link":"https:\/\/emlaktuel.com\/?p=26579","title":{"rendered":"THY ve Emlak Konut&#8217;un 10 bin konutluk 3. havaliman\u0131 projesi ba\u015fl\u0131yor"},"content":{"rendered":"<p><b>Emlak Konut GYO ve THY&#8217;n\u0131n 3. \u0130stanbul Havaliman\u0131 \u00e7al\u0131\u015fanlar\u0131 i\u00e7in Arnavutk\u00f6y Dursunk\u00f6y&#8217;de yapaca\u011f\u0131 \u0130stanbu\u00f6zel konut projesinin haz\u0131rl\u0131klar\u0131 ba\u015flad\u0131.\u00a0<\/b>Yak\u0131n zamanda Cumhurba\u015fkan\u0131 Recep Tayyip Erdo\u011fan&#8217;\u0131n m\u00fcjdesini verdi\u011fi &#8220;\u0130stanbul Havaliman\u0131&#8217;na kom\u015fu olacak 10 bin konut&#8221; haberi sonras\u0131 Emlak Konut Gayrimenkul Yat\u0131r\u0131m Ortakl\u0131\u011f\u0131 (GYO) ile T\u00fcrk Hava Yollar\u0131 Havaalan\u0131 Gayrimenkul Yat\u0131r\u0131m ve \u0130\u015fletme A.\u015e. (THY) harekete ge\u00e7eek, birlikte projeye haz\u0131rl\u0131\u011fa ba\u015flam\u0131\u015ft\u0131.<\/p>\n<p><img loading=\"lazy\" class=\"aligncenter size-full wp-image-26581\" src=\"https:\/\/emlaktuel.com\/wp-content\/uploads\/2019\/01\/emlak-konut-istanbul-havalimani-projesi.jpg\" alt=\"\" width=\"500\" height=\"238\" \/><\/p>\n<h2>10 bin konut projesi i\u00e7in d\u00fc\u011fmeye bas\u0131ld\u0131<\/h2>\n<p>Emlak Konut GYO 2019&#8217;da yap\u0131lacak olan ihaleleri yay\u0131nlad\u0131. \u0130halelerde THY ile ortak yap\u0131lacak olan proje de var. \u0130stanbul Arnavutk\u00f6y Dursunk\u00f6y&#8217;de 3. \u0130stanbul Havaliman\u0131&#8217;n\u0131n \u00e7al\u0131\u015fanlar\u0131 i\u00e7in \u00f6zel olarak yap\u0131lacak olan projenin birinci etab\u0131 d\u00f6rt k\u0131s\u0131mda ihale edilecek. \u0130haleler 2019&#8217;un 2. \u00e7eyre\u011finde yap\u0131lacak. \u0130hale anahtar teslim modeli ile yap\u0131lacak.<\/p>\n<p><strong>1-<\/strong>\u00a0\u0130stanbul Arnavutk\u00f6y Dursunk\u00f6y 1. Etap 1. K\u0131s\u0131m &#8211; \u00a02. \u00c7eyrek<br \/>\n<strong>2-<\/strong>\u00a0\u0130stanbul Arnavutk\u00f6y Dursunk\u00f6y 1. Etap 2. K\u0131s\u0131m &#8211; \u00a02. \u00c7eyrek<br \/>\n<strong>3-\u00a0<\/strong>\u00a0\u0130stanbul Arnavutk\u00f6y Dursunk\u00f6y 1. Etap 3. K\u0131s\u0131m &#8211; \u00a02. \u00c7eyrek<br \/>\n<strong>4-\u00a0<\/strong>\u00a0\u0130stanbul Arnavutk\u00f6y Dursunk\u00f6y 1. Etap 4. K\u0131s\u0131m &#8211; \u00a02. \u00c7eyrek<\/p>\n<p>Emlak Konut GYO \u0130stanbul ili, Arnavutk\u00f6y il\u00e7esi, Dursunk\u00f6y Mahallesi&#8217;nde yer alan 3 milyon 639 bin 117 metrekare b\u00fcy\u00fckl\u00fc\u011f\u00fcndeki arsan\u0131n y\u00fczde 50&#8217;sini, 312,5 milyon TL+KDV nakit bedelle THY&#8217;ye satm\u0131\u015ft\u0131. Emlak Konut, arsalar \u00fczerinde THY ile birlikte, etaplar halinde projeler geli\u015ftirecek. Proje kapsam\u0131nda in\u015fa edilecek konutlar hem \u0130stanbul Havaliman\u0131 \u00e7al\u0131\u015fanlar\u0131na sat\u0131lacak hem de \u0130stanbulular\u0131n konut ihtiyac\u0131n\u0131 kar\u015f\u0131layacak. Projelerden elde edilecek &#8220;net kazan\u00e7&#8221;, y\u00fczde 50&#8217;si Emlak Konut&#8217;a, y\u00fczde 50&#8217;si THY&#8217;ye ait olmak \u00fczere payla\u015f\u0131lacak.<\/p>\n<p>Emlak Konut ile THY&#8217;nin birlikte yapaca\u011f\u0131 bu dev proje 10 bin ba\u011f\u0131ms\u0131z konuttan olu\u015facak. Projede 2 oda 1 salondan 5 oda 1 salona kadar daire tipleri olacak. Bu projede ise fiyatlar en minimum d\u00fczeyde olacak ve de \u00f6deme ko\u015fullar\u0131 da makul olacak. Proje az katl\u0131 tasarland\u0131. Projenin emsali de d\u00fc\u015f\u00fck olacak. Yatay mimari olarak tasarlanan proje zemin+4 kat olacak. Projede kent meydan\u0131, b\u00f6lge park\u0131, e\u011fitim birimleri, dini tesis alan\u0131 ve apor alanlar\u0131 bulunacak. \u00a0Ayr\u0131ca millet bah\u00e7esi de yer alacak.<\/p>\n<p>10 konutluk dev proje ise konumu ile dikkat \u00e7ekiyor. Proje 3. \u0130stanbul Yeni Havaliman\u0131&#8217;na 12 kilometre, Kuzey Marmara Otoyolu&#8217;na uzakl\u0131\u011f\u0131 11 kilometre, Kanal \u0130stanbul, 3. havaliman\u0131 ve Yavuz Sultan Selim K\u00f6pr\u00fcs\u00fc&#8217;n\u00fcn kesi\u015fti\u011fi noktada yer al\u0131yor.<\/p>\n<h2>Projede THY \u00e7al\u0131\u015fanlar\u0131na \u00f6ncelik tan\u0131nacak<\/h2>\n<p>Emlak Konut 3. havaliman\u0131 projesi yakla\u015f\u0131k olarak tamamlanma s\u00fcresi 4-5 y\u0131l olacak. Projede konutlar\u0131n sat\u0131\u015f\u0131nda \u00f6ncelik THY \u00e7al\u0131\u015fanlar\u0131n\u0131n olacak. Emlak Koonut ile THY bu dev projede \u00f6nceli\u011fi THY \u00e7al\u0131\u015fanlar\u0131n\u0131n konutlar\u0131na verecekler. \u0130stanbul Havaliman\u0131 \u00e7al\u0131\u015fanlar\u0131na da projeden belli bir k\u0131s\u0131m ayr\u0131lacak.<\/p>\n<div class=\"reklam\"><\/div>\n","protected":false},"excerpt":{"rendered":"<p>Emlak Konut GYO ve THY&#8217;n\u0131n 3. \u0130stanbul Havaliman\u0131 \u00e7al\u0131\u015fanlar\u0131 i\u00e7in Arnavutk\u00f6y Dursunk\u00f6y&#8217;de yapaca\u011f\u0131 \u0130stanbu\u00f6zel konut projesinin haz\u0131rl\u0131klar\u0131 ba\u015flad\u0131.\u00a0Yak\u0131n zamanda Cumhurba\u015fkan\u0131 Recep Tayyip Erdo\u011fan&#8217;\u0131n m\u00fcjdesini verdi\u011fi &#8220;\u0130stanbul Havaliman\u0131&#8217;na kom\u015fu olacak 10 bin konut&#8221; haberi sonras\u0131 Emlak Konut Gayrimenkul Yat\u0131r\u0131m Ortakl\u0131\u011f\u0131 (GYO) ile T\u00fcrk Hava Yollar\u0131 Havaalan\u0131 Gayrimenkul Yat\u0131r\u0131m ve \u0130\u015fletme A.\u015e. (THY) harekete ge\u00e7eek, birlikte projeye [&hellip;]<\/p>\n","protected":false},"author":1,"featured_media":26580,"comment_status":"open","ping_status":"open","sticky":false,"template":"","format":"standard","meta":{"ngg_post_thumbnail":0},"categories":[5388],"tags":[12932,12316],"_links":{"self":[{"href":"https:\/\/emlaktuel.com\/index.php?rest_route=\/wp\/v2\/posts\/26579"}],"collection":[{"href":"https:\/\/emlaktuel.com\/index.php?rest_route=\/wp\/v2\/posts"}],"about":[{"href":"https:\/\/emlaktuel.com\/index.php?rest_route=\/wp\/v2\/types\/post"}],"author":[{"embeddable":true,"href":"https:\/\/emlaktuel.com\/index.php?rest_route=\/wp\/v2\/users\/1"}],"replies":[{"embeddable":true,"href":"https:\/\/emlaktuel.com\/index.php?rest_route=%2Fwp%2Fv2%2Fcomments&post=26579"}],"version-history":[{"count":1,"href":"https:\/\/emlaktuel.com\/index.php?rest_route=\/wp\/v2\/posts\/26579\/revisions"}],"predecessor-version":[{"id":26582,"href":"https:\/\/emlaktuel.com\/index.php?rest_route=\/wp\/v2\/posts\/26579\/revisions\/26582"}],"wp:featuredmedia":[{"embeddable":true,"href":"https:\/\/emlaktuel.com\/index.php?rest_route=\/wp\/v2\/media\/26580"}],"wp:attachment":[{"href":"https:\/\/emlaktuel.com\/index.php?rest_route=%2Fwp%2Fv2%2Fmedia&parent=26579"}],"wp:term":[{"taxonomy":"category","embeddable":true,"href":"https:\/\/emlaktuel.com\/index.php?rest_route=%2Fwp%2Fv2%2Fcategories&post=26579"},{"taxonomy":"post_tag","embeddable":true,"href":"https:\/\/emlaktuel.com\/index.php?rest_route=%2Fwp%2Fv2%2Ftags&post=26579"}],"curies":[{"name":"wp","href":"https:\/\/api.w.org\/{rel}","templated":true}]}}