{"id":26570,"date":"2019-01-18T13:14:48","date_gmt":"2019-01-18T10:14:48","guid":{"rendered":"https:\/\/emlaktuel.com\/?p=26570"},"modified":"2019-01-18T13:14:48","modified_gmt":"2019-01-18T10:14:48","slug":"istmarina-avmde-mfo-ruzgari-esecek","status":"publish","type":"post","link":"https:\/\/emlaktuel.com\/?p=26570","title":{"rendered":"\u0130stMarina AVM\u2019de MF\u00d6 R\u00fczgar\u0131 Esecek!"},"content":{"rendered":"<h4>T\u00fcrk pop ve rock m\u00fczi\u011fin efsane grubu MF\u00d6, 19 Ocak Cumartesi ak\u015fam\u0131 \u0130stMarina AVM\u2019de bulunan Jolly Joker \u0130stMarina\u2019da hayranlar\u0131yla bulu\u015fmaya haz\u0131rlan\u0131yor.<\/h4>\n<p>Kartal sahilde denize naz\u0131r konumda, a\u00e7\u0131k alan ferahl\u0131\u011f\u0131 ile kapal\u0131 alan konforunu bir arada sunan yeni nesil al\u0131\u015fveri\u015f merkezi \u0130stMarina, 19 Ocak Cumartesi ak\u015fam\u0131 T\u00fcrk pop ve rock m\u00fczi\u011finin efsane grubu MF\u00d6\u2019y\u00fc a\u011f\u0131rlamaya haz\u0131rlan\u0131yor.<\/p>\n<p>Birbirinden unutulmaz \u015fark\u0131lar\u0131 ile 7\u2019den 70\u2019e herkesin zevkle dinledi\u011fi grup, 22.00\u2019de ba\u015flayacak konserinde sevenlerine m\u00fczik ziyafeti ya\u015fatacak.<\/p>\n<p>Mazhar &#8211; Fuat \u2013 \u00d6zkan\u2019dan olu\u015fan T\u00fcrk m\u00fczi\u011finin efsanevi grubu, kendilerine ait s\u00f6z ve bestelerden olu\u015fan alb\u00fcmlerinden Sak\u0131n Gelme, Sar\u0131 Laleler, G\u00fcllerin \u0130\u00e7inden, Ele G\u00fcne Kar\u015f\u0131 gibi en sevilen klasik \u015fark\u0131lar\u0131n\u0131 sevenleriyle birlikte okuyacak. MF\u00d6 \u015fark\u0131lar\u0131yla oldu\u011fu kadar yapt\u0131klar\u0131 espriler ve muhte\u015fem \u015fovlar\u0131yla da sevenlerine unutulmaz bir gece ya\u015fatacak.<\/p>\n","protected":false},"excerpt":{"rendered":"<p>T\u00fcrk pop ve rock m\u00fczi\u011fin efsane grubu MF\u00d6, 19 Ocak Cumartesi ak\u015fam\u0131 \u0130stMarina AVM\u2019de bulunan Jolly Joker \u0130stMarina\u2019da hayranlar\u0131yla bulu\u015fmaya haz\u0131rlan\u0131yor. Kartal sahilde denize naz\u0131r konumda, a\u00e7\u0131k alan ferahl\u0131\u011f\u0131 ile kapal\u0131 alan konforunu bir arada sunan yeni nesil al\u0131\u015fveri\u015f merkezi \u0130stMarina, 19 Ocak Cumartesi ak\u015fam\u0131 T\u00fcrk pop ve rock m\u00fczi\u011finin efsane grubu MF\u00d6\u2019y\u00fc a\u011f\u0131rlamaya haz\u0131rlan\u0131yor. [&hellip;]<\/p>\n","protected":false},"author":1,"featured_media":26571,"comment_status":"open","ping_status":"open","sticky":false,"template":"","format":"standard","meta":{"ngg_post_thumbnail":0},"categories":[26],"tags":[12925,12926],"_links":{"self":[{"href":"https:\/\/emlaktuel.com\/index.php?rest_route=\/wp\/v2\/posts\/26570"}],"collection":[{"href":"https:\/\/emlaktuel.com\/index.php?rest_route=\/wp\/v2\/posts"}],"about":[{"href":"https:\/\/emlaktuel.com\/index.php?rest_route=\/wp\/v2\/types\/post"}],"author":[{"embeddable":true,"href":"https:\/\/emlaktuel.com\/index.php?rest_route=\/wp\/v2\/users\/1"}],"replies":[{"embeddable":true,"href":"https:\/\/emlaktuel.com\/index.php?rest_route=%2Fwp%2Fv2%2Fcomments&post=26570"}],"version-history":[{"count":1,"href":"https:\/\/emlaktuel.com\/index.php?rest_route=\/wp\/v2\/posts\/26570\/revisions"}],"predecessor-version":[{"id":26572,"href":"https:\/\/emlaktuel.com\/index.php?rest_route=\/wp\/v2\/posts\/26570\/revisions\/26572"}],"wp:featuredmedia":[{"embeddable":true,"href":"https:\/\/emlaktuel.com\/index.php?rest_route=\/wp\/v2\/media\/26571"}],"wp:attachment":[{"href":"https:\/\/emlaktuel.com\/index.php?rest_route=%2Fwp%2Fv2%2Fmedia&parent=26570"}],"wp:term":[{"taxonomy":"category","embeddable":true,"href":"https:\/\/emlaktuel.com\/index.php?rest_route=%2Fwp%2Fv2%2Fcategories&post=26570"},{"taxonomy":"post_tag","embeddable":true,"href":"https:\/\/emlaktuel.com\/index.php?rest_route=%2Fwp%2Fv2%2Ftags&post=26570"}],"curies":[{"name":"wp","href":"https:\/\/api.w.org\/{rel}","templated":true}]}}