{"id":26538,"date":"2019-01-17T10:05:26","date_gmt":"2019-01-17T07:05:26","guid":{"rendered":"https:\/\/emlaktuel.com\/?p=26538"},"modified":"2019-01-17T10:06:39","modified_gmt":"2019-01-17T07:06:39","slug":"26538","status":"publish","type":"post","link":"https:\/\/emlaktuel.com\/?p=26538","title":{"rendered":"Ankapark ne zaman a\u00e7\u0131lacak, giri\u015f \u00fccreti ne kadar olacak?"},"content":{"rendered":"<p><b>Avrupa&#8217;da ki en b\u00fcy\u00fck temapark olacak olan Ankapark&#8217;\u0131n a\u00e7\u0131l\u0131\u015f tarihi belli oldu. 2019 \u0130lkbahar\u0131nda a\u00e7\u0131l\u0131\u015f\u0131 yap\u0131lacak olan parka giri\u015f \u00fccreti ise 25 lira olacak.\u00a0<\/b>Ankapark \u0130\u015fletmeleri Genel M\u00fcd\u00fcr\u00fc Cem Uzan, Ankara\u00a0B\u00fcy\u00fck\u015fehir Belediyesi&#8217;nin Ankapark i\u00e7in d\u00fczenledi\u011fi ihaleyi kazanan 3 T\u00fcrk ve bir \u00c7inli firman\u0131n 29 y\u0131l boyunca i\u015fletme hakk\u0131na sahip oldu\u011funu s\u00f6yledi.<\/p>\n<p>Ankapark&#8217;\u0131n alt yap\u0131s\u0131 ve baz\u0131 \u00fcr\u00fcn eksikliklerinin k\u0131sa s\u00fcrede giderilmesi i\u00e7in u\u011fra\u015ft\u0131klar\u0131n\u0131 s\u00f6yleyen Cem Uzan, &#8220;Ankapark&#8217;\u0131n a\u00e7\u0131l\u0131\u015f\u0131n\u0131 ilkbaharda yapmay\u0131 d\u00fc\u015f\u00fcn\u00fcyoruz. Gecikece\u011fimizi d\u00fc\u015f\u00fcnm\u00fcyorum&#8221; dedi,<\/p>\n<h2>G\u00fcvenlik testini ge\u00e7emeyen oyuncaklar\u0131 a\u00e7mayaca\u011f\u0131z<\/h2>\n<p>Ankapark&#8217;ta sunulan\u00a0 oyuncaklar\u0131n kurulum ve testlerinin uzman ekipler taraf\u0131ndan yap\u0131ld\u0131\u011f\u0131n\u0131n s\u00f6yleyen ve birinci \u00f6ncelik olarak dikkate ald\u0131klar\u0131n\u0131 belirten Uzan, &#8220;Firmalar\u0131n s\u00fcperviz\u00f6rlerini \u00e7a\u011f\u0131r\u0131p dev oyuncaklar\u0131 onlarla a\u00e7\u0131yoruz. Bunun temay\u00fclleri ve kurallar\u0131 var. S\u00fcperviz\u00f6rler, dev oyuncaklar\u0131n tekerlekleri, kaynak alanlar\u0131 ve ba\u011flant\u0131 noktalar\u0131 gibi her \u015feyi tek tek incelerler. Ondan sonra bize sertifika verilir. Biz o sertifikadan sonra T\u00dcV&#8217;e ba\u015fvururuz. Ba\u015fvuru sonucu olumlu \u00e7\u0131kar ise kullan\u0131ma a\u00e7ar\u0131z. G\u00fcvenliksiz herhangi bir oyunca\u011f\u0131n a\u00e7\u0131lmas\u0131 s\u00f6z konusu bile de\u011fil. Bu asl\u0131nda intihar gibi bir \u015feydir. Ayr\u0131ca Tokyo&#8217;nun d\u00fcnyaca \u00fcnl\u00fc temapark\u0131nda y\u00f6netim kurulu ba\u015fkan yard\u0131mc\u0131l\u0131\u011f\u0131 yapm\u0131\u015f bir ki\u015fi 4 ay bize dan\u0131\u015fman olarak e\u015flik edecek&#8221; \u015feklinde konu\u015ftu.<\/p>\n<h2>&#8220;Avrupa&#8217;n\u0131n en b\u00fcy\u00fck temapark\u0131y\u0131z&#8221;<\/h2>\n<p>Ankaparkta olacak dev oyuncaklar\u0131n y\u00fczde 90&#8217;n\u0131n Avrupa&#8217;da faaliyet g\u00f6steren firmalardan sat\u0131n al\u0131nd\u0131\u011f\u0131n\u0131 belirten Uzan, d\u00f6nme dolap ve atl\u0131 kar\u0131nca gibi k\u00fc\u00e7\u00fck oyuncaklardan olu\u015fan y\u00fczde 10&#8217;luk b\u00f6l\u00fcm\u00fcn ise T\u00fcrkiye ve \u00c7in&#8217;den al\u0131nd\u0131\u011f\u0131n\u0131 s\u00f6yledi.<\/p>\n<p>Temapark\u0131m\u0131z\u0131n toplamda 1 milyon 400 bin metrekarelik gibi b\u00fcy\u00fck bir alanla Avrupa&#8217;n\u0131n en b\u00fcy\u00fck tesisi olaca\u011f\u0131n\u0131 hat\u0131rlatan Cem Uzan, 130 bin metrekarelik kapal\u0131 alan ile Ankara&#8217;n\u0131n k\u0131\u015f turizmine b\u00fcy\u00fck anlamda katk\u0131 sunacaklar\u0131n\u0131 s\u00f6yledi.<\/p>\n<p>Uzan, \u015f\u00f6yle devam etti: &#8220;Ankara&#8217;da hava \u015fartlar\u0131na uygun \u0131s\u0131tmal\u0131 b\u00fcy\u00fck oyuncak \u00e7ad\u0131rlar\u0131 yapt\u0131k.Yani 12 ay hizmet verecek bir alt yap\u0131 haz\u0131r. Buradaki ortam s\u0131cakl\u0131\u011f\u0131 22-23 derece. Avrupa&#8217;n\u0131n en b\u00fcy\u00fck temapark\u0131nda b\u00fcy\u00fck boy oyuncak say\u0131s\u0131 5 civar\u0131ndayken, biz de 28. Orta boy oyuncak say\u0131s\u0131 onlarda 5 civar\u0131ndayken bizim 180, toplam oyuncak say\u0131s\u0131 90 iken bizim 2 bin 117 adettir. Ayr\u0131ca 6 doktor ve 2 hem\u015fireden olu\u015fan b\u00fcy\u00fck bir sa\u011fl\u0131k kurumumuz ve 4 ara\u00e7l\u0131k konvoydan olu\u015fan itfaiye ekibimiz bulunmaktad\u0131r.&#8221;<\/p>\n<h2>Ankapark&#8217;a giri\u015f \u00fccreti 25 lira<\/h2>\n<p>Cem Uzan giri\u015f \u00fccretlerinde Ankara&#8217;da olan rayi\u00e7 bedelleri baz alarak fiyatland\u0131rd\u0131klar\u0131n\u0131 a\u00e7\u0131klad\u0131. Cem Uzan, tesislerden \u015fehit ve gazi yak\u0131nlar\u0131n\u0131n \u00fccretsiz faydalanaca\u011f\u0131n\u0131 dile getirdi, \u00a0Ankapark giri\u015f \u00fccretinin 25 lira olaca\u011f\u0131n\u0131 s\u00f6yleyen Uzan, &#8220;Oyuncaklar\u0131n bini\u015f \u00fccretleri 4, 5, 6, 8 ve 15 lira \u015feklinde olacak. Bu, oyuncaklar\u0131n b\u00fcy\u00fckl\u00fc\u011f\u00fcne ba\u011fl\u0131 olarak de\u011fi\u015fecek. Ankara&#8217;n\u0131n rayi\u00e7 fiyatlar\u0131 d\u0131\u015f\u0131nda herhangi bir fiyatland\u0131rma yapmad\u0131k. 25 lira olan giri\u015f bedelinin 5 liras\u0131n\u0131 parka giri\u015f, 20 liras\u0131n\u0131 da oyuncak bedeli olarak al\u0131yoruz. \u00c7ocuklar oyuncak oynad\u0131klar\u0131 zaman kredilerinden 20 liray\u0131 t\u00fcketecekler.&#8221; diye konu\u015ftu.<\/p>\n","protected":false},"excerpt":{"rendered":"<p>Avrupa&#8217;da ki en b\u00fcy\u00fck temapark olacak olan Ankapark&#8217;\u0131n a\u00e7\u0131l\u0131\u015f tarihi belli oldu. 2019 \u0130lkbahar\u0131nda a\u00e7\u0131l\u0131\u015f\u0131 yap\u0131lacak olan parka giri\u015f \u00fccreti ise 25 lira olacak.\u00a0Ankapark \u0130\u015fletmeleri Genel M\u00fcd\u00fcr\u00fc Cem Uzan, Ankara\u00a0B\u00fcy\u00fck\u015fehir Belediyesi&#8217;nin Ankapark i\u00e7in d\u00fczenledi\u011fi ihaleyi kazanan 3 T\u00fcrk ve bir \u00c7inli firman\u0131n 29 y\u0131l boyunca i\u015fletme hakk\u0131na sahip oldu\u011funu s\u00f6yledi. Ankapark&#8217;\u0131n alt yap\u0131s\u0131 ve baz\u0131 [&hellip;]<\/p>\n","protected":false},"author":1,"featured_media":25364,"comment_status":"open","ping_status":"open","sticky":false,"template":"","format":"standard","meta":{"ngg_post_thumbnail":0},"categories":[5388],"tags":[12403,12910,12908,12405,12909],"_links":{"self":[{"href":"https:\/\/emlaktuel.com\/index.php?rest_route=\/wp\/v2\/posts\/26538"}],"collection":[{"href":"https:\/\/emlaktuel.com\/index.php?rest_route=\/wp\/v2\/posts"}],"about":[{"href":"https:\/\/emlaktuel.com\/index.php?rest_route=\/wp\/v2\/types\/post"}],"author":[{"embeddable":true,"href":"https:\/\/emlaktuel.com\/index.php?rest_route=\/wp\/v2\/users\/1"}],"replies":[{"embeddable":true,"href":"https:\/\/emlaktuel.com\/index.php?rest_route=%2Fwp%2Fv2%2Fcomments&post=26538"}],"version-history":[{"count":3,"href":"https:\/\/emlaktuel.com\/index.php?rest_route=\/wp\/v2\/posts\/26538\/revisions"}],"predecessor-version":[{"id":26541,"href":"https:\/\/emlaktuel.com\/index.php?rest_route=\/wp\/v2\/posts\/26538\/revisions\/26541"}],"wp:featuredmedia":[{"embeddable":true,"href":"https:\/\/emlaktuel.com\/index.php?rest_route=\/wp\/v2\/media\/25364"}],"wp:attachment":[{"href":"https:\/\/emlaktuel.com\/index.php?rest_route=%2Fwp%2Fv2%2Fmedia&parent=26538"}],"wp:term":[{"taxonomy":"category","embeddable":true,"href":"https:\/\/emlaktuel.com\/index.php?rest_route=%2Fwp%2Fv2%2Fcategories&post=26538"},{"taxonomy":"post_tag","embeddable":true,"href":"https:\/\/emlaktuel.com\/index.php?rest_route=%2Fwp%2Fv2%2Ftags&post=26538"}],"curies":[{"name":"wp","href":"https:\/\/api.w.org\/{rel}","templated":true}]}}