{"id":26375,"date":"2019-01-09T09:42:39","date_gmt":"2019-01-09T06:42:39","guid":{"rendered":"https:\/\/emlaktuel.com\/?p=26375"},"modified":"2019-01-09T09:55:44","modified_gmt":"2019-01-09T06:55:44","slug":"toki-2-bin-988-ucuz-konut-uretecek","status":"publish","type":"post","link":"https:\/\/emlaktuel.com\/?p=26375","title":{"rendered":"TOK\u0130 2 bin 988 ucuz konut \u00fcretecek"},"content":{"rendered":"<p><b><a href=\"https:\/\/emlaktuel.com\/2019\/01\/06\/26273\/\">TOK\u0130<\/a> dar gelirliler ile orta gelirlileri konut sahibi yapmak i\u00e7in, Ocak ve \u015eubat aylar\u0131 i\u00e7erisinde 2 bin 988 adet konutun ihalesini yapacak. Her zaman orta s\u0131n\u0131f car gelrili vatanda\u015flar\u0131n yan\u0131nda olan\u00a0Toplu Konut \u0130daresi Ba\u015fkanl\u0131\u011f\u0131 2019 y\u0131l\u0131nda da vatanda\u015flar\u0131 ev sahibi yapmak i\u00e7in \u00e7abalar\u0131na devam edecek.\u00a0<\/b><\/p>\n<p><a href=\"http:\/\/www.nef.com.tr\/konut-kampanyalari\/yil-sonu-kampanyasi?utm_medium=advertorial&amp;utm_source=emlaktuel&amp;utm_campaign=098-kampanyasi-17520632\"><img loading=\"lazy\" class=\"aligncenter size-full wp-image-26255\" src=\"https:\/\/emlaktuel.com\/wp-content\/uploads\/2019\/01\/300x250.gif\" alt=\"\" width=\"300\" height=\"250\" \/><\/a><\/p>\n<p><strong>TOK\u0130<\/strong>\u00a0(Toplu Konut \u0130daresi) Ba\u015fkan\u0131 \u00d6mer Bulut, \u00c7evre ve \u015eehircilik Bakan\u0131 Murat Kurum\u2019un da bahsetti\u011fi dar gelirli ve orta gelirli vatanda\u015flar\u0131 konut sahibi yapmak i\u00e7in \u00f6n \u00f6demeli konut sertifikas\u0131na dayanan yeni bir s\u00fcre\u00e7 y\u00fcr\u00fcteceklerinden bahsetti.<\/p>\n<h2><strong>TOK\u0130 Manisa&#8217;da 200 konut \u00fcretecek<\/strong><\/h2>\n<p><a href=\"https:\/\/emlaktuel.com\/2019\/01\/06\/26273\/\">TOK\u0130<\/a>, Manisa&#8217;da G\u00f6rdes \u0130l\u00e7esi Atat\u00fcrk Mahallesi&#8217;nde 200 Konut, 1 tane 3 D\u00fckkanl\u0131 Ticaret Merkezi ve 1 Cami \u0130n\u015faat\u0131 \u0130le Altyap\u0131 Ve \u00c7evre D\u00fczenleme \u0130kmal \u0130\u015fi ihalesi 9 Ocak 2019&#8217;da yap\u0131lacak.<\/p>\n<h2><strong>TOK\u0130 K\u0131rklareli 535 konut<\/strong><\/h2>\n<p>K\u0131rklareli&#8217;nde Merkez \u0130l\u00e7e Hamidiye Mahallesi&#8217;nde 535 Konut ve Altyap\u0131 \u00c7evre D\u00fczenlemesi \u0130kmal ihalesi TOK\u0130 taraf\u0131ndan 10 Ocak 2019&#8217;da ihale edilecek.<\/p>\n<h2><strong>TOK\u0130 Burdur 655 konut<\/strong><\/h2>\n<p>Burdur&#8217;dai Merkez \u0130l\u00e7ede, Bozkurt Mahallesi&#8217;nde Kentsel D\u00f6n\u00fc\u015f\u00fcm ve Geli\u015fim Projesi olarak toplamda 655 Konut , 41 Ticaret \u0130n\u015faat\u0131 ve de Altyap\u0131 \u00c7evre D\u00fczenleme ihalesi i\u00e7in 15 Ocak 2019 tarihinde ihale yap\u0131lacak.<\/p>\n<h2><strong><a href=\"https:\/\/emlaktuel.com\/2019\/01\/06\/26273\/\">TOK\u0130<\/a> Batman 47 konut<\/strong><\/h2>\n<p>Batman&#8217;da 47 Konut, 1 Merkez Camii ve Altyap\u0131 \u00c7evre D\u00fczenlemesi ihalesi 23 Ocak 2019 tarihinde yap\u0131lacak.<\/p>\n<h2><strong>Rize&#8217;de 106 konut<\/strong><\/h2>\n<p>Rize \u0130limizde Hem\u015fin \u0130l\u00e7esi&#8217;nde 106 Konut, 1 Kaymakaml\u0131k binas\u0131, 1 Kre\u015f, 24 tane D\u00fckkan, Is\u0131 Merkezi \u0130n\u015faat\u0131 ve Altyap\u0131 \u00c7evre D\u00fczenlemesi ihalesi 4 \u015eubat 2019 tarihinde yap\u0131lacak.<\/p>\n<h2><strong>Ankara&#8217;da 548 konut<\/strong><\/h2>\n<p>TOK\u0130 Ankara&#8217;da Mamak \u0130l\u00e7esi&#8217;nde, 548 Konut \u0130n\u015faat\u0131 ve Altyap\u0131 ile \u00c7evre D\u00fczenlemesi ihalesi i\u00e7in 15 \u015eubat 2019&#8217;da yap\u0131lacak.<\/p>\n<h2><strong>TOK\u0130 Kars 366 konut<\/strong><\/h2>\n<p>Kars&#8217;ta, Merkezde, Kentsel D\u00f6n\u00fc\u015f\u00fcm ve Geli\u015fim Projesi 2.Etab\u0131nda 366 Konut \u00fcretirken 1 Adet ta Ticaret Merkezi, 6 Setalt\u0131 Ortak Mekan, 1 Camii ve de Taziye Evi \u0130n\u015faat\u0131 \u0130le Altyap\u0131 \u00c7evre D\u00fczenlemesi ihalesi 18 \u015eubat 2019&#8217;da yap\u0131lacak.<\/p>\n<h2><strong>Esenler&#8217;de 531 konut<\/strong><\/h2>\n<p>TOK\u0130 \u0130stanbul&#8217;da, Esenler \u0130l\u00e7esi&#8217;nde 531 Konut ile 1 Mescit \u0130n\u015faat\u0131 ve Altyap\u0131 ile \u00c7evre D\u00fczenlemesi ihalesi 25 \u015eubat 2019&#8217;da saat 14:30&#8217;da yap\u0131lacak.<\/p>\n<div class=\"reklam\"><\/div>\n","protected":false},"excerpt":{"rendered":"<p>TOK\u0130 dar gelirliler ile orta gelirlileri konut sahibi yapmak i\u00e7in, Ocak ve \u015eubat aylar\u0131 i\u00e7erisinde 2 bin 988 adet konutun ihalesini yapacak. Her zaman orta s\u0131n\u0131f car gelrili vatanda\u015flar\u0131n yan\u0131nda olan\u00a0Toplu Konut \u0130daresi Ba\u015fkanl\u0131\u011f\u0131 2019 y\u0131l\u0131nda da vatanda\u015flar\u0131 ev sahibi yapmak i\u00e7in \u00e7abalar\u0131na devam edecek.\u00a0 TOK\u0130\u00a0(Toplu Konut \u0130daresi) Ba\u015fkan\u0131 \u00d6mer Bulut, \u00c7evre ve \u015eehircilik Bakan\u0131 [&hellip;]<\/p>\n","protected":false},"author":1,"featured_media":23638,"comment_status":"open","ping_status":"open","sticky":false,"template":"","format":"standard","meta":{"ngg_post_thumbnail":0},"categories":[5388],"tags":[450,12848,2548,2891],"_links":{"self":[{"href":"https:\/\/emlaktuel.com\/index.php?rest_route=\/wp\/v2\/posts\/26375"}],"collection":[{"href":"https:\/\/emlaktuel.com\/index.php?rest_route=\/wp\/v2\/posts"}],"about":[{"href":"https:\/\/emlaktuel.com\/index.php?rest_route=\/wp\/v2\/types\/post"}],"author":[{"embeddable":true,"href":"https:\/\/emlaktuel.com\/index.php?rest_route=\/wp\/v2\/users\/1"}],"replies":[{"embeddable":true,"href":"https:\/\/emlaktuel.com\/index.php?rest_route=%2Fwp%2Fv2%2Fcomments&post=26375"}],"version-history":[{"count":2,"href":"https:\/\/emlaktuel.com\/index.php?rest_route=\/wp\/v2\/posts\/26375\/revisions"}],"predecessor-version":[{"id":26385,"href":"https:\/\/emlaktuel.com\/index.php?rest_route=\/wp\/v2\/posts\/26375\/revisions\/26385"}],"wp:featuredmedia":[{"embeddable":true,"href":"https:\/\/emlaktuel.com\/index.php?rest_route=\/wp\/v2\/media\/23638"}],"wp:attachment":[{"href":"https:\/\/emlaktuel.com\/index.php?rest_route=%2Fwp%2Fv2%2Fmedia&parent=26375"}],"wp:term":[{"taxonomy":"category","embeddable":true,"href":"https:\/\/emlaktuel.com\/index.php?rest_route=%2Fwp%2Fv2%2Fcategories&post=26375"},{"taxonomy":"post_tag","embeddable":true,"href":"https:\/\/emlaktuel.com\/index.php?rest_route=%2Fwp%2Fv2%2Ftags&post=26375"}],"curies":[{"name":"wp","href":"https:\/\/api.w.org\/{rel}","templated":true}]}}