{"id":26279,"date":"2019-01-06T12:04:09","date_gmt":"2019-01-06T09:04:09","guid":{"rendered":"https:\/\/emlaktuel.com\/?p=26279"},"modified":"2019-01-06T12:07:01","modified_gmt":"2019-01-06T09:07:01","slug":"adnan-polat-akli-olan-gayrimenkule-yatirim-yapar","status":"publish","type":"post","link":"https:\/\/emlaktuel.com\/?p=26279","title":{"rendered":"Adnan Polat: Akl\u0131 olan gayrimenkule yat\u0131r\u0131m yapar"},"content":{"rendered":"<p><b>Polat Holding Y\u00f6netim Kurulu Ba\u015fkan\u0131 Adnan Polat, \u00fclke genelinde in\u015faat sekt\u00f6r\u00fcn\u00fcn en b\u00fcy\u00fck probleminin nakit dengesinde bozulma oldu\u011funu ve ilerisi i\u00e7in &#8216;Ak\u0131ll\u0131 olan gayrimenkule yat\u0131r\u0131m yapar&#8217; dedi.<\/b><\/p>\n<p><a href=\"http:\/\/www.nef.com.tr\/konut-kampanyalari\/yil-sonu-kampanyasi?utm_medium=advertorial&amp;utm_source=emlaktuel&amp;utm_campaign=098-kampanyasi-17520632\"><img loading=\"lazy\" class=\"aligncenter size-full wp-image-26255\" src=\"https:\/\/emlaktuel.com\/wp-content\/uploads\/2019\/01\/300x250.gif\" alt=\"\" width=\"300\" height=\"250\" \/><\/a><\/p>\n<h2>2018&#8217;de hedeflerimize ula\u015ft\u0131k<\/h2>\n<p>Adnan Polat bu sene turizm ve sanayi sekt\u00f6r\u00fcnde firmalar\u0131n\u0131n d\u00f6viz girdisi oldu\u011funda bir s\u0131k\u0131nt\u0131 ya\u015famaklar\u0131n\u0131 fakat d\u00f6viz kuru ve faizlerde ki ya\u015fanan ani y\u00fckselmenin konut fiyatlar\u0131na yans\u0131t\u0131lamamas\u0131 ile konuta olan talebin azalmas\u0131 sebebi ile gayrimenkul taraf\u0131nda olan d\u00fc\u015f\u00fcn\u00fclen beklentinin k\u00f6t\u00fc y\u00f6nde etkilendi\u011fini s\u00f6yledi. Polat, Polat grup olarak, 2018 i\u00e7in belirlemi\u015f olduklar\u0131 hedeflerini yakalad\u0131klar\u0131n\u0131, hatta baz\u0131 \u015firketlerinde ise belirlenen hedefin \u00fcst\u00fcne \u00e7\u0131kt\u0131klar\u0131n\u0131 s\u00f6yledi.<\/p>\n<p>Adnan Polat, &#8216;Grubumuz 2018&#8217;de toplam ciro olarak yakla\u015f\u0131k 2,4 milyar TL oldu. Tabii ki \u00f6zellikle sanayi \u00fcr\u00fcn ihracat\u0131 ile turizm gelirlerimizin ciromuzda b\u00fcy\u00fck katk\u0131s\u0131 oldu\u011funu s\u00f6yleyebiliriz. 2019 hedefimizde ciromuzun 2,9 milyar TL civar\u0131nda olmas\u0131n\u0131 bekliyoruz&#8221; \u015feklinde a\u00e7\u0131klama yapt\u0131.<\/p>\n<div class=\"post-content\">\n<p>Yenilenebilir enerji yat\u0131r\u0131mlar\u0131<br \/>\n2019 i\u00e7in enflasyonu g\u00f6z \u00f6n\u00fcnde bulunduran bir b\u00fcy\u00fcme hedeflerinin oldu\u011funu s\u00f6yleyen Polat, b\u00fct\u00e7elerini de buna g\u00f6re haz\u0131rlad\u0131klar\u0131n\u0131 belirtti. Polat, &#8220;2019&#8217;da ba\u015flad\u0131\u011f\u0131m\u0131z i\u015fleri bitirmeye \u00e7al\u0131\u015faca\u011f\u0131z. Enerjide yenilenebilir enerji yat\u0131r\u0131mlar\u0131m\u0131za yurt i\u00e7inde ve yurt d\u0131\u015f\u0131nda devam ediyoruz. R\u00fczgar enerjisinde 7 farkl\u0131 sahada kazand\u0131\u011f\u0131m\u0131z 462,9 megavatl\u0131k kapasite i\u00e7in \u00e7al\u0131\u015fmalar\u0131m\u0131z\u0131 s\u00fcrd\u00fcr\u00fcyoruz ki bu a\u015fa\u011f\u0131 yukar\u0131 500 milyon dolarl\u0131k bir yat\u0131r\u0131m demek. Ayr\u0131ca, \u015fu anda elimizde lisanslar\u0131 olan 200 megavatl\u0131k bir kapasitemiz var. Bununla birlikte 2019&#8217;da enerjide toplam 700 milyon dolarl\u0131k bir yat\u0131r\u0131m planl\u0131yoruz&#8221; \u015feklinde konu\u015ftu.<\/p>\n<p>Y\u0131llard\u0131r enerjinin yerli kaynaklardan temin edilmesini savundu\u011funu vurgulayan Polat, r\u00fczgar ve g\u00fcne\u015f enerjisinde h\u0131z\u0131n kesildi\u011fini, yeniden ayn\u0131 temponun yakalanmas\u0131 gerekti\u011fini belirtti. Almanya ile T\u00fcrkiye&#8217;nin ayn\u0131 d\u00f6nemde g\u00fcne\u015f ve r\u00fczgar enerjisi yat\u0131r\u0131mlar\u0131n ba\u015fland\u0131\u011f\u0131n\u0131 s\u00f6yleyen Polat, Almanya&#8217;n\u0131n, g\u00fcne\u015f kapasitesinin daha az olmas\u0131na kar\u015f\u0131n \u015fu anda \u00e7ok daha iyi konumda bulundu\u011funu s\u00f6yledi.<\/p>\n<h2>&#8221;220 daireyi teslim ettik&#8221;<\/h2>\n<p>2018&#8217;de Piyalepa\u015fa \u0130stanbul&#8217;da 220 daireyi teslim ettiklerini, aral\u0131k ay\u0131 i\u00e7inde 190 dairenin daha teslimat\u0131n\u0131n ger\u00e7ekle\u015ftirildi\u011fini belirten Adnan Polat, \u00a0&#8220;2019&#8217;da Piyalepa\u015fa \u0130stanbul projesinin ilk iki etab\u0131 olmak \u00fczere konut k\u0131sm\u0131n\u0131 tamamen bitirmeyi d\u00fc\u015f\u00fcn\u00fcyoruz. \u00dc\u00e7\u00fcnc\u00fc etab\u0131 da 2020&#8217;de bitirmeyi planl\u0131yoruz.&#8221; diye konu\u015ftu.<\/p>\n<p>Sanayi taraf\u0131nda modernizasyon yat\u0131r\u0131mlar\u0131 yapt\u0131klar\u0131n\u0131, turizmde otellerin tamamen yenilenmi\u015f vaziyette oldu\u011funu s\u00f6yleyen Polat, \u015fu a\u00e7\u0131klamalarda bulundu:<\/p>\n<p>&#8220;2018&#8217;de planlad\u0131klar\u0131m\u0131z\u0131 a\u015fa\u011f\u0131 yukar\u0131 yapt\u0131k ama \u00f6n\u00fcm\u00fczdeki 6 ay\u0131n se\u00e7imlerden dolay\u0131 sakin ge\u00e7ece\u011fini d\u00fc\u015f\u00fcn\u00fcyoruz. H\u00fck\u00fcmetimizin yeni y\u0131lda alaca\u011f\u0131 ekonomik kararlar, a\u00e7\u0131k\u00e7as\u0131 2019&#8217;da bizim yol haritam\u0131z\u0131 g\u00f6sterecek. 2019&#8217;da mevcudu ve ba\u015flad\u0131\u011f\u0131m\u0131z i\u015fleri bitirip biraz da \u00f6n\u00fcm\u00fcz\u00fc g\u00f6rd\u00fckten sonra yeni yat\u0131r\u0131mlar yapmay\u0131 planl\u0131yoruz. Yani 2019&#8217;da amac\u0131m\u0131z, mevcudu sa\u011fl\u0131kl\u0131 bir \u015fekilde yara almadan ileriye g\u00f6t\u00fcrmek.&#8221;<\/p>\n<p>\u00dcretim \u015firketlerinde teknolojik yenilenmeye y\u00f6nelik yat\u0131r\u0131mlar yapmaya devam edeceklerini, bu yat\u0131r\u0131mlar\u0131n tamam\u0131n\u0131n mevcut tesislerin verimlili\u011fini art\u0131r\u0131c\u0131 y\u00f6nde olaca\u011f\u0131n\u0131 s\u00f6yleyen Polat, &#8220;Fabrikalar\u0131m\u0131z\u0131 geli\u015ftirmek, teknolojiyi y\u00fckseltmek amac\u0131yla bizim a\u00e7\u0131m\u0131zdan b\u00fcy\u00fck say\u0131lmayacak yat\u0131r\u0131mlar yapmaya devam edece\u011fiz ancak bu yat\u0131r\u0131mlar kapasite art\u0131r\u0131c\u0131 olmaktan \u00e7ok kalite art\u0131\u015f\u0131na, verimlilik ve \u00fcr\u00fcn segment de\u011fi\u015fikli\u011fine y\u00f6nelik yat\u0131r\u0131mlar olacak.&#8221; dedi.<\/p>\n<h2>&#8221;Bankalar\u0131n elinde yar\u0131m kalan \u00e7ok say\u0131da gayrimenkul olabilir&#8221;<\/h2>\n<p>Konut sekt\u00f6r\u00fc a\u00e7\u0131s\u0131ndan i\u00e7in 2018&#8217;in, beklentilerin alt\u0131nda bir y\u0131l oldu\u011funu belirten Polat Holding Y\u00f6netim Kurulu Ba\u015fkan\u0131 Polat, her \u015feye ra\u011fmen gayrimenkulde konut sat\u0131\u015f\u0131 a\u00e7\u0131s\u0131ndan bir \u00f6nceki y\u0131l ile hemen hemen ayn\u0131 rakamlara ula\u015f\u0131laca\u011f\u0131n\u0131 ya da bu rakamlar\u0131n \u00e7ok az gerisinde kal\u0131nabilece\u011fini kaydetti.<\/p>\n<p>Ancak esas sorunun bu olmad\u0131\u011f\u0131n\u0131 belirten Polat, &#8220;Son 5-6 ayda sat\u0131\u015flar\u0131n azalmas\u0131 ve nakit ak\u0131\u015f dengesinin bozulmas\u0131, gayrimenkul sekt\u00f6r\u00fcn\u00fc zorlad\u0131. B\u00fct\u00fcn in\u015faat sekt\u00f6r\u00fcndeki en b\u00fcy\u00fck problem \u015fu anda nakit dengesinin ve gelir ve gider dengesinin bozulmas\u0131. Bunun i\u00e7in bu i\u015fi ciddi olarak yapan firmalara muhakkak ki bankalar\u0131n destek vermesi laz\u0131m. Yoksa bankalar\u0131n elinde yar\u0131m kalan \u00e7ok say\u0131da gayrimenkul olabilir&#8221; a\u00e7\u0131klamas\u0131nda bulundu.<\/p>\n<p>Gayrimenkul sekt\u00f6r\u00fcn bir\u00e7ok sekt\u00f6rle ba\u011flant\u0131l\u0131 oldu\u011funu s\u00f6yleyen Polat, yakla\u015f\u0131k olarak 200 sekt\u00f6r\u00fc etkiledi\u011fini ve bir \u00e7ok say\u0131da insana istihdam verdi\u011fini s\u00f6yleyen Adnan Polat, &#8216;Sekt\u00f6r\u00fcn ayakta durabilmesi i\u00e7in k\u00f6t\u00fc gidi\u015fe mahal vermemek i\u00e7n, hem bankalar\u0131n \u00e7ok daha destek vermesi hem de h\u00fck\u00fcmetimizin bu konuda sekt\u00f6r\u00fc desteklemesi gerekiyor. Ak\u0131ll\u0131 olan \u015fu d\u00f6nemde ihtiyac\u0131 varsa veya yat\u0131r\u0131m yapay\u0131 d\u00fc\u015f\u00fcn\u00fcyorsa gayrimenkule y\u00f6nelir. Biz bunlar\u0131 ya\u015fad\u0131\u011f\u0131m\u0131z zaman 100 liral de\u011feri olan bir mal 50 liraya sat\u0131l\u0131yor. Bug\u00fcn gayrimenkul alan 2 sene sonras\u0131nda 100 liraya satabiliyor. Bu, yat\u0131r\u0131mc\u0131 i\u00e7in hem g\u00fczel bir f\u0131rsat hem de bir iyi bir imkan. Bunu kullanmalar\u0131 laz\u0131m. Benim arzu etti\u011fim; faiz ve enflasyonun d\u00fc\u015fmesi, d\u00f6vizin TL kar\u015f\u0131s\u0131nda fazla de\u011fer kazanmamas\u0131 ve T\u00fcrkiye&#8217;de ekonomik istikrar\u0131n olmas\u0131d\u0131r. \u0130stikrar\u0131n olu\u015fmas\u0131 gerekl ki biz de \u00f6n\u00fcm\u00fcz\u00fc g\u00f6r\u00fcp buna g\u00f6re gelecekle ilgili plan yapal\u0131m.&#8221; \u015feklinde konu\u015ftu.<\/p>\n<h2>Bu zamanda \u00e7al\u0131\u015ft\u0131racak iyi ta\u015feronlar bulmak zor<\/h2>\n<p>Piyalepa\u015fa \u0130stanbul projesinde sat\u0131\u015flar\u0131na devam ettiklerini s\u00f6yleyen Adnan Polat, &#8216;Bu zamanda bu konuyu iyi de\u011ferlendiren gelir daire sat\u0131n al\u0131r. Tavsiye ediyorum. Konuta yat\u0131r\u0131m yapmalar\u0131 laz\u0131m, art\u0131k daha ucuz konut bulamazlar.&#8221; dedi.<\/p>\n<p>Piyalepa\u015fa \u0130stanbul projesinde konut sat\u0131\u015flar\u0131nda y\u00fczde 60 ilerleme yakalad\u0131k diyen Polat, imalat taraf\u0131nda da y\u00fczde 50 oran\u0131 yakalad\u0131klar\u0131n\u0131 s\u00f6yledi.<\/p>\n<p>Adnan Polat, \u015f\u00f6yle devam etti: \u015eu zamanda sadece gayrimenkul sekt\u00f6r\u00fcnde de\u011fil, her sekt\u00f6rde ta\u015feronlarla ilgili s\u0131k\u0131nt\u0131 var. Ta\u015feronlar tek firmayla i\u015f yapm\u0131yorlar, \u00e7al\u0131\u015ft\u0131klar\u0131, hizmet verdikleri onlarca b\u00fcy\u00fck iyi firmalar, markalar var. Ta\u015feronlar\u0131n i\u015f yapt\u0131\u011f\u0131 birka\u00e7 firmada s\u0131k\u0131nt\u0131 oldu\u011fu zaman, do\u011fal olarak bu bizim ta\u015feronumuza da yans\u0131yor. Bu sefer ta\u015feron sizin yapt\u0131\u011f\u0131n\u0131z \u00f6demenin bir k\u0131sm\u0131n\u0131 di\u011fer tarafa kayd\u0131r\u0131yor ve o vakit sizin i\u015finizde aksamaya ba\u015fl\u0131yor. A\u00e7\u0131k\u00e7as\u0131 \u015fu anda \u00e7al\u0131\u015ft\u0131racak iyi ta\u015feron bulmak biraz zor. Biz de \u00e7ok say\u0131da ta\u015feronla i\u015f yap\u0131yoruz. Bu ta\u015feronlar\u0131n \u00e7o\u011fu elbette ki iyi ta\u015feronlar fakat i\u00e7inde bulundu\u011fumuz konjonkt\u00fcrden dolay\u0131 zorlanan ta\u015feronlar\u0131m\u0131z da yok de\u011fil. Hatta baz\u0131 i\u015fleri sadece ta\u015feronla de\u011fil, biz kendimiz par\u00e7a par\u00e7a yapmaya ba\u015flad\u0131k art\u0131k. Bildi\u011finiz gibi son zamanlarda \u00e7ok say\u0131da konkordato ilan eden firma oldu. Bu s\u0131k\u0131nt\u0131lar\u0131n \u00fcstesinden gelmek i\u00e7in kaynak aktarmak gerekiyor.<\/p>\n<\/div>\n<div class=\"post-tags-box\">\n<ul class=\"tags-box\">\n<li><\/li>\n<\/ul>\n<\/div>\n","protected":false},"excerpt":{"rendered":"<p>Polat Holding Y\u00f6netim Kurulu Ba\u015fkan\u0131 Adnan Polat, \u00fclke genelinde in\u015faat sekt\u00f6r\u00fcn\u00fcn en b\u00fcy\u00fck probleminin nakit dengesinde bozulma oldu\u011funu ve ilerisi i\u00e7in &#8216;Ak\u0131ll\u0131 olan gayrimenkule yat\u0131r\u0131m yapar&#8217; dedi. 2018&#8217;de hedeflerimize ula\u015ft\u0131k Adnan Polat bu sene turizm ve sanayi sekt\u00f6r\u00fcnde firmalar\u0131n\u0131n d\u00f6viz girdisi oldu\u011funda bir s\u0131k\u0131nt\u0131 ya\u015famaklar\u0131n\u0131 fakat d\u00f6viz kuru ve faizlerde ki ya\u015fanan ani y\u00fckselmenin konut [&hellip;]<\/p>\n","protected":false},"author":1,"featured_media":11252,"comment_status":"open","ping_status":"open","sticky":false,"template":"","format":"standard","meta":{"ngg_post_thumbnail":0},"categories":[5388],"tags":[12465,1353,12805,6474],"_links":{"self":[{"href":"https:\/\/emlaktuel.com\/index.php?rest_route=\/wp\/v2\/posts\/26279"}],"collection":[{"href":"https:\/\/emlaktuel.com\/index.php?rest_route=\/wp\/v2\/posts"}],"about":[{"href":"https:\/\/emlaktuel.com\/index.php?rest_route=\/wp\/v2\/types\/post"}],"author":[{"embeddable":true,"href":"https:\/\/emlaktuel.com\/index.php?rest_route=\/wp\/v2\/users\/1"}],"replies":[{"embeddable":true,"href":"https:\/\/emlaktuel.com\/index.php?rest_route=%2Fwp%2Fv2%2Fcomments&post=26279"}],"version-history":[{"count":2,"href":"https:\/\/emlaktuel.com\/index.php?rest_route=\/wp\/v2\/posts\/26279\/revisions"}],"predecessor-version":[{"id":26281,"href":"https:\/\/emlaktuel.com\/index.php?rest_route=\/wp\/v2\/posts\/26279\/revisions\/26281"}],"wp:featuredmedia":[{"embeddable":true,"href":"https:\/\/emlaktuel.com\/index.php?rest_route=\/wp\/v2\/media\/11252"}],"wp:attachment":[{"href":"https:\/\/emlaktuel.com\/index.php?rest_route=%2Fwp%2Fv2%2Fmedia&parent=26279"}],"wp:term":[{"taxonomy":"category","embeddable":true,"href":"https:\/\/emlaktuel.com\/index.php?rest_route=%2Fwp%2Fv2%2Fcategories&post=26279"},{"taxonomy":"post_tag","embeddable":true,"href":"https:\/\/emlaktuel.com\/index.php?rest_route=%2Fwp%2Fv2%2Ftags&post=26279"}],"curies":[{"name":"wp","href":"https:\/\/api.w.org\/{rel}","templated":true}]}}